{"id":57679,"date":"2015-05-05T09:19:13","date_gmt":"2015-05-05T12:19:13","guid":{"rendered":"http:\/\/www.eltrabajo.cl\/portal\/?p=57679"},"modified":"2015-05-05T09:19:13","modified_gmt":"2015-05-05T12:19:13","slug":"circo-las-montini-fue-expulsado-de-san-esteban-por-alcalde-mardones","status":"publish","type":"post","link":"https:\/\/eltrabajo.cl\/portal\/circo-las-montini-fue-expulsado-de-san-esteban-por-alcalde-mardones\/","title":{"rendered":"Circo Las Montini fue expulsado de San Esteban por Alcalde Mardones"},"content":{"rendered":"<figure id=\"attachment_57680\" aria-describedby=\"caption-attachment-57680\" style=\"width: 400px\" class=\"wp-caption alignleft\"><a href=\"https:\/\/i0.wp.com\/www.eltrabajo.cl\/portal\/wp-content\/uploads\/2015\/05\/montini.jpg\"><img data-recalc-dims=\"1\" loading=\"lazy\" decoding=\"async\" class=\"wp-image-57680\" src=\"https:\/\/i0.wp.com\/www.eltrabajo.cl\/portal\/wp-content\/uploads\/2015\/05\/montini.jpg?resize=400%2C263\" alt=\"Jairo Ruiz Manzo, Maranahta Monsalves Estrada y Jocelyn G\u00e1lvez Monsalves, relataron la humillaci\u00f3n sufrida en San Esteban.\" width=\"400\" height=\"263\" srcset=\"https:\/\/i0.wp.com\/eltrabajo.cl\/portal\/wp-content\/uploads\/2015\/05\/montini.jpg?w=530&amp;ssl=1 530w, https:\/\/i0.wp.com\/eltrabajo.cl\/portal\/wp-content\/uploads\/2015\/05\/montini.jpg?resize=200%2C132&amp;ssl=1 200w, https:\/\/i0.wp.com\/eltrabajo.cl\/portal\/wp-content\/uploads\/2015\/05\/montini.jpg?resize=300%2C198&amp;ssl=1 300w, https:\/\/i0.wp.com\/eltrabajo.cl\/portal\/wp-content\/uploads\/2015\/05\/montini.jpg?resize=150%2C99&amp;ssl=1 150w, https:\/\/i0.wp.com\/eltrabajo.cl\/portal\/wp-content\/uploads\/2015\/05\/montini.jpg?resize=400%2C263&amp;ssl=1 400w\" sizes=\"auto, (max-width: 400px) 100vw, 400px\" \/><\/a><figcaption id=\"caption-attachment-57680\" class=\"wp-caption-text\">Jairo Ruiz Manzo, Maranahta Monsalves Estrada y Jocelyn G\u00e1lvez Monsalves, relataron la humillaci\u00f3n sufrida en San Esteban.<\/figcaption><\/figure>\n<p>Profundamente humilladas y dolidas, y con la impotencia de quien tiene que someterse a decisiones supuestamente arbitrarias de quien ostenta el poder, en este caso del Alcalde de San Esteban, Ren\u00e9 Mardones, se manifestaron representantes del Circo \u2018Las Montini\u2019 que nos visitaron para denunciar p\u00fablicamente el trato despectivo e inhumano que habr\u00eda tenido Mardones para con las nueve familias del circo, un total de 55 personas, 20 de ellos ni\u00f1os, quienes se vieron afectados por la decisi\u00f3n para ellos inexplicable del edil.<br \/>\nSe trata de Maranahta Monsalves Estrada, Jocelyn G\u00e1lvez Monsalves y Jairo Ruiz Manzo, hija, nieta y nieto respectivamente de Fernando Monsalves Lagos, propietario del emblem\u00e1tico Circo Las Montini, el cual en los \u00faltimos a\u00f1os estuvo bastante ligado a los medios de comunicaci\u00f3n nacionales, primero por su participaci\u00f3n en la producci\u00f3n de Televisi\u00f3n Nacional de Chile y su teleserie \u2018El Circo de las Montini\u2019, donde no solo prestaron el nombre sino que adem\u00e1s la mayor\u00eda de ellos hizo de extras; y posteriormente por su aparici\u00f3n en los noticieros tras el grave traspi\u00e9 que sufrieron el 27 de febrero de 2010, cuando se encontraban en la localidad de Iloca y el tsunami arras\u00f3 con la carpa, con las 12 casas rodantes y con todo el circo pr\u00e1cticamente, aunque por fortuna no se registraron v\u00edctimas fatales. Solo la ayuda de otros circos, el importante apoyo de la familia Fuentes Gasca, de Felipe Cubillos y de TVN permitieron que el circo pudiera continuar con la funci\u00f3n.<br \/>\nFue as\u00ed como recorriendo el pa\u00eds llegaron hasta el valle de Aconcagua, donde tuvieron una excelente acogida del pueblo y las autoridades de Santa Mar\u00eda, de Putaendo, Rinconada de Los Andes, Llay Llay&#8230; hasta que llegaron a San Esteban.<br \/>\nSeg\u00fan explica Maranahta, ellos llegaron el martes 21 de abril a San Esteban, habiendo obtenido los permisos municipales una semana antes para realizar funciones los d\u00edas 24, 25 y 26 de abril en el Parque La Ermita de San Esteban. Lamentablemente, en la v\u00edspera del debut, el jueves 23, muere uno de sus integrantes, Jorge V\u00e1squez Rampez, de 69 a\u00f1os, payaso plenamente vigente y parte del espect\u00e1culo, lo que los obliga a cancelar las funciones, debiendo viajar a Curacav\u00ed donde se realiz\u00f3 el funeral el domingo 26.<br \/>\nCon todo el desgaste an\u00edmico y econ\u00f3mico por el funeral, el lunes 27 acuden al municipio para renovar el permiso y cumplir aquello de que la \u00abfunci\u00f3n debe continuar\u00bb, pero el encargado les dice que no se preocupen, que utilicen el permiso anterior por el cual ya hab\u00edan pagado y que no pudieron usar por estar de duelo, situaci\u00f3n que todos sab\u00edan y que nadie pondr\u00eda objeciones. No obstante, el mi\u00e9rcoles 29, hasta el circo llega otro funcionario municipal quien les pide explicaciones por el da\u00f1o a un tubo met\u00e1lico utilizado al parecer como tensor de cables el\u00e9ctricos, el cual por accidente se da\u00f1\u00f3 por un cami\u00f3n ligado al circo, el cual reparar\u00edan antes de marcharse. No obstante, el funcionario se retira y al rato despu\u00e9s regresa solo su chofer, quien les entrega una suerte de notificaci\u00f3n para que se retiren, confeccionada en una boleta de infracciones adaptada para el efecto, donde en letra casi ilegible se lee algo m\u00e1s o menos como que deben \u00abretirarse dentro de 48 horas\u00bb, sin dar ning\u00fan motivo ni explicaci\u00f3n, ya que donde deber\u00eda explicar la infracci\u00f3n en la cual han sido supuestamente sorprendidos, solo dice \u00ababandonar el parque dentro de 48 horas\u00bb. Es decir, por razones que ignoran, el Alcalde Mardones los obligaba a retirarse antes del debut previsto para el viernes 1\u00ba de mayo.<br \/>\nJocelyn G\u00e1lvez, con l\u00e1grimas en los ojos, nos cuenta que al otro d\u00eda, jueves 30, acudieron a suplicar al alcalde que los dejara actuar, esperaban explicarle los apuros econ\u00f3micos por los que atravesaban, pero Ren\u00e9 Mardones los habr\u00eda echado sin dejarlos siquiera hablar, expuls\u00e1ndolos como a perros, en un tono totalmente despectivo, orden\u00e1ndoles: \u00ab Se me van de la comuna\u00bb, y record\u00e1ndoles que ya les quedaban menos de las 48 horas para abandonar San Esteban.<br \/>\nEl trato recibido por el edil, aseguran desde el circo, no se condice con el que debiera tener una autoridad municipal, un alcalde, el cual no solo les impidi\u00f3 realizar las funciones, sino que adem\u00e1s los humill\u00f3 gratuitamente y por alguna raz\u00f3n que hasta el d\u00eda de hoy no se pueden explicar.<br \/>\nDiario El Trabajo intent\u00f3 contactarse con el Alcalde Ren\u00e9 Mardones durante la tarde de ayer, pero lamentablemente, quiz\u00e1s por la hora (16,30), el tel\u00e9fono de la municipalidad era contestado por una grabadora que invitaba a esperar en l\u00ednea si no conoc\u00eda el anexo, pero la espera terminaba sin que alguien contestara.<br \/>\n<strong>Marco A. Juri<\/strong><\/p>\n<div class=\"tiled-gallery type-rectangular tiled-gallery-unresized\" data-original-width=\"640\" data-carousel-extra='null' itemscope itemtype=\"http:\/\/schema.org\/ImageGallery\" > <div class=\"gallery-row\" style=\"width: 640px; height: 284px;\" data-original-width=\"640\" data-original-height=\"284\" > <div class=\"gallery-group images-1\" style=\"width: 427px; height: 284px;\" data-original-width=\"427\" data-original-height=\"284\" > <div class=\"tiled-gallery-item tiled-gallery-item-large\" itemprop=\"associatedMedia\" itemscope itemtype=\"http:\/\/schema.org\/ImageObject\"> <a href=\"https:\/\/eltrabajo.cl\/portal\/circo-las-montini-fue-expulsado-de-san-esteban-por-alcalde-mardones\/montini-fierro\/\" border=\"0\" itemprop=\"url\"> <meta itemprop=\"width\" content=\"423\"> <meta itemprop=\"height\" content=\"280\"> <img decoding=\"async\" class=\"\" data-attachment-id=\"57682\" data-orig-file=\"https:\/\/eltrabajo.cl\/portal\/wp-content\/uploads\/2015\/05\/montini-fierro.jpg\" data-orig-size=\"530,350\" data-comments-opened=\"1\" data-image-meta=\"{&quot;aperture&quot;:&quot;0&quot;,&quot;credit&quot;:&quot;&quot;,&quot;camera&quot;:&quot;&quot;,&quot;caption&quot;:&quot;&quot;,&quot;created_timestamp&quot;:&quot;0&quot;,&quot;copyright&quot;:&quot;&quot;,&quot;focal_length&quot;:&quot;0&quot;,&quot;iso&quot;:&quot;0&quot;,&quot;shutter_speed&quot;:&quot;0&quot;,&quot;title&quot;:&quot;&quot;,&quot;orientation&quot;:&quot;0&quot;}\" data-image-title=\"montini fierro\" data-image-description=\"&lt;p&gt;Al fondo, el tubo met\u00e1lico que se da\u00f1\u00f3 y que habr\u00eda causado la furia del alcalde sanestebino. &lt;\/p&gt; \" data-medium-file=\"https:\/\/i0.wp.com\/eltrabajo.cl\/portal\/wp-content\/uploads\/2015\/05\/montini-fierro.jpg?fit=300%2C198&#038;ssl=1\" data-large-file=\"https:\/\/i0.wp.com\/eltrabajo.cl\/portal\/wp-content\/uploads\/2015\/05\/montini-fierro.jpg?fit=530%2C350&#038;ssl=1\" src=\"https:\/\/i0.wp.com\/eltrabajo.cl\/portal\/wp-content\/uploads\/2015\/05\/montini-fierro.jpg?w=423&#038;h=280&#038;ssl=1\" srcset=\"https:\/\/i0.wp.com\/eltrabajo.cl\/portal\/wp-content\/uploads\/2015\/05\/montini-fierro.jpg?w=530&amp;ssl=1 530w, https:\/\/i0.wp.com\/eltrabajo.cl\/portal\/wp-content\/uploads\/2015\/05\/montini-fierro.jpg?resize=200%2C132&amp;ssl=1 200w, https:\/\/i0.wp.com\/eltrabajo.cl\/portal\/wp-content\/uploads\/2015\/05\/montini-fierro.jpg?resize=300%2C198&amp;ssl=1 300w, https:\/\/i0.wp.com\/eltrabajo.cl\/portal\/wp-content\/uploads\/2015\/05\/montini-fierro.jpg?resize=150%2C99&amp;ssl=1 150w, https:\/\/i0.wp.com\/eltrabajo.cl\/portal\/wp-content\/uploads\/2015\/05\/montini-fierro.jpg?resize=400%2C264&amp;ssl=1 400w\" width=\"423\" height=\"280\" loading=\"lazy\" data-original-width=\"423\" data-original-height=\"280\" itemprop=\"http:\/\/schema.org\/image\" title=\"montini fierro\" alt=\"Al fondo, el tubo met\u00e1lico que se da\u00f1\u00f3 y que habr\u00eda causado la furia del alcalde sanestebino.\" style=\"width: 423px; height: 280px;\" \/> <\/a> <div class=\"tiled-gallery-caption\" itemprop=\"caption description\"> Al fondo, el tubo met\u00e1lico que se da\u00f1\u00f3 y que habr\u00eda causado la furia del alcalde sanestebino. <\/div> <\/div> <\/div> <!-- close group --> <div class=\"gallery-group images-2\" style=\"width: 213px; height: 284px;\" data-original-width=\"213\" data-original-height=\"284\" > <div class=\"tiled-gallery-item tiled-gallery-item-small\" itemprop=\"associatedMedia\" itemscope itemtype=\"http:\/\/schema.org\/ImageObject\"> <a href=\"https:\/\/eltrabajo.cl\/portal\/circo-las-montini-fue-expulsado-de-san-esteban-por-alcalde-mardones\/montini-permiso\/\" border=\"0\" itemprop=\"url\"> <meta itemprop=\"width\" content=\"209\"> <meta itemprop=\"height\" content=\"138\"> <img decoding=\"async\" class=\"\" data-attachment-id=\"57684\" data-orig-file=\"https:\/\/eltrabajo.cl\/portal\/wp-content\/uploads\/2015\/05\/montini-permiso.jpg\" data-orig-size=\"530,350\" data-comments-opened=\"1\" data-image-meta=\"{&quot;aperture&quot;:&quot;0&quot;,&quot;credit&quot;:&quot;&quot;,&quot;camera&quot;:&quot;&quot;,&quot;caption&quot;:&quot;&quot;,&quot;created_timestamp&quot;:&quot;0&quot;,&quot;copyright&quot;:&quot;&quot;,&quot;focal_length&quot;:&quot;0&quot;,&quot;iso&quot;:&quot;0&quot;,&quot;shutter_speed&quot;:&quot;0&quot;,&quot;title&quot;:&quot;&quot;,&quot;orientation&quot;:&quot;0&quot;}\" data-image-title=\"montini permiso\" data-image-description=\"&lt;p&gt;El permiso fue obtenido el 15 de abril, una semana antes de su llegada a San Esteban, de donde guardan p\u00e9simos recuerdos de su alcalde.&lt;\/p&gt; \" data-medium-file=\"https:\/\/i0.wp.com\/eltrabajo.cl\/portal\/wp-content\/uploads\/2015\/05\/montini-permiso.jpg?fit=300%2C198&#038;ssl=1\" data-large-file=\"https:\/\/i0.wp.com\/eltrabajo.cl\/portal\/wp-content\/uploads\/2015\/05\/montini-permiso.jpg?fit=530%2C350&#038;ssl=1\" src=\"https:\/\/i0.wp.com\/eltrabajo.cl\/portal\/wp-content\/uploads\/2015\/05\/montini-permiso.jpg?w=209&#038;h=138&#038;ssl=1\" srcset=\"https:\/\/i0.wp.com\/eltrabajo.cl\/portal\/wp-content\/uploads\/2015\/05\/montini-permiso.jpg?w=530&amp;ssl=1 530w, https:\/\/i0.wp.com\/eltrabajo.cl\/portal\/wp-content\/uploads\/2015\/05\/montini-permiso.jpg?resize=200%2C132&amp;ssl=1 200w, https:\/\/i0.wp.com\/eltrabajo.cl\/portal\/wp-content\/uploads\/2015\/05\/montini-permiso.jpg?resize=300%2C198&amp;ssl=1 300w, https:\/\/i0.wp.com\/eltrabajo.cl\/portal\/wp-content\/uploads\/2015\/05\/montini-permiso.jpg?resize=150%2C99&amp;ssl=1 150w, https:\/\/i0.wp.com\/eltrabajo.cl\/portal\/wp-content\/uploads\/2015\/05\/montini-permiso.jpg?resize=400%2C264&amp;ssl=1 400w\" width=\"209\" height=\"138\" loading=\"lazy\" data-original-width=\"209\" data-original-height=\"138\" itemprop=\"http:\/\/schema.org\/image\" title=\"montini permiso\" alt=\"El permiso fue obtenido el 15 de abril, una semana antes de su llegada a San Esteban, de donde guardan p\u00e9simos recuerdos de su alcalde.\" style=\"width: 209px; height: 138px;\" \/> <\/a> <div class=\"tiled-gallery-caption\" itemprop=\"caption description\"> El permiso fue obtenido el 15 de abril, una semana antes de su llegada a San Esteban, de donde guardan p\u00e9simos recuerdos de su alcalde. <\/div> <\/div> <div class=\"tiled-gallery-item tiled-gallery-item-small\" itemprop=\"associatedMedia\" itemscope itemtype=\"http:\/\/schema.org\/ImageObject\"> <a href=\"https:\/\/eltrabajo.cl\/portal\/circo-las-montini-fue-expulsado-de-san-esteban-por-alcalde-mardones\/montini-notifica\/\" border=\"0\" itemprop=\"url\"> <meta itemprop=\"width\" content=\"209\"> <meta itemprop=\"height\" content=\"138\"> <img decoding=\"async\" class=\"\" data-attachment-id=\"57683\" data-orig-file=\"https:\/\/eltrabajo.cl\/portal\/wp-content\/uploads\/2015\/05\/montini-notifica.jpg\" data-orig-size=\"530,350\" data-comments-opened=\"1\" data-image-meta=\"{&quot;aperture&quot;:&quot;0&quot;,&quot;credit&quot;:&quot;&quot;,&quot;camera&quot;:&quot;&quot;,&quot;caption&quot;:&quot;&quot;,&quot;created_timestamp&quot;:&quot;0&quot;,&quot;copyright&quot;:&quot;&quot;,&quot;focal_length&quot;:&quot;0&quot;,&quot;iso&quot;:&quot;0&quot;,&quot;shutter_speed&quot;:&quot;0&quot;,&quot;title&quot;:&quot;&quot;,&quot;orientation&quot;:&quot;0&quot;}\" data-image-title=\"montini notifica\" data-image-description=\"&lt;p&gt;La notificaci\u00f3n fue confeccionada en una hoja de infracciones, orden\u00e1ndoles abandonar la comuna pero sin explicar la causa de esa decisi\u00f3n.&lt;\/p&gt; \" data-medium-file=\"https:\/\/i0.wp.com\/eltrabajo.cl\/portal\/wp-content\/uploads\/2015\/05\/montini-notifica.jpg?fit=300%2C198&#038;ssl=1\" data-large-file=\"https:\/\/i0.wp.com\/eltrabajo.cl\/portal\/wp-content\/uploads\/2015\/05\/montini-notifica.jpg?fit=530%2C350&#038;ssl=1\" src=\"https:\/\/i0.wp.com\/eltrabajo.cl\/portal\/wp-content\/uploads\/2015\/05\/montini-notifica.jpg?w=209&#038;h=138&#038;ssl=1\" srcset=\"https:\/\/i0.wp.com\/eltrabajo.cl\/portal\/wp-content\/uploads\/2015\/05\/montini-notifica.jpg?w=530&amp;ssl=1 530w, https:\/\/i0.wp.com\/eltrabajo.cl\/portal\/wp-content\/uploads\/2015\/05\/montini-notifica.jpg?resize=200%2C132&amp;ssl=1 200w, https:\/\/i0.wp.com\/eltrabajo.cl\/portal\/wp-content\/uploads\/2015\/05\/montini-notifica.jpg?resize=300%2C198&amp;ssl=1 300w, https:\/\/i0.wp.com\/eltrabajo.cl\/portal\/wp-content\/uploads\/2015\/05\/montini-notifica.jpg?resize=150%2C99&amp;ssl=1 150w, https:\/\/i0.wp.com\/eltrabajo.cl\/portal\/wp-content\/uploads\/2015\/05\/montini-notifica.jpg?resize=400%2C264&amp;ssl=1 400w\" width=\"209\" height=\"138\" loading=\"lazy\" data-original-width=\"209\" data-original-height=\"138\" itemprop=\"http:\/\/schema.org\/image\" title=\"montini notifica\" alt=\"La notificaci\u00f3n fue confeccionada en una hoja de infracciones, orden\u00e1ndoles abandonar la comuna pero sin explicar la causa de esa decisi\u00f3n.\" style=\"width: 209px; height: 138px;\" \/> <\/a> <div class=\"tiled-gallery-caption\" itemprop=\"caption description\"> La notificaci\u00f3n fue confeccionada en una hoja de infracciones, orden\u00e1ndoles abandonar la comuna pero sin explicar la causa de esa decisi\u00f3n. <\/div> <\/div> <\/div> <!-- close group --> <\/div> <!-- close row --> <\/div>\n","protected":false},"excerpt":{"rendered":"<p>Profundamente humilladas y dolidas, y con la impotencia de quien tiene que someterse a decisiones supuestamente arbitrarias de quien ostenta el poder, en este caso del Alcalde de San Esteban, Ren\u00e9 Mardones,&#8230;<\/p>\n","protected":false},"author":482,"featured_media":57680,"comment_status":"open","ping_status":"open","sticky":false,"template":"","format":"standard","meta":{"advanced_seo_description":"","jetpack_seo_html_title":"","jetpack_seo_noindex":false,"_jetpack_memberships_contains_paid_content":false,"footnotes":""},"categories":[15],"tags":[],"class_list":["post-57679","post","type-post","status-publish","format-standard","has-post-thumbnail","hentry","category-comunidad"],"jetpack_featured_media_url":"https:\/\/i0.wp.com\/eltrabajo.cl\/portal\/wp-content\/uploads\/2015\/05\/montini.jpg?fit=530%2C349&ssl=1","jetpack_sharing_enabled":true,"jetpack_likes_enabled":true,"jetpack-related-posts":[],"_links":{"self":[{"href":"https:\/\/eltrabajo.cl\/portal\/wp-json\/wp\/v2\/posts\/57679","targetHints":{"allow":["GET"]}}],"collection":[{"href":"https:\/\/eltrabajo.cl\/portal\/wp-json\/wp\/v2\/posts"}],"about":[{"href":"https:\/\/eltrabajo.cl\/portal\/wp-json\/wp\/v2\/types\/post"}],"author":[{"embeddable":true,"href":"https:\/\/eltrabajo.cl\/portal\/wp-json\/wp\/v2\/users\/482"}],"replies":[{"embeddable":true,"href":"https:\/\/eltrabajo.cl\/portal\/wp-json\/wp\/v2\/comments?post=57679"}],"version-history":[{"count":0,"href":"https:\/\/eltrabajo.cl\/portal\/wp-json\/wp\/v2\/posts\/57679\/revisions"}],"wp:featuredmedia":[{"embeddable":true,"href":"https:\/\/eltrabajo.cl\/portal\/wp-json\/wp\/v2\/media\/57680"}],"wp:attachment":[{"href":"https:\/\/eltrabajo.cl\/portal\/wp-json\/wp\/v2\/media?parent=57679"}],"wp:term":[{"taxonomy":"category","embeddable":true,"href":"https:\/\/eltrabajo.cl\/portal\/wp-json\/wp\/v2\/categories?post=57679"},{"taxonomy":"post_tag","embeddable":true,"href":"https:\/\/eltrabajo.cl\/portal\/wp-json\/wp\/v2\/tags?post=57679"}],"curies":[{"name":"wp","href":"https:\/\/api.w.org\/{rel}","templated":true}]}}