{"id":57705,"date":"2015-05-06T09:27:33","date_gmt":"2015-05-06T12:27:33","guid":{"rendered":"http:\/\/www.eltrabajo.cl\/portal\/?p=57705"},"modified":"2015-05-07T10:12:37","modified_gmt":"2015-05-07T13:12:37","slug":"motociclista-resulto-herido-por-evitar-colision-con-animales-en-carretera-putaendo-cabildo","status":"publish","type":"post","link":"https:\/\/eltrabajo.cl\/portal\/motociclista-resulto-herido-por-evitar-colision-con-animales-en-carretera-putaendo-cabildo\/","title":{"rendered":"Motociclista herido al evitar colisi\u00f3n con animales en ruta Putaendo \u2013 Cabildo"},"content":{"rendered":"<figure id=\"attachment_57706\" aria-describedby=\"caption-attachment-57706\" style=\"width: 530px\" class=\"wp-caption alignnone\"><a href=\"https:\/\/i0.wp.com\/www.eltrabajo.cl\/portal\/wp-content\/uploads\/2015\/05\/ACCIDENTE-EL-MANZANO-1.jpg\"><img data-recalc-dims=\"1\" loading=\"lazy\" decoding=\"async\" class=\"size-full wp-image-57706\" src=\"https:\/\/i0.wp.com\/www.eltrabajo.cl\/portal\/wp-content\/uploads\/2015\/05\/ACCIDENTE-EL-MANZANO-1.jpg?resize=530%2C348\" alt=\"El accidente se produjo a la altura del kil\u00f3metro 42 de la carretera Putaendo \u2013 Cabildo.\" width=\"530\" height=\"348\" srcset=\"https:\/\/i0.wp.com\/eltrabajo.cl\/portal\/wp-content\/uploads\/2015\/05\/ACCIDENTE-EL-MANZANO-1.jpg?w=530&amp;ssl=1 530w, https:\/\/i0.wp.com\/eltrabajo.cl\/portal\/wp-content\/uploads\/2015\/05\/ACCIDENTE-EL-MANZANO-1.jpg?resize=200%2C131&amp;ssl=1 200w, https:\/\/i0.wp.com\/eltrabajo.cl\/portal\/wp-content\/uploads\/2015\/05\/ACCIDENTE-EL-MANZANO-1.jpg?resize=300%2C197&amp;ssl=1 300w, https:\/\/i0.wp.com\/eltrabajo.cl\/portal\/wp-content\/uploads\/2015\/05\/ACCIDENTE-EL-MANZANO-1.jpg?resize=150%2C98&amp;ssl=1 150w, https:\/\/i0.wp.com\/eltrabajo.cl\/portal\/wp-content\/uploads\/2015\/05\/ACCIDENTE-EL-MANZANO-1.jpg?resize=400%2C263&amp;ssl=1 400w\" sizes=\"auto, (max-width: 530px) 100vw, 530px\" \/><\/a><figcaption id=\"caption-attachment-57706\" class=\"wp-caption-text\">El accidente se produjo a la altura del kil\u00f3metro 42 de la carretera Putaendo \u2013 Cabildo.<\/figcaption><\/figure>\n<p><strong>PUTAENDO<\/strong>.- Un motociclista que se dirig\u00eda desde Putaendo hacia Cabildo result\u00f3 con lesiones de consideraci\u00f3n luego que cayera desde su veh\u00edculo por evitar una colisi\u00f3n con animales que atravesaban la carretera E-41.<br \/>\nEl accidente se registr\u00f3 aproximadamente a eso de las 19:00 horas a la altura del kil\u00f3metro 42 de la carretera Putaendo \u2013 Cabildo, y seg\u00fan confirm\u00f3 Carabineros, cuando Carlos de Jes\u00fas Cifuentes Rodr\u00edguez, de 68 a\u00f1os de edad, domiciliado en Guzmanes, transitaba por la ruta E-41 en direcci\u00f3n a Cabildo y tras pasar una curva se encontr\u00f3 repentinamente con un grupo de cabras que atravesaban la carretera, y producto de la oscuridad no alcanz\u00f3 a advertirlas con anticipaci\u00f3n, por lo que bruscamente fren\u00f3 su motocicleta cayendo al piso.<\/p>\n<figure id=\"attachment_57707\" aria-describedby=\"caption-attachment-57707\" style=\"width: 400px\" class=\"wp-caption alignright\"><a href=\"https:\/\/i0.wp.com\/www.eltrabajo.cl\/portal\/wp-content\/uploads\/2015\/05\/ACCIDENTE-EL-MANZANO-2.jpg\"><img data-recalc-dims=\"1\" loading=\"lazy\" decoding=\"async\" class=\"wp-image-57707\" src=\"https:\/\/i0.wp.com\/www.eltrabajo.cl\/portal\/wp-content\/uploads\/2015\/05\/ACCIDENTE-EL-MANZANO-2.jpg?resize=400%2C263\" alt=\"El accidentado motociclista fue identificado como Carlos de Jes\u00fas Cifuentes Rodr\u00edguez, de 68 a\u00f1os, quien result\u00f3 con lesiones de car\u00e1cter menos graves.\" width=\"400\" height=\"263\" srcset=\"https:\/\/i0.wp.com\/eltrabajo.cl\/portal\/wp-content\/uploads\/2015\/05\/ACCIDENTE-EL-MANZANO-2.jpg?w=530&amp;ssl=1 530w, https:\/\/i0.wp.com\/eltrabajo.cl\/portal\/wp-content\/uploads\/2015\/05\/ACCIDENTE-EL-MANZANO-2.jpg?resize=200%2C131&amp;ssl=1 200w, https:\/\/i0.wp.com\/eltrabajo.cl\/portal\/wp-content\/uploads\/2015\/05\/ACCIDENTE-EL-MANZANO-2.jpg?resize=300%2C197&amp;ssl=1 300w, https:\/\/i0.wp.com\/eltrabajo.cl\/portal\/wp-content\/uploads\/2015\/05\/ACCIDENTE-EL-MANZANO-2.jpg?resize=150%2C98&amp;ssl=1 150w, https:\/\/i0.wp.com\/eltrabajo.cl\/portal\/wp-content\/uploads\/2015\/05\/ACCIDENTE-EL-MANZANO-2.jpg?resize=400%2C263&amp;ssl=1 400w\" sizes=\"auto, (max-width: 400px) 100vw, 400px\" \/><\/a><figcaption id=\"caption-attachment-57707\" class=\"wp-caption-text\">El accidentado motociclista fue identificado como Carlos de Jes\u00fas Cifuentes Rodr\u00edguez, de 68 a\u00f1os, quien result\u00f3 con lesiones de car\u00e1cter menos graves.<\/figcaption><\/figure>\n<p>Un bus con trabajadores agr\u00edcolas que se dirig\u00eda hacia Guzmanes se detuvo y fueron los primeros en auxiliar al accidentado motociclista, quien qued\u00f3 tendido en medio de la calzada mientras se esperaba el arribo de personal de Bomberos de Putaendo, quienes lo inmovilizaron y entregaron a una ambulancia municipal de Cabildo, que lo traslad\u00f3 hasta esa comuna, aparentemente y en forma preliminar con lesiones de car\u00e1cter menos grave, pero fuera de riesgo vital.<br \/>\nHasta el lugar de la emergencia se trasladaron Bomberos de Putaendo y Cabildo, adem\u00e1s de una ambulancia del Samu junto con Carabineros de Guzmanes, quienes finalmente entregaron el procedimiento a sus pares de Cabildo, ya que el accidente se registr\u00f3 en jurisdicci\u00f3n de esa comuna.<br \/>\n<strong>Patricio Gallardo M.<\/strong><\/p>\n","protected":false},"excerpt":{"rendered":"<p>PUTAENDO.- Un motociclista que se dirig\u00eda desde Putaendo hacia Cabildo result\u00f3 con lesiones de consideraci\u00f3n luego que cayera desde su veh\u00edculo por evitar una colisi\u00f3n con animales que atravesaban la carretera E-41&#8230;.<\/p>\n","protected":false},"author":482,"featured_media":57706,"comment_status":"open","ping_status":"open","sticky":false,"template":"","format":"standard","meta":{"advanced_seo_description":"","jetpack_seo_html_title":"","jetpack_seo_noindex":false,"_jetpack_memberships_contains_paid_content":false,"footnotes":""},"categories":[21],"tags":[],"class_list":["post-57705","post","type-post","status-publish","format-standard","has-post-thumbnail","hentry","category-policial"],"jetpack_featured_media_url":"https:\/\/i0.wp.com\/eltrabajo.cl\/portal\/wp-content\/uploads\/2015\/05\/ACCIDENTE-EL-MANZANO-1.jpg?fit=530%2C348&ssl=1","jetpack_sharing_enabled":true,"jetpack_likes_enabled":true,"jetpack-related-posts":[],"_links":{"self":[{"href":"https:\/\/eltrabajo.cl\/portal\/wp-json\/wp\/v2\/posts\/57705","targetHints":{"allow":["GET"]}}],"collection":[{"href":"https:\/\/eltrabajo.cl\/portal\/wp-json\/wp\/v2\/posts"}],"about":[{"href":"https:\/\/eltrabajo.cl\/portal\/wp-json\/wp\/v2\/types\/post"}],"author":[{"embeddable":true,"href":"https:\/\/eltrabajo.cl\/portal\/wp-json\/wp\/v2\/users\/482"}],"replies":[{"embeddable":true,"href":"https:\/\/eltrabajo.cl\/portal\/wp-json\/wp\/v2\/comments?post=57705"}],"version-history":[{"count":0,"href":"https:\/\/eltrabajo.cl\/portal\/wp-json\/wp\/v2\/posts\/57705\/revisions"}],"wp:featuredmedia":[{"embeddable":true,"href":"https:\/\/eltrabajo.cl\/portal\/wp-json\/wp\/v2\/media\/57706"}],"wp:attachment":[{"href":"https:\/\/eltrabajo.cl\/portal\/wp-json\/wp\/v2\/media?parent=57705"}],"wp:term":[{"taxonomy":"category","embeddable":true,"href":"https:\/\/eltrabajo.cl\/portal\/wp-json\/wp\/v2\/categories?post=57705"},{"taxonomy":"post_tag","embeddable":true,"href":"https:\/\/eltrabajo.cl\/portal\/wp-json\/wp\/v2\/tags?post=57705"}],"curies":[{"name":"wp","href":"https:\/\/api.w.org\/{rel}","templated":true}]}}