{"id":57731,"date":"2015-05-07T09:29:14","date_gmt":"2015-05-07T12:29:14","guid":{"rendered":"http:\/\/www.eltrabajo.cl\/portal\/?p=57731"},"modified":"2015-05-07T10:09:25","modified_gmt":"2015-05-07T13:09:25","slug":"fundacion-vamos-que-se-puede-entrego-sillas-de-ruedas-al-psiquiatrico","status":"publish","type":"post","link":"https:\/\/eltrabajo.cl\/portal\/fundacion-vamos-que-se-puede-entrego-sillas-de-ruedas-al-psiquiatrico\/","title":{"rendered":"Fundaci\u00f3n \u2018Vamos Que Se Puede\u2019 dona sillas de ruedas al psiqui\u00e1trico"},"content":{"rendered":"<figure id=\"attachment_57732\" aria-describedby=\"caption-attachment-57732\" style=\"width: 530px\" class=\"wp-caption alignnone\"><a href=\"https:\/\/i0.wp.com\/www.eltrabajo.cl\/portal\/wp-content\/uploads\/2015\/05\/entrega-silla-de-ruedas.jpg\"><img data-recalc-dims=\"1\" loading=\"lazy\" decoding=\"async\" class=\"size-full wp-image-57732\" src=\"https:\/\/i0.wp.com\/www.eltrabajo.cl\/portal\/wp-content\/uploads\/2015\/05\/entrega-silla-de-ruedas.jpg?resize=530%2C350\" alt=\"En la entrega de las sillas de ruedas estuvo presente el Director del hospital acompa\u00f1ado de funcionarios y pacientes del recinto hospitalario, adem\u00e1s de Cecilia Villalobos y Juan Carlos Monasterio de la Fundaci\u00f3n \u2018Vamos Que Se Puede\u2019 .\" width=\"530\" height=\"350\" srcset=\"https:\/\/i0.wp.com\/eltrabajo.cl\/portal\/wp-content\/uploads\/2015\/05\/entrega-silla-de-ruedas.jpg?w=530&amp;ssl=1 530w, https:\/\/i0.wp.com\/eltrabajo.cl\/portal\/wp-content\/uploads\/2015\/05\/entrega-silla-de-ruedas.jpg?resize=200%2C132&amp;ssl=1 200w, https:\/\/i0.wp.com\/eltrabajo.cl\/portal\/wp-content\/uploads\/2015\/05\/entrega-silla-de-ruedas.jpg?resize=300%2C198&amp;ssl=1 300w, https:\/\/i0.wp.com\/eltrabajo.cl\/portal\/wp-content\/uploads\/2015\/05\/entrega-silla-de-ruedas.jpg?resize=150%2C99&amp;ssl=1 150w, https:\/\/i0.wp.com\/eltrabajo.cl\/portal\/wp-content\/uploads\/2015\/05\/entrega-silla-de-ruedas.jpg?resize=400%2C264&amp;ssl=1 400w\" sizes=\"auto, (max-width: 530px) 100vw, 530px\" \/><\/a><figcaption id=\"caption-attachment-57732\" class=\"wp-caption-text\">En la entrega de las sillas de ruedas estuvo presente el Director del hospital acompa\u00f1ado de funcionarios y pacientes del recinto hospitalario, adem\u00e1s de Cecilia Villalobos y Juan Carlos Monasterio de la Fundaci\u00f3n \u2018Vamos Que Se Puede\u2019 .<\/figcaption><\/figure>\n<p>Seis sillas de ruedas fueron entregadas al hospital psiqui\u00e1trico Dr. Philippe Pinel por parte de la fundaci\u00f3n \u2018Vamos Que Se Puede\u2019, que es comandada por el Senador Francisco Chahu\u00e1n. Para que se pudiera concretar este importante aporte se realiz\u00f3 una gran gesti\u00f3n por parte de Juan Carlos Monasterio y la agrupaci\u00f3n Luz Crepuscular, encabezada por Cecilia Villalobos.<br \/>\nA la entrega realizada en las instalaciones del recinto hospitalario, en representaci\u00f3n del Senador Chahu\u00e1n lleg\u00f3 Juan Carlos Monasterio quien hizo la entrega de esta importante donaci\u00f3n para los pacientes del psiqui\u00e1trico ubicado en Putaendo.<br \/>\n\u00abSiempre es importante aportar a la sociedad civil, el grupo de personas de la agrupaci\u00f3n Luz Crepuscular son muy comprometidas con los usuarios del hospital y la verdad estamos muy contentos en poder hacer esta entrega y esperamos seguir trabajando con Cecilia Villalobos quien ha sido cabeza de esta gesti\u00f3n\u00bb, destac\u00f3 Juan Carlos Monasterio.<br \/>\nLas sillas fueron entregadas al director del hospital, Jaime Retamal, quien se mostr\u00f3 muy agradecido con este aporte, adem\u00e1s a la entrega llegaron pacientes acompa\u00f1ados por la sub directora administrativa Danitza Collao y la jefa del \u00e1rea de sicogeriatr\u00eda, Cecilia Luhr.<br \/>\n\u00abEl Senador Francisco Chahu\u00e1n no pudo asistir a entregar directamente las sillas, debido a que se encuentra en Holanda, en el tribunal de La Haya siendo parte de la comitiva chilena en la demanda mar\u00edtima, ya que el Senador es el presidente de la comisi\u00f3n de Relaciones Exteriores, pero se mostr\u00f3 feliz en poder seguir apoyando al valle de Aconcagua\u00bb, expres\u00f3 Monasterio.<br \/>\nEl aporte de estas seis sillas de ruedas por parte de la fundaci\u00f3n Vamos Que Se Puede tiene una gran importancia para los pacientes del hospital psiqui\u00e1trico debido a que estos aportes para la movilizaci\u00f3n tienen costo elevado en el mercado y vendr\u00e1n en ayuda de la gran cantidad de internos del Philippe Pinel.<br \/>\nCabe mencionar que esta entrega de las sillas de ruedas se enmarca dentro de las actividades que mensualmente se realizan por parte de Monasterio y la agrupaci\u00f3n Luz Crepuscular para los pacientes del recinto de salud mental, siempre con la idea de poder mejorar sus condiciones de vida y sacarlos de la rutina diaria en su rehabilitaci\u00f3n.<\/p>\n","protected":false},"excerpt":{"rendered":"<p>Seis sillas de ruedas fueron entregadas al hospital psiqui\u00e1trico Dr. Philippe Pinel por parte de la fundaci\u00f3n \u2018Vamos Que Se Puede\u2019, que es comandada por el Senador Francisco Chahu\u00e1n. Para que se&#8230;<\/p>\n","protected":false},"author":482,"featured_media":57732,"comment_status":"open","ping_status":"open","sticky":false,"template":"","format":"standard","meta":{"advanced_seo_description":"","jetpack_seo_html_title":"","jetpack_seo_noindex":false,"_jetpack_memberships_contains_paid_content":false,"footnotes":""},"categories":[1],"tags":[],"class_list":["post-57731","post","type-post","status-publish","format-standard","has-post-thumbnail","hentry","category-cronica"],"jetpack_featured_media_url":"https:\/\/i0.wp.com\/eltrabajo.cl\/portal\/wp-content\/uploads\/2015\/05\/entrega-silla-de-ruedas.jpg?fit=530%2C350&ssl=1","jetpack_sharing_enabled":true,"jetpack_likes_enabled":true,"jetpack-related-posts":[],"_links":{"self":[{"href":"https:\/\/eltrabajo.cl\/portal\/wp-json\/wp\/v2\/posts\/57731","targetHints":{"allow":["GET"]}}],"collection":[{"href":"https:\/\/eltrabajo.cl\/portal\/wp-json\/wp\/v2\/posts"}],"about":[{"href":"https:\/\/eltrabajo.cl\/portal\/wp-json\/wp\/v2\/types\/post"}],"author":[{"embeddable":true,"href":"https:\/\/eltrabajo.cl\/portal\/wp-json\/wp\/v2\/users\/482"}],"replies":[{"embeddable":true,"href":"https:\/\/eltrabajo.cl\/portal\/wp-json\/wp\/v2\/comments?post=57731"}],"version-history":[{"count":0,"href":"https:\/\/eltrabajo.cl\/portal\/wp-json\/wp\/v2\/posts\/57731\/revisions"}],"wp:featuredmedia":[{"embeddable":true,"href":"https:\/\/eltrabajo.cl\/portal\/wp-json\/wp\/v2\/media\/57732"}],"wp:attachment":[{"href":"https:\/\/eltrabajo.cl\/portal\/wp-json\/wp\/v2\/media?parent=57731"}],"wp:term":[{"taxonomy":"category","embeddable":true,"href":"https:\/\/eltrabajo.cl\/portal\/wp-json\/wp\/v2\/categories?post=57731"},{"taxonomy":"post_tag","embeddable":true,"href":"https:\/\/eltrabajo.cl\/portal\/wp-json\/wp\/v2\/tags?post=57731"}],"curies":[{"name":"wp","href":"https:\/\/api.w.org\/{rel}","templated":true}]}}