{"id":57759,"date":"2015-05-08T09:33:19","date_gmt":"2015-05-08T12:33:19","guid":{"rendered":"http:\/\/www.eltrabajo.cl\/portal\/?p=57759"},"modified":"2015-05-08T09:33:19","modified_gmt":"2015-05-08T12:33:19","slug":"adultos-mayores-cateminos-recibieron-pases-para-locomocion-colectiva","status":"publish","type":"post","link":"https:\/\/eltrabajo.cl\/portal\/adultos-mayores-cateminos-recibieron-pases-para-locomocion-colectiva\/","title":{"rendered":"Adultos mayores cateminos recibieron pases para locomoci\u00f3n colectiva"},"content":{"rendered":"<figure id=\"attachment_57760\" aria-describedby=\"caption-attachment-57760\" style=\"width: 530px\" class=\"wp-caption alignnone\"><a href=\"https:\/\/i0.wp.com\/www.eltrabajo.cl\/portal\/wp-content\/uploads\/2015\/05\/pase-Catemu-2.jpg\"><img data-recalc-dims=\"1\" loading=\"lazy\" decoding=\"async\" class=\"size-full wp-image-57760\" src=\"https:\/\/i0.wp.com\/www.eltrabajo.cl\/portal\/wp-content\/uploads\/2015\/05\/pase-Catemu-2.jpg?resize=530%2C349\" alt=\"Gran cantidad de adultos mayores cateminos participaron de la ceremonia de entrega de pases escolares precedida por el Alcalde Boris Luksic.\" width=\"530\" height=\"349\" srcset=\"https:\/\/i0.wp.com\/eltrabajo.cl\/portal\/wp-content\/uploads\/2015\/05\/pase-Catemu-2.jpg?w=530&amp;ssl=1 530w, https:\/\/i0.wp.com\/eltrabajo.cl\/portal\/wp-content\/uploads\/2015\/05\/pase-Catemu-2.jpg?resize=200%2C132&amp;ssl=1 200w, https:\/\/i0.wp.com\/eltrabajo.cl\/portal\/wp-content\/uploads\/2015\/05\/pase-Catemu-2.jpg?resize=300%2C198&amp;ssl=1 300w, https:\/\/i0.wp.com\/eltrabajo.cl\/portal\/wp-content\/uploads\/2015\/05\/pase-Catemu-2.jpg?resize=150%2C99&amp;ssl=1 150w, https:\/\/i0.wp.com\/eltrabajo.cl\/portal\/wp-content\/uploads\/2015\/05\/pase-Catemu-2.jpg?resize=400%2C263&amp;ssl=1 400w\" sizes=\"auto, (max-width: 530px) 100vw, 530px\" \/><\/a><figcaption id=\"caption-attachment-57760\" class=\"wp-caption-text\">Gran cantidad de adultos mayores cateminos participaron de la ceremonia de entrega de pases escolares precedida por el Alcalde Boris Luksic.<\/figcaption><\/figure>\n<p><strong>CATEMU.-<\/strong> En una sencilla ceremonia se realiz\u00f3 la entrega de pases para rebaja en la locomoci\u00f3n colectiva a los adultos mayores de la comuna, en el frontis del municipio.<br \/>\nDicha ceremonia estuvo encabezada por el Alcalde Boris Luksic y asistieron los concejales de la comuna Claudio N\u00fa\u00f1ez, Aurora Medina, Carlos Meneses y Jos\u00e9 Vergara; adem\u00e1s de representantes de las empresas de transporte colectivo de la zona.<br \/>\nUna gran cantidad de adultos mayores asistieron a esta entrega de pases que los beneficia hace ya 15 a\u00f1os, con un descuento en el valor del pasaje de locomoci\u00f3n colectiva.<br \/>\nEste a\u00f1o hubo un total de 350 inscritos a la fecha, y se estar\u00e1n inscribiendo durante lo que queda de esta semana para obtener el beneficio, que tiene por requisito tener m\u00e1s de 60 a\u00f1os y cancelar un monto de 6.000 pesos.<br \/>\n\u201cEs una gran satisfacci\u00f3n contar con el apoyo de las empresas del transporte para otorgar este pasea nuestros tan queridos adultos mayores, que tanto han entregado durante sus vidas, es por ello que cualquier tipo de beneficio que exista para ellos es bien merecido\u201d, se\u00f1al\u00f3 Boris Luksic.<\/p>\n","protected":false},"excerpt":{"rendered":"<p>CATEMU.- En una sencilla ceremonia se realiz\u00f3 la entrega de pases para rebaja en la locomoci\u00f3n colectiva a los adultos mayores de la comuna, en el frontis del municipio. Dicha ceremonia estuvo&#8230;<\/p>\n","protected":false},"author":482,"featured_media":57760,"comment_status":"open","ping_status":"open","sticky":false,"template":"","format":"standard","meta":{"advanced_seo_description":"","jetpack_seo_html_title":"","jetpack_seo_noindex":false,"_jetpack_memberships_contains_paid_content":false,"footnotes":""},"categories":[1],"tags":[],"class_list":["post-57759","post","type-post","status-publish","format-standard","has-post-thumbnail","hentry","category-cronica"],"jetpack_featured_media_url":"https:\/\/i0.wp.com\/eltrabajo.cl\/portal\/wp-content\/uploads\/2015\/05\/pase-Catemu-2.jpg?fit=530%2C349&ssl=1","jetpack_sharing_enabled":true,"jetpack_likes_enabled":true,"jetpack-related-posts":[],"_links":{"self":[{"href":"https:\/\/eltrabajo.cl\/portal\/wp-json\/wp\/v2\/posts\/57759","targetHints":{"allow":["GET"]}}],"collection":[{"href":"https:\/\/eltrabajo.cl\/portal\/wp-json\/wp\/v2\/posts"}],"about":[{"href":"https:\/\/eltrabajo.cl\/portal\/wp-json\/wp\/v2\/types\/post"}],"author":[{"embeddable":true,"href":"https:\/\/eltrabajo.cl\/portal\/wp-json\/wp\/v2\/users\/482"}],"replies":[{"embeddable":true,"href":"https:\/\/eltrabajo.cl\/portal\/wp-json\/wp\/v2\/comments?post=57759"}],"version-history":[{"count":0,"href":"https:\/\/eltrabajo.cl\/portal\/wp-json\/wp\/v2\/posts\/57759\/revisions"}],"wp:featuredmedia":[{"embeddable":true,"href":"https:\/\/eltrabajo.cl\/portal\/wp-json\/wp\/v2\/media\/57760"}],"wp:attachment":[{"href":"https:\/\/eltrabajo.cl\/portal\/wp-json\/wp\/v2\/media?parent=57759"}],"wp:term":[{"taxonomy":"category","embeddable":true,"href":"https:\/\/eltrabajo.cl\/portal\/wp-json\/wp\/v2\/categories?post=57759"},{"taxonomy":"post_tag","embeddable":true,"href":"https:\/\/eltrabajo.cl\/portal\/wp-json\/wp\/v2\/tags?post=57759"}],"curies":[{"name":"wp","href":"https:\/\/api.w.org\/{rel}","templated":true}]}}