{"id":57768,"date":"2015-05-08T09:39:34","date_gmt":"2015-05-08T12:39:34","guid":{"rendered":"http:\/\/www.eltrabajo.cl\/portal\/?p=57768"},"modified":"2015-05-08T09:39:34","modified_gmt":"2015-05-08T12:39:34","slug":"ubican-a-san-felipe-en-lugar-55-a-nivel-nacional-en-indice-de-calidad-de-vida-urbana","status":"publish","type":"post","link":"https:\/\/eltrabajo.cl\/portal\/ubican-a-san-felipe-en-lugar-55-a-nivel-nacional-en-indice-de-calidad-de-vida-urbana\/","title":{"rendered":"Ubican a San Felipe en lugar 55 a nivel nacional en \u00edndice de Calidad de Vida Urbana"},"content":{"rendered":"<p>&nbsp;<\/p>\n<figure id=\"attachment_57769\" aria-describedby=\"caption-attachment-57769\" style=\"width: 300px\" class=\"wp-caption alignleft\"><a href=\"https:\/\/i0.wp.com\/www.eltrabajo.cl\/portal\/wp-content\/uploads\/2015\/05\/alcalde.jpg\"><img data-recalc-dims=\"1\" loading=\"lazy\" decoding=\"async\" class=\"wp-image-57769 size-medium\" src=\"https:\/\/i0.wp.com\/www.eltrabajo.cl\/portal\/wp-content\/uploads\/2015\/05\/alcalde-300x198.jpg?resize=300%2C198\" alt=\"Alcalde Patricio Freire.\" width=\"300\" height=\"198\" srcset=\"https:\/\/i0.wp.com\/eltrabajo.cl\/portal\/wp-content\/uploads\/2015\/05\/alcalde.jpg?resize=300%2C198&amp;ssl=1 300w, https:\/\/i0.wp.com\/eltrabajo.cl\/portal\/wp-content\/uploads\/2015\/05\/alcalde.jpg?resize=200%2C132&amp;ssl=1 200w, https:\/\/i0.wp.com\/eltrabajo.cl\/portal\/wp-content\/uploads\/2015\/05\/alcalde.jpg?resize=150%2C99&amp;ssl=1 150w, https:\/\/i0.wp.com\/eltrabajo.cl\/portal\/wp-content\/uploads\/2015\/05\/alcalde.jpg?resize=400%2C264&amp;ssl=1 400w, https:\/\/i0.wp.com\/eltrabajo.cl\/portal\/wp-content\/uploads\/2015\/05\/alcalde.jpg?w=530&amp;ssl=1 530w\" sizes=\"auto, (max-width: 300px) 100vw, 300px\" \/><\/a><figcaption id=\"caption-attachment-57769\" class=\"wp-caption-text\">Alcalde Patricio Freire.<\/figcaption><\/figure>\n<ul>\n<li><strong>Alcalde Freire destac\u00f3 el avance de 19 lugares que registr\u00f3 la comuna desde el a\u00f1o pasado.<\/strong><\/li>\n<\/ul>\n<p>Desde el lugar 74 al 55 avanz\u00f3 la comuna de San Felipe en el \u00edndice de Calidad de vida urbana 2015, dado a conocer este martes a nivel nacional.<br \/>\nEl estudio fue elaborado por el Instituto de estudios urbanos y territoriales de la Universidad Cat\u00f3lica y la C\u00e1mara Chilena de la Construcci\u00f3n, analizando la evoluci\u00f3n de las comunas en que viven el 85% de los chilenos.<br \/>\nLa comuna de San Felipe avanz\u00f3, entre el a\u00f1o 2014 y 2015 diecinueve lugares, quedando en el puesto 55, luego de que fueran analizados aspectos como condiciones laborales, ambiente de negocios, condiciones socioculturales, conectividad, movilidad, salud y medioambiente.<br \/>\nEl Alcalde Patricio Freire coment\u00f3 este jueves los resultados, destacando el avance que mostr\u00f3 la comuna durante el \u00faltimo a\u00f1o, luego de que el a\u00f1o 2013 tambi\u00e9n se registrara un avance de 6 puntos en el ranking a nivel nacional.<br \/>\n\u201cEsto deja en un muy buen nivel en cuanto a la percepci\u00f3n que tienen los vecinos de San Felipe respecto de la calidad de vida. Los vecinos ven que los espacios se est\u00e1n mejorando, ven como estamos generando m\u00e1s \u00e1reas verdes y tambi\u00e9n tienen claridad en cuanto a lo que se viene a futuro\u201d.<br \/>\nSeg\u00fan el jefe comunal los resultados indudablemente dan cuenta del trabajo que est\u00e1 realizando el municipio y especialmente los equipos t\u00e9cnicos que se desempe\u00f1an en los distintos departamentos, que han permitido la ejecuci\u00f3n de proyectos en beneficio de los vecinos, y entre ellos destac\u00f3 la creaci\u00f3n de \u00e1reas verdes en distintos puntos de la comuna, el mejoramiento de veredas, calles y pasajes, iniciativas que se han ejecutado con distintos financiamientos.<br \/>\n\u201cA nivel nacional estamos en el puesto 55, lo que es muy importante y nos motiva a continuar trabajando en distintos proyectos, en conjunto con los vecinos, siempre escuch\u00e1ndolos y realizando las gestiones a nivel nacional y regional para hacer realidad los sue\u00f1os de los vecinos, que en algunos casos estuvieron por muchos a\u00f1os postergados\u201d, dijo el alcalde.<br \/>\nEl edil coment\u00f3 adem\u00e1s que la comuna cuenta con una importante cantidad de proyectos inmobiliarios, que se ubicar\u00e1n en distintos sectores de San Felipe.<\/p>\n","protected":false},"excerpt":{"rendered":"<p>&nbsp; Alcalde Freire destac\u00f3 el avance de 19 lugares que registr\u00f3 la comuna desde el a\u00f1o pasado. Desde el lugar 74 al 55 avanz\u00f3 la comuna de San Felipe en el \u00edndice&#8230;<\/p>\n","protected":false},"author":482,"featured_media":57769,"comment_status":"open","ping_status":"open","sticky":false,"template":"","format":"standard","meta":{"advanced_seo_description":"","jetpack_seo_html_title":"","jetpack_seo_noindex":false,"_jetpack_memberships_contains_paid_content":false,"footnotes":""},"categories":[1],"tags":[],"class_list":["post-57768","post","type-post","status-publish","format-standard","has-post-thumbnail","hentry","category-cronica"],"jetpack_featured_media_url":"https:\/\/i0.wp.com\/eltrabajo.cl\/portal\/wp-content\/uploads\/2015\/05\/alcalde.jpg?fit=530%2C350&ssl=1","jetpack_sharing_enabled":true,"jetpack_likes_enabled":true,"jetpack-related-posts":[],"_links":{"self":[{"href":"https:\/\/eltrabajo.cl\/portal\/wp-json\/wp\/v2\/posts\/57768","targetHints":{"allow":["GET"]}}],"collection":[{"href":"https:\/\/eltrabajo.cl\/portal\/wp-json\/wp\/v2\/posts"}],"about":[{"href":"https:\/\/eltrabajo.cl\/portal\/wp-json\/wp\/v2\/types\/post"}],"author":[{"embeddable":true,"href":"https:\/\/eltrabajo.cl\/portal\/wp-json\/wp\/v2\/users\/482"}],"replies":[{"embeddable":true,"href":"https:\/\/eltrabajo.cl\/portal\/wp-json\/wp\/v2\/comments?post=57768"}],"version-history":[{"count":0,"href":"https:\/\/eltrabajo.cl\/portal\/wp-json\/wp\/v2\/posts\/57768\/revisions"}],"wp:featuredmedia":[{"embeddable":true,"href":"https:\/\/eltrabajo.cl\/portal\/wp-json\/wp\/v2\/media\/57769"}],"wp:attachment":[{"href":"https:\/\/eltrabajo.cl\/portal\/wp-json\/wp\/v2\/media?parent=57768"}],"wp:term":[{"taxonomy":"category","embeddable":true,"href":"https:\/\/eltrabajo.cl\/portal\/wp-json\/wp\/v2\/categories?post=57768"},{"taxonomy":"post_tag","embeddable":true,"href":"https:\/\/eltrabajo.cl\/portal\/wp-json\/wp\/v2\/tags?post=57768"}],"curies":[{"name":"wp","href":"https:\/\/api.w.org\/{rel}","templated":true}]}}