{"id":57778,"date":"2015-05-08T09:45:19","date_gmt":"2015-05-08T12:45:19","guid":{"rendered":"http:\/\/www.eltrabajo.cl\/portal\/?p=57778"},"modified":"2015-05-08T09:45:19","modified_gmt":"2015-05-08T12:45:19","slug":"hugo-iturrieta-jonathan-no-le-pego-a-la-sargento-y-ella-sabe-quien-fue","status":"publish","type":"post","link":"https:\/\/eltrabajo.cl\/portal\/hugo-iturrieta-jonathan-no-le-pego-a-la-sargento-y-ella-sabe-quien-fue\/","title":{"rendered":"Hugo Iturrieta: \u201cJonathan no le peg\u00f3 a la Sargento y ella sabe quien fue\u201d"},"content":{"rendered":"<figure id=\"attachment_57779\" aria-describedby=\"caption-attachment-57779\" style=\"width: 300px\" class=\"wp-caption alignleft\"><a href=\"https:\/\/i0.wp.com\/www.eltrabajo.cl\/portal\/wp-content\/uploads\/2015\/05\/Hugo-Iturrieta.jpg\"><img data-recalc-dims=\"1\" loading=\"lazy\" decoding=\"async\" class=\"wp-image-57779 size-medium\" src=\"https:\/\/i0.wp.com\/www.eltrabajo.cl\/portal\/wp-content\/uploads\/2015\/05\/Hugo-Iturrieta-300x198.jpg?resize=300%2C198\" alt=\"El testigo Hugo Iturrieta C\u00f3rdova detall\u00f3 a Diario El Trabajo los hechos ocurridos la noche del martes en el sector Parras\u00eda, acusando a Carabineros de un montaje policial.\" width=\"300\" height=\"198\" srcset=\"https:\/\/i0.wp.com\/eltrabajo.cl\/portal\/wp-content\/uploads\/2015\/05\/Hugo-Iturrieta.jpg?resize=300%2C198&amp;ssl=1 300w, https:\/\/i0.wp.com\/eltrabajo.cl\/portal\/wp-content\/uploads\/2015\/05\/Hugo-Iturrieta.jpg?resize=200%2C132&amp;ssl=1 200w, https:\/\/i0.wp.com\/eltrabajo.cl\/portal\/wp-content\/uploads\/2015\/05\/Hugo-Iturrieta.jpg?resize=150%2C99&amp;ssl=1 150w, https:\/\/i0.wp.com\/eltrabajo.cl\/portal\/wp-content\/uploads\/2015\/05\/Hugo-Iturrieta.jpg?resize=400%2C263&amp;ssl=1 400w, https:\/\/i0.wp.com\/eltrabajo.cl\/portal\/wp-content\/uploads\/2015\/05\/Hugo-Iturrieta.jpg?w=530&amp;ssl=1 530w\" sizes=\"auto, (max-width: 300px) 100vw, 300px\" \/><\/a><figcaption id=\"caption-attachment-57779\" class=\"wp-caption-text\">El testigo Hugo Iturrieta C\u00f3rdova detall\u00f3 a Diario El Trabajo los hechos ocurridos la noche del martes en el sector Parras\u00eda, acusando a Carabineros de un montaje policial.<\/figcaption><\/figure>\n<p>Un vuelco en el caso de los carabineros lesionados la noche del martes en el Block 1234 de la poblaci\u00f3n Parras\u00eda de San Felipe, podr\u00eda producirse de ser ciertas las declaraciones de un testigo presencial de los hechos, quien asegura que los imputados Jonathan Urbina Rebolledo y Rub\u00e9n Cort\u00e9s Vargas no ser\u00edan los autores de las desmedidas agresiones que sufrieron tres efectivos policiales, siendo la m\u00e1s contundente la sufrida por una Sargento que result\u00f3 apedreada en la frente.<br \/>\nHugo Antonio Iturrieta C\u00f3rdova, residente de la poblaci\u00f3n Esperanza, y que esa noche se encontraba de visita en casa de Jonathan Urbina, sostiene que los hechos se desencadenaron de otra manera y no como lo describi\u00f3 Carabineros en el parte policial, que culmin\u00f3 con tres detenidos.<br \/>\nComo se recuerda, Urbina Rebolledo, con antecedentes policiales y un anterior delito de maltrato de obra a Carabineros, fue formalizado por la Fiscal\u00eda quedando sujeto a la medida cautelar de prisi\u00f3n preventiva por un plazo de 45 d\u00edas, mientras que Rub\u00e9n Cort\u00e9s y Yaritza Pulgar Silva quedaron bajo cautelares de firma.<br \/>\nEn entrevista con Hugo Iturrieta, asever\u00f3 que los hechos no fueron tales como los describe Carabineros, sosteniendo que se tratar\u00eda de un montaje para culpar a personas que no tendr\u00edan relaci\u00f3n con los ataques que se produjeron durante el procedimiento policial la noche del pasado martes.<br \/>\n<strong>&#8211; \u00bfC\u00f3mo describe los hechos esa noche?<\/strong><br \/>\n<strong>&#8211;<\/strong> Soy testigo ocular de lo que pas\u00f3 esa noche. Carabineros dice que persigui\u00f3 a un auto por un robo; no puedo decir nada de eso porque no lo vi. Lo que pas\u00f3 en el departamento, en el block de La Parras\u00eda, lleg\u00f3 el Jonathan con su polola en el auto blanco, lo sujetaron y forcejearon entre dos funcionarios y la carabinera ataj\u00f3 a Yaritza, polola de Jonathan. Despu\u00e9s \u00e9l se zafa de Carabineros porque le rompieron la polera, sube al departamento a cambiarse y la mam\u00e1 no lo deja salir del departamento.<br \/>\n<strong>&#8211; \u00bfQu\u00e9 ocurre despu\u00e9s?<\/strong><br \/>\n<strong>&#8211;<\/strong> Me doy cuenta que una carabinero le estaba pegando a Yaritza, yo intervine y la enfrent\u00e9 diciendo que no la agrediera porque estaba embarazada. La Sargento Karina Campos agarr\u00f3 a otra ni\u00f1a y estaba con el marido de ella, no le aguant\u00f3 y pesca una piedra y m\u00e1s menos a tres metros y le dice: \u201ca mi se\u00f1ora no le vienes a pegar\u201d y le da el piedrazo en la cabeza. La carabinero sabe perfectamente qui\u00e9n fue la que la agredi\u00f3.<br \/>\nEn la Fiscal\u00eda dicen que Jonathan Urbina, dicen que le peg\u00f3 combos y palos, eso es una gran mentira, porque \u00e9l no sali\u00f3 del departamento en el momento de la agresi\u00f3n, si no que lleg\u00f3 cuando la se\u00f1orita Karina estaba sangrando, incluso yo le prest\u00e9 una toalla para que se limpiara la sangre que la tenemos todav\u00eda, dec\u00eda que no pod\u00eda ver.<br \/>\nIturrieta continu\u00f3 su relato describiendo que tras estos sucesos, un gran contingente de Carabineros concurri\u00f3 hasta el lugar de los hechos: \u201cInsultaron a la mam\u00e1 de Jonathan, la se\u00f1ora Viviana Olivares. La carabinera agredida con sangre golpeaba el departamento para que le abrieran, Viviana le respondi\u00f3 que trajera una orden de ingreso\u201d.<br \/>\nEl testigo sostiene que otros cercanos, entre ellos tres menores de edad, resultaron lesionados durante el enfrentamiento policial y que existen constataciones de lesiones emitidas desde el Hospital de Putaendo.<br \/>\n<strong>&#8211; \u00bfC\u00f3mo logran la detenci\u00f3n de Jonathan?<\/strong><br \/>\n<strong>&#8211;<\/strong> Carabineros fuerza el departamento e ingresan sin que se abriese la puerta. Sacaron a Jonathan y su polola Yaritza, los subieron al furg\u00f3n, en eso lleg\u00f3 Rub\u00e9n (implicado) y los estaba separando injustamente y lo tiran arriba del furg\u00f3n sin tener arte ni parte en eso. Jonathan no agredi\u00f3 a la se\u00f1orita Karina como ella lo dice a combos y patadas, eso es una gran mentira.<br \/>\n<strong>&#8211; \u00bfUsted podr\u00eda identificar quien agredi\u00f3 a la Sargento?<\/strong><br \/>\n<strong>&#8211;<\/strong> Identificado est\u00e1 y ellos saben perfectamente qui\u00e9n es, d\u00f3nde vive y donde estaba, porque yo mismo le dije a la Carabinero: \u201cEse muchacho fue que va subiendo al departamento\u201d. Despu\u00e9s de todo el forcejeo entre los funcionarios y civiles, el tumulto apedre\u00f3 a los furgones y los carabineros que iban en moto. Insisto, Jonathan no le peg\u00f3 a la Sargento combos y patadas en el suelo, porque \u00e9l estaba dentro del departamento con su polola y los sacaron a la fuerza y la agresi\u00f3n ya hab\u00eda sucedido.<br \/>\n<strong>&#8211; \u00bfJonathan particip\u00f3 o no en la interceptaci\u00f3n del carro policial?<\/strong><br \/>\n<strong>&#8211;<\/strong>Yo no puedo afirmar o desmentir si particip\u00f3 en la interceptaci\u00f3n del veh\u00edculo, s\u00ed puedo decir que Jonathan entra al departamento y de ah\u00ed no sali\u00f3 m\u00e1s. Yo no vengo a desprestigiar al cuerpo de Carabineros, al contrario, alabo su labor para proteger a la gente, pero de estos dos funcionarios accidentados&#8230;<br \/>\n<strong>&#8211; \u00bfPor qu\u00e9 cree que Carabineros culp\u00f3 a Jonathan?<\/strong><br \/>\n<strong>&#8211;<\/strong> Yo pienso porque \u00e9l tiene antecedentes policiales, pero \u00e9l no fue el culpable de la agresi\u00f3n y lo digo ahora y se lo puedo decir a ella, les di el nombre del verdadero agresor. Rub\u00e9n Cort\u00e9s tampoco tiene nada que ver en esto. No me gusta la mentira y menos que calumnien a la gente, si vamos hablar con la verdad, hag\u00e1moslo. Carabineros est\u00e1 haciendo un montaje, existen m\u00e1s testigos y registros de videos que se grabaron.<br \/>\n<strong>Pablo Salinas Sald\u00edas<\/strong><\/p>\n<div class=\"tiled-gallery type-rectangular tiled-gallery-unresized\" data-original-width=\"640\" data-carousel-extra='null' itemscope itemtype=\"http:\/\/schema.org\/ImageGallery\" > <div class=\"gallery-row\" style=\"width: 640px; height: 211px;\" data-original-width=\"640\" data-original-height=\"211\" > <div class=\"gallery-group images-1\" style=\"width: 320px; height: 211px;\" data-original-width=\"320\" data-original-height=\"211\" > <div class=\"tiled-gallery-item tiled-gallery-item-large\" itemprop=\"associatedMedia\" itemscope itemtype=\"http:\/\/schema.org\/ImageObject\"> <a href=\"https:\/\/eltrabajo.cl\/portal\/hugo-iturrieta-jonathan-no-le-pego-a-la-sargento-y-ella-sabe-quien-fue\/urbina-detenido-2\/\" border=\"0\" itemprop=\"url\"> <meta itemprop=\"width\" content=\"316\"> <meta itemprop=\"height\" content=\"207\"> <img decoding=\"async\" class=\"\" data-attachment-id=\"57781\" data-orig-file=\"https:\/\/eltrabajo.cl\/portal\/wp-content\/uploads\/2015\/05\/Urbina-detenido1.jpg\" data-orig-size=\"530,348\" data-comments-opened=\"1\" data-image-meta=\"{&quot;aperture&quot;:&quot;0&quot;,&quot;credit&quot;:&quot;&quot;,&quot;camera&quot;:&quot;&quot;,&quot;caption&quot;:&quot;&quot;,&quot;created_timestamp&quot;:&quot;0&quot;,&quot;copyright&quot;:&quot;&quot;,&quot;focal_length&quot;:&quot;0&quot;,&quot;iso&quot;:&quot;0&quot;,&quot;shutter_speed&quot;:&quot;0&quot;,&quot;title&quot;:&quot;&quot;,&quot;orientation&quot;:&quot;0&quot;}\" data-image-title=\"Urbina detenido\" data-image-description=\"&lt;p&gt;Jonathan Urbina Rebolledo fue formalizado por el delito de maltrato de obra de Carabineros con resultado de lesiones menos graves quedando en prisi\u00f3n preventiva por 45 d\u00edas.&lt;\/p&gt; \" data-medium-file=\"https:\/\/i0.wp.com\/eltrabajo.cl\/portal\/wp-content\/uploads\/2015\/05\/Urbina-detenido1.jpg?fit=300%2C197&#038;ssl=1\" data-large-file=\"https:\/\/i0.wp.com\/eltrabajo.cl\/portal\/wp-content\/uploads\/2015\/05\/Urbina-detenido1.jpg?fit=530%2C348&#038;ssl=1\" src=\"https:\/\/i0.wp.com\/eltrabajo.cl\/portal\/wp-content\/uploads\/2015\/05\/Urbina-detenido1.jpg?w=316&#038;h=207&#038;ssl=1\" srcset=\"https:\/\/i0.wp.com\/eltrabajo.cl\/portal\/wp-content\/uploads\/2015\/05\/Urbina-detenido1.jpg?w=530&amp;ssl=1 530w, https:\/\/i0.wp.com\/eltrabajo.cl\/portal\/wp-content\/uploads\/2015\/05\/Urbina-detenido1.jpg?resize=200%2C131&amp;ssl=1 200w, https:\/\/i0.wp.com\/eltrabajo.cl\/portal\/wp-content\/uploads\/2015\/05\/Urbina-detenido1.jpg?resize=300%2C197&amp;ssl=1 300w, https:\/\/i0.wp.com\/eltrabajo.cl\/portal\/wp-content\/uploads\/2015\/05\/Urbina-detenido1.jpg?resize=150%2C98&amp;ssl=1 150w, https:\/\/i0.wp.com\/eltrabajo.cl\/portal\/wp-content\/uploads\/2015\/05\/Urbina-detenido1.jpg?resize=400%2C263&amp;ssl=1 400w\" width=\"316\" height=\"207\" loading=\"lazy\" data-original-width=\"316\" data-original-height=\"207\" itemprop=\"http:\/\/schema.org\/image\" title=\"Urbina detenido\" alt=\"Jonathan Urbina Rebolledo fue formalizado por el delito de maltrato de obra de Carabineros con resultado de lesiones menos graves quedando en prisi\u00f3n preventiva por 45 d\u00edas.\" style=\"width: 316px; height: 207px;\" \/> <\/a> <div class=\"tiled-gallery-caption\" itemprop=\"caption description\"> Jonathan Urbina Rebolledo fue formalizado por el delito de maltrato de obra de Carabineros con resultado de lesiones menos graves quedando en prisi\u00f3n preventiva por 45 d\u00edas. <\/div> <\/div> <\/div> <!-- close group --> <div class=\"gallery-group images-1\" style=\"width: 320px; height: 211px;\" data-original-width=\"320\" data-original-height=\"211\" > <div class=\"tiled-gallery-item tiled-gallery-item-large\" itemprop=\"associatedMedia\" itemscope itemtype=\"http:\/\/schema.org\/ImageObject\"> <a href=\"https:\/\/eltrabajo.cl\/portal\/hugo-iturrieta-jonathan-no-le-pego-a-la-sargento-y-ella-sabe-quien-fue\/brazo\/\" border=\"0\" itemprop=\"url\"> <meta itemprop=\"width\" content=\"316\"> <meta itemprop=\"height\" content=\"207\"> <img decoding=\"async\" class=\"\" data-attachment-id=\"57780\" data-orig-file=\"https:\/\/eltrabajo.cl\/portal\/wp-content\/uploads\/2015\/05\/brazo.jpg\" data-orig-size=\"530,348\" data-comments-opened=\"1\" data-image-meta=\"{&quot;aperture&quot;:&quot;0&quot;,&quot;credit&quot;:&quot;&quot;,&quot;camera&quot;:&quot;&quot;,&quot;caption&quot;:&quot;&quot;,&quot;created_timestamp&quot;:&quot;0&quot;,&quot;copyright&quot;:&quot;&quot;,&quot;focal_length&quot;:&quot;0&quot;,&quot;iso&quot;:&quot;0&quot;,&quot;shutter_speed&quot;:&quot;0&quot;,&quot;title&quot;:&quot;&quot;,&quot;orientation&quot;:&quot;0&quot;}\" data-image-title=\"brazo\" data-image-description=\"&lt;p&gt;El testigo proporcion\u00f3 a nuestro medio fotograf\u00edas de menores lesionados en el enfrentamiento con Carabineros.&lt;\/p&gt; \" data-medium-file=\"https:\/\/i0.wp.com\/eltrabajo.cl\/portal\/wp-content\/uploads\/2015\/05\/brazo.jpg?fit=300%2C197&#038;ssl=1\" data-large-file=\"https:\/\/i0.wp.com\/eltrabajo.cl\/portal\/wp-content\/uploads\/2015\/05\/brazo.jpg?fit=530%2C348&#038;ssl=1\" src=\"https:\/\/i0.wp.com\/eltrabajo.cl\/portal\/wp-content\/uploads\/2015\/05\/brazo.jpg?w=316&#038;h=207&#038;ssl=1\" srcset=\"https:\/\/i0.wp.com\/eltrabajo.cl\/portal\/wp-content\/uploads\/2015\/05\/brazo.jpg?w=530&amp;ssl=1 530w, https:\/\/i0.wp.com\/eltrabajo.cl\/portal\/wp-content\/uploads\/2015\/05\/brazo.jpg?resize=200%2C131&amp;ssl=1 200w, https:\/\/i0.wp.com\/eltrabajo.cl\/portal\/wp-content\/uploads\/2015\/05\/brazo.jpg?resize=300%2C197&amp;ssl=1 300w, https:\/\/i0.wp.com\/eltrabajo.cl\/portal\/wp-content\/uploads\/2015\/05\/brazo.jpg?resize=150%2C98&amp;ssl=1 150w, https:\/\/i0.wp.com\/eltrabajo.cl\/portal\/wp-content\/uploads\/2015\/05\/brazo.jpg?resize=400%2C263&amp;ssl=1 400w\" width=\"316\" height=\"207\" loading=\"lazy\" data-original-width=\"316\" data-original-height=\"207\" itemprop=\"http:\/\/schema.org\/image\" title=\"brazo\" alt=\"El testigo proporcion\u00f3 a nuestro medio fotograf\u00edas de menores lesionados en el enfrentamiento con Carabineros.\" style=\"width: 316px; height: 207px;\" \/> <\/a> <div class=\"tiled-gallery-caption\" itemprop=\"caption description\"> El testigo proporcion\u00f3 a nuestro medio fotograf\u00edas de menores lesionados en el enfrentamiento con Carabineros. <\/div> <\/div> <\/div> <!-- close group --> <\/div> <!-- close row --> <\/div>\n","protected":false},"excerpt":{"rendered":"<p>Un vuelco en el caso de los carabineros lesionados la noche del martes en el Block 1234 de la poblaci\u00f3n Parras\u00eda de San Felipe, podr\u00eda producirse de ser ciertas las declaraciones de&#8230;<\/p>\n","protected":false},"author":482,"featured_media":57779,"comment_status":"open","ping_status":"open","sticky":false,"template":"","format":"standard","meta":{"advanced_seo_description":"","jetpack_seo_html_title":"","jetpack_seo_noindex":false,"_jetpack_memberships_contains_paid_content":false,"footnotes":""},"categories":[15],"tags":[],"class_list":["post-57778","post","type-post","status-publish","format-standard","has-post-thumbnail","hentry","category-comunidad"],"jetpack_featured_media_url":"https:\/\/i0.wp.com\/eltrabajo.cl\/portal\/wp-content\/uploads\/2015\/05\/Hugo-Iturrieta.jpg?fit=530%2C349&ssl=1","jetpack_sharing_enabled":true,"jetpack_likes_enabled":true,"jetpack-related-posts":[],"_links":{"self":[{"href":"https:\/\/eltrabajo.cl\/portal\/wp-json\/wp\/v2\/posts\/57778","targetHints":{"allow":["GET"]}}],"collection":[{"href":"https:\/\/eltrabajo.cl\/portal\/wp-json\/wp\/v2\/posts"}],"about":[{"href":"https:\/\/eltrabajo.cl\/portal\/wp-json\/wp\/v2\/types\/post"}],"author":[{"embeddable":true,"href":"https:\/\/eltrabajo.cl\/portal\/wp-json\/wp\/v2\/users\/482"}],"replies":[{"embeddable":true,"href":"https:\/\/eltrabajo.cl\/portal\/wp-json\/wp\/v2\/comments?post=57778"}],"version-history":[{"count":0,"href":"https:\/\/eltrabajo.cl\/portal\/wp-json\/wp\/v2\/posts\/57778\/revisions"}],"wp:featuredmedia":[{"embeddable":true,"href":"https:\/\/eltrabajo.cl\/portal\/wp-json\/wp\/v2\/media\/57779"}],"wp:attachment":[{"href":"https:\/\/eltrabajo.cl\/portal\/wp-json\/wp\/v2\/media?parent=57778"}],"wp:term":[{"taxonomy":"category","embeddable":true,"href":"https:\/\/eltrabajo.cl\/portal\/wp-json\/wp\/v2\/categories?post=57778"},{"taxonomy":"post_tag","embeddable":true,"href":"https:\/\/eltrabajo.cl\/portal\/wp-json\/wp\/v2\/tags?post=57778"}],"curies":[{"name":"wp","href":"https:\/\/api.w.org\/{rel}","templated":true}]}}