{"id":57816,"date":"2015-05-11T09:40:53","date_gmt":"2015-05-11T12:40:53","guid":{"rendered":"http:\/\/www.eltrabajo.cl\/portal\/?p=57816"},"modified":"2015-05-11T09:45:34","modified_gmt":"2015-05-11T12:45:34","slug":"exposicion-itinerante-acerca-la-literatura-a-los-colegios-publicos","status":"publish","type":"post","link":"https:\/\/eltrabajo.cl\/portal\/exposicion-itinerante-acerca-la-literatura-a-los-colegios-publicos\/","title":{"rendered":"Exposici\u00f3n itinerante acerca la literatura a los colegios p\u00fablicos"},"content":{"rendered":"<figure id=\"attachment_57817\" aria-describedby=\"caption-attachment-57817\" style=\"width: 530px\" class=\"wp-caption alignnone\"><a href=\"https:\/\/i0.wp.com\/www.eltrabajo.cl\/portal\/wp-content\/uploads\/2015\/05\/muestra_1.jpg\"><img data-recalc-dims=\"1\" loading=\"lazy\" decoding=\"async\" class=\"size-full wp-image-57817\" src=\"https:\/\/i0.wp.com\/www.eltrabajo.cl\/portal\/wp-content\/uploads\/2015\/05\/muestra_1.jpg?resize=530%2C350\" alt=\"El Daem gestion\u00f3 la llegada de este programa de la Biblioteca Nacional para que durante todo el a\u00f1o las Escuelas y Liceos de la red municipal tengan acceso a diversos autores, tem\u00e1ticas y \u00e9pocas de la literatura nacional.\" width=\"530\" height=\"350\" srcset=\"https:\/\/i0.wp.com\/eltrabajo.cl\/portal\/wp-content\/uploads\/2015\/05\/muestra_1.jpg?w=530&amp;ssl=1 530w, https:\/\/i0.wp.com\/eltrabajo.cl\/portal\/wp-content\/uploads\/2015\/05\/muestra_1.jpg?resize=200%2C132&amp;ssl=1 200w, https:\/\/i0.wp.com\/eltrabajo.cl\/portal\/wp-content\/uploads\/2015\/05\/muestra_1.jpg?resize=300%2C198&amp;ssl=1 300w, https:\/\/i0.wp.com\/eltrabajo.cl\/portal\/wp-content\/uploads\/2015\/05\/muestra_1.jpg?resize=150%2C99&amp;ssl=1 150w, https:\/\/i0.wp.com\/eltrabajo.cl\/portal\/wp-content\/uploads\/2015\/05\/muestra_1.jpg?resize=400%2C264&amp;ssl=1 400w\" sizes=\"auto, (max-width: 530px) 100vw, 530px\" \/><\/a><figcaption id=\"caption-attachment-57817\" class=\"wp-caption-text\">El Daem gestion\u00f3 la llegada de este programa de la Biblioteca Nacional para que durante todo el a\u00f1o las Escuelas y Liceos de la red municipal tengan acceso a diversos autores, tem\u00e1ticas y \u00e9pocas de la literatura nacional.<\/figcaption><\/figure>\n<ul>\n<li><strong>\u2018Geograf\u00eda po\u00e9tica de Chile\u2019 y \u2018Escritura en el Aire\u2019 son las primeras exposiciones itinerantes de la Biblioteca Nacional de Chile.<\/strong><\/li>\n<\/ul>\n<p><strong>LOS ANDES.-<\/strong> \u2018Geograf\u00eda po\u00e9tica de Chile\u2019 y \u2018Escritura en el Aire\u2019 son las primeras exposiciones itinerantes de la Biblioteca Nacional de Chile puestas a disposici\u00f3n de los establecimientos p\u00fablicos andinos, para acercar la literatura a sus alumnos, y despertar as\u00ed su inter\u00e9s por la lectura.<br \/>\nEl Daem gestion\u00f3 la llegada de este programa de la Biblioteca Nacional, para que durante todo el a\u00f1o las Escuelas y Liceos de la red municipal tengan acceso a diversos autores, tem\u00e1ticas y \u00e9pocas de la literatura nacional.<br \/>\n\u00abLa idea es que estas muestras lleguen a los estudiantes, apoderados, profesores y asistentes de cada establecimiento, que no siempre tengan que ir a un lugar muy lejano. Queremos llegar a las comunidades de cada sector con estas tem\u00e1ticas variadas\u00bb, explic\u00f3 el coordinador de Actividades Humanistas \u2013 Cient\u00edficas del Daem, Francisco Rodr\u00edguez.<br \/>\nYa pas\u00f3 por el Liceo Amancay la muestra \u2018Escritura en el aire\u2019, que da cuenta de la vanguardia chilena de 1973 \u2013 1980, con las primeras publicaciones de Hern\u00e1n Rivera Letelier, literatura femenina con la revista Safo, el movimiento art\u00edstico con La Bicicleta y otras publicaciones como Ojo por Hoja y El Organillo.<br \/>\n\u00abDurante el margen pol\u00edtico hubo represi\u00f3n en la literatura y a trav\u00e9s de esta exposici\u00f3n pude darme cuenta de eso. Agradecerle al Daem por la oportunidad de conocer esto. A los pr\u00f3ximos alumnos que tengan la posibilidad de ver esto que lo aprovechen y lo conozcan porque es parte de nuestro patrimonio, es lo que nos pas\u00f3 y lo que pasa ahora en otros pa\u00edses\u00bb, expres\u00f3 el alumno Williams Rojas.<br \/>\nPor su parte, el director del Liceo Amancay, Nelson Escobar, expres\u00f3 que la iniciativa \u00abpermite a nuestros estudiantes tener acceso a la historia de Chile que se expresa aqu\u00ed a trav\u00e9s de dibujos y literatura, con la retrospectiva de revistas editadas a lo largo y ancho del pa\u00eds\u00bb, igual oportunidad que tendr\u00e1n otros establecimientos de la red municipal, con las distintas exposiciones que recibir\u00e1n durante el a\u00f1o.<\/p>\n","protected":false},"excerpt":{"rendered":"<p>\u2018Geograf\u00eda po\u00e9tica de Chile\u2019 y \u2018Escritura en el Aire\u2019 son las primeras exposiciones itinerantes de la Biblioteca Nacional de Chile. LOS ANDES.- \u2018Geograf\u00eda po\u00e9tica de Chile\u2019 y \u2018Escritura en el Aire\u2019 son&#8230;<\/p>\n","protected":false},"author":482,"featured_media":57817,"comment_status":"open","ping_status":"open","sticky":false,"template":"","format":"standard","meta":{"advanced_seo_description":"","jetpack_seo_html_title":"","jetpack_seo_noindex":false,"_jetpack_memberships_contains_paid_content":false,"footnotes":""},"categories":[15],"tags":[],"class_list":["post-57816","post","type-post","status-publish","format-standard","has-post-thumbnail","hentry","category-comunidad"],"jetpack_featured_media_url":"https:\/\/i0.wp.com\/eltrabajo.cl\/portal\/wp-content\/uploads\/2015\/05\/muestra_1.jpg?fit=530%2C350&ssl=1","jetpack_sharing_enabled":true,"jetpack_likes_enabled":true,"jetpack-related-posts":[],"_links":{"self":[{"href":"https:\/\/eltrabajo.cl\/portal\/wp-json\/wp\/v2\/posts\/57816","targetHints":{"allow":["GET"]}}],"collection":[{"href":"https:\/\/eltrabajo.cl\/portal\/wp-json\/wp\/v2\/posts"}],"about":[{"href":"https:\/\/eltrabajo.cl\/portal\/wp-json\/wp\/v2\/types\/post"}],"author":[{"embeddable":true,"href":"https:\/\/eltrabajo.cl\/portal\/wp-json\/wp\/v2\/users\/482"}],"replies":[{"embeddable":true,"href":"https:\/\/eltrabajo.cl\/portal\/wp-json\/wp\/v2\/comments?post=57816"}],"version-history":[{"count":0,"href":"https:\/\/eltrabajo.cl\/portal\/wp-json\/wp\/v2\/posts\/57816\/revisions"}],"wp:featuredmedia":[{"embeddable":true,"href":"https:\/\/eltrabajo.cl\/portal\/wp-json\/wp\/v2\/media\/57817"}],"wp:attachment":[{"href":"https:\/\/eltrabajo.cl\/portal\/wp-json\/wp\/v2\/media?parent=57816"}],"wp:term":[{"taxonomy":"category","embeddable":true,"href":"https:\/\/eltrabajo.cl\/portal\/wp-json\/wp\/v2\/categories?post=57816"},{"taxonomy":"post_tag","embeddable":true,"href":"https:\/\/eltrabajo.cl\/portal\/wp-json\/wp\/v2\/tags?post=57816"}],"curies":[{"name":"wp","href":"https:\/\/api.w.org\/{rel}","templated":true}]}}