{"id":57826,"date":"2015-05-11T09:50:55","date_gmt":"2015-05-11T12:50:55","guid":{"rendered":"http:\/\/www.eltrabajo.cl\/portal\/?p=57826"},"modified":"2015-05-11T09:50:55","modified_gmt":"2015-05-11T12:50:55","slug":"a-5-anos-y-un-dia-fueron-condenados-asaltantes-de-servicentro-copec","status":"publish","type":"post","link":"https:\/\/eltrabajo.cl\/portal\/a-5-anos-y-un-dia-fueron-condenados-asaltantes-de-servicentro-copec\/","title":{"rendered":"A 5 a\u00f1os y un d\u00eda fueron condenados asaltantes de Servicentro Copec"},"content":{"rendered":"<figure id=\"attachment_57827\" aria-describedby=\"caption-attachment-57827\" style=\"width: 530px\" class=\"wp-caption alignnone\"><a href=\"https:\/\/i0.wp.com\/www.eltrabajo.cl\/portal\/wp-content\/uploads\/2015\/05\/PORTA-31.jpg\"><img data-recalc-dims=\"1\" loading=\"lazy\" decoding=\"async\" class=\"size-full wp-image-57827\" src=\"https:\/\/i0.wp.com\/www.eltrabajo.cl\/portal\/wp-content\/uploads\/2015\/05\/PORTA-31.jpg?resize=530%2C349\" alt=\"Uno de los antisociales se enfrent\u00f3 a golpes con una guardia que intent\u00f3 repeler el asalto aquel 21 de octubre de 2014.\" width=\"530\" height=\"349\" srcset=\"https:\/\/i0.wp.com\/eltrabajo.cl\/portal\/wp-content\/uploads\/2015\/05\/PORTA-31.jpg?w=530&amp;ssl=1 530w, https:\/\/i0.wp.com\/eltrabajo.cl\/portal\/wp-content\/uploads\/2015\/05\/PORTA-31.jpg?resize=200%2C132&amp;ssl=1 200w, https:\/\/i0.wp.com\/eltrabajo.cl\/portal\/wp-content\/uploads\/2015\/05\/PORTA-31.jpg?resize=300%2C198&amp;ssl=1 300w, https:\/\/i0.wp.com\/eltrabajo.cl\/portal\/wp-content\/uploads\/2015\/05\/PORTA-31.jpg?resize=150%2C99&amp;ssl=1 150w, https:\/\/i0.wp.com\/eltrabajo.cl\/portal\/wp-content\/uploads\/2015\/05\/PORTA-31.jpg?resize=400%2C263&amp;ssl=1 400w\" sizes=\"auto, (max-width: 530px) 100vw, 530px\" \/><\/a><figcaption id=\"caption-attachment-57827\" class=\"wp-caption-text\">Uno de los antisociales se enfrent\u00f3 a golpes con una guardia que intent\u00f3 repeler el asalto aquel 21 de octubre de 2014.<\/figcaption><\/figure>\n<p>A la pena de 5 a\u00f1os y un d\u00eda fueron condenados los antisociales Miguel Antonio Rivera Hern\u00e1ndez y Cristi\u00e1n Eduardo Quezada Pavez, quienes tras ser enjuiciados por la Fiscal\u00eda, el Tribunal Oral en Lo Penal de San Felipe los declar\u00f3 culpables del delito de robo con intimidaci\u00f3n cometido el 21 de octubre del 2014 en el local \u2018Pronto\u2019 del Servicentro Copec ubicado en Avenida O\u2019Higgins en esta comuna.<br \/>\nComo se recordar\u00e1 el caso, por un importante registro audiovisual de las c\u00e1maras de vigilancia y el relato de las v\u00edctimas, se acredit\u00f3 la identidad de los sujetos quienes a rostro descubierto cometieron il\u00edcito, mientras amenazaban de muerte a los trabajadores, para perpetrar el robo del dinero en menos de un minuto.<br \/>\nAmbos delincuentes, simulando ser clientes, ingresaron al Servicentro Copec faltando un minuto para las tres de la madrugada del 21 de octubre del 2014. Las c\u00e1maras de seguridad grabaron los movimientos de los sujetos que causaron p\u00e1nico en las v\u00edctimas cuando se encontraban en su jornada laboral.<br \/>\nEl video revela que uno de los implicados amenaz\u00f3 con un cuchillo a un trabajador para obligarlo abrir la caja registradora y de esta forma apoderarse de 60.000 pesos. Al mismo, tiempo una mujer guardia de seguridad completamente desarmada, intent\u00f3 repeler el asalto forcejeando a golpes con el segundo antisocial.<br \/>\nBast\u00f3 tan s\u00f3lo un minutos para que los malhechores concretaran su prop\u00f3sito y escaparan en direcci\u00f3n desconocida. Sin embargo, Carabineros al realizar diferentes patrullajes por distintos sectores, logr\u00f3 ubicar a los delincuentes en calle Manuel de Lima en direcci\u00f3n a Villa Carmen y Dolores, lugar desde donde fueron detenidos y procesados por la Fiscal\u00eda quedando bajo la cautelar de prisi\u00f3n preventiva.<br \/>\nLa sentencia de cinco a\u00f1os y un d\u00eda impuesta por el Tribunal Oral hacia los dos condenados antes se\u00f1alados, deber\u00e1 estar firme y ejecutoriada dentro de los pr\u00f3ximos d\u00edas.<br \/>\n<strong>Pablo Salinas Sald\u00edas.<\/strong><\/p>\n","protected":false},"excerpt":{"rendered":"<p>A la pena de 5 a\u00f1os y un d\u00eda fueron condenados los antisociales Miguel Antonio Rivera Hern\u00e1ndez y Cristi\u00e1n Eduardo Quezada Pavez, quienes tras ser enjuiciados por la Fiscal\u00eda, el Tribunal Oral&#8230;<\/p>\n","protected":false},"author":482,"featured_media":57827,"comment_status":"open","ping_status":"open","sticky":false,"template":"","format":"standard","meta":{"advanced_seo_description":"","jetpack_seo_html_title":"","jetpack_seo_noindex":false,"_jetpack_memberships_contains_paid_content":false,"footnotes":""},"categories":[21],"tags":[],"class_list":["post-57826","post","type-post","status-publish","format-standard","has-post-thumbnail","hentry","category-policial"],"jetpack_featured_media_url":"https:\/\/i0.wp.com\/eltrabajo.cl\/portal\/wp-content\/uploads\/2015\/05\/PORTA-31.jpg?fit=530%2C349&ssl=1","jetpack_sharing_enabled":true,"jetpack_likes_enabled":true,"jetpack-related-posts":[],"_links":{"self":[{"href":"https:\/\/eltrabajo.cl\/portal\/wp-json\/wp\/v2\/posts\/57826","targetHints":{"allow":["GET"]}}],"collection":[{"href":"https:\/\/eltrabajo.cl\/portal\/wp-json\/wp\/v2\/posts"}],"about":[{"href":"https:\/\/eltrabajo.cl\/portal\/wp-json\/wp\/v2\/types\/post"}],"author":[{"embeddable":true,"href":"https:\/\/eltrabajo.cl\/portal\/wp-json\/wp\/v2\/users\/482"}],"replies":[{"embeddable":true,"href":"https:\/\/eltrabajo.cl\/portal\/wp-json\/wp\/v2\/comments?post=57826"}],"version-history":[{"count":0,"href":"https:\/\/eltrabajo.cl\/portal\/wp-json\/wp\/v2\/posts\/57826\/revisions"}],"wp:featuredmedia":[{"embeddable":true,"href":"https:\/\/eltrabajo.cl\/portal\/wp-json\/wp\/v2\/media\/57827"}],"wp:attachment":[{"href":"https:\/\/eltrabajo.cl\/portal\/wp-json\/wp\/v2\/media?parent=57826"}],"wp:term":[{"taxonomy":"category","embeddable":true,"href":"https:\/\/eltrabajo.cl\/portal\/wp-json\/wp\/v2\/categories?post=57826"},{"taxonomy":"post_tag","embeddable":true,"href":"https:\/\/eltrabajo.cl\/portal\/wp-json\/wp\/v2\/tags?post=57826"}],"curies":[{"name":"wp","href":"https:\/\/api.w.org\/{rel}","templated":true}]}}