{"id":57829,"date":"2015-05-11T09:52:43","date_gmt":"2015-05-11T12:52:43","guid":{"rendered":"http:\/\/www.eltrabajo.cl\/portal\/?p=57829"},"modified":"2015-05-11T23:04:11","modified_gmt":"2015-05-12T02:04:11","slug":"reo-que-gozaba-de-salida-carcelaria-fue-detenido-tras-asaltar-a-taxista","status":"publish","type":"post","link":"https:\/\/eltrabajo.cl\/portal\/reo-que-gozaba-de-salida-carcelaria-fue-detenido-tras-asaltar-a-taxista\/","title":{"rendered":"Reo que gozaba de salida carcelaria fue detenido tras asaltar a taxista"},"content":{"rendered":"<figure id=\"attachment_57830\" aria-describedby=\"caption-attachment-57830\" style=\"width: 350px\" class=\"wp-caption alignleft\"><a href=\"https:\/\/i0.wp.com\/www.eltrabajo.cl\/portal\/wp-content\/uploads\/2015\/05\/reo-sebastian-ureta.jpg\"><img data-recalc-dims=\"1\" loading=\"lazy\" decoding=\"async\" class=\"wp-image-57830\" src=\"https:\/\/i0.wp.com\/www.eltrabajo.cl\/portal\/wp-content\/uploads\/2015\/05\/reo-sebastian-ureta.jpg?resize=350%2C230\" alt=\"El condenado Sebasti\u00e1n Ureta Parra gozaba de salidas los fines de semana, beneficio concedido por Gendarmer\u00eda y que sin embargo el delincuente aprovech\u00f3 para asaltar a un taxista en la comuna de San Felipe.\" width=\"350\" height=\"230\" srcset=\"https:\/\/i0.wp.com\/eltrabajo.cl\/portal\/wp-content\/uploads\/2015\/05\/reo-sebastian-ureta.jpg?w=530&amp;ssl=1 530w, https:\/\/i0.wp.com\/eltrabajo.cl\/portal\/wp-content\/uploads\/2015\/05\/reo-sebastian-ureta.jpg?resize=200%2C132&amp;ssl=1 200w, https:\/\/i0.wp.com\/eltrabajo.cl\/portal\/wp-content\/uploads\/2015\/05\/reo-sebastian-ureta.jpg?resize=300%2C198&amp;ssl=1 300w, https:\/\/i0.wp.com\/eltrabajo.cl\/portal\/wp-content\/uploads\/2015\/05\/reo-sebastian-ureta.jpg?resize=150%2C99&amp;ssl=1 150w, https:\/\/i0.wp.com\/eltrabajo.cl\/portal\/wp-content\/uploads\/2015\/05\/reo-sebastian-ureta.jpg?resize=400%2C263&amp;ssl=1 400w\" sizes=\"auto, (max-width: 350px) 100vw, 350px\" \/><\/a><figcaption id=\"caption-attachment-57830\" class=\"wp-caption-text\">El condenado Sebasti\u00e1n Ureta Parra gozaba de salidas los fines de semana, beneficio concedido por Gendarmer\u00eda y que sin embargo el delincuente aprovech\u00f3 para asaltar a un taxista en la comuna de San Felipe.<\/figcaption><\/figure>\n<p>Un recluso identificado como Sebasti\u00e1n Patricio Ureta Parra, de 26 a\u00f1os de edad, fue detenido a eso de las 05:00 de la madrugada del domingo en Avenida Yungay esquina Merced de San Felipe, tras cometer un asalto a un taxista mientras lo trasladaba como supuesto cliente.<br \/>\nLo curioso de este caso es que tras ser detenido por Carabineros, se pudo comprobar que Ureta Parra gozaba de un beneficio de salidas extra carcelarias los fines de semana por \u2018buena conducta\u2019, mientras cumple una condena de diez a\u00f1os por un delito de robo con intimidaci\u00f3n cometido el 2012, debiendo retornar hasta el penal de Putaendo donde actualmente cumple su sentencia.<br \/>\nSin embargo y aprovechando que gozaba de este beneficio, protagoniz\u00f3 los hechos que fueron alertados por un testigo a Carabineros, quien pudo advertir que en la esquina de Avenida Yungay con Merced estaban asaltando a un conductor de taxi.<br \/>\nLos efectivos policiales, al trasladarse al lugar, se entrevistaron con el conductor afectado, de 37 a\u00f1os de edad, quien relat\u00f3 a Carabineros que tras realizar una carrera a un pasajero desde avenida O\u00b4Higgins con Traslavi\u00f1a, el supuesto cliente le pidi\u00f3 que lo llevara hasta una discoteca del sector El Almendral. No obstante, sobre la marcha el pasajero comenz\u00f3 a insultar al taxista, oblig\u00e1ndole a hacer entrega del dinero que portaba, sustrayendo desde la chaqueta del conductor la suma de $3.000 y el panel de la radio musical del veh\u00edculo.<br \/>\nEl conductor, mientras continuaba el trayecto, vir\u00f3 repentinamente hasta el servicentro ubicado en calle Merced, aprovechando un descuido del antisocial. En ese lugar el delincuente descendi\u00f3 propinando una patada a la carrocer\u00eda del m\u00f3vil, amenazando de muerte al conductor, advirti\u00e9ndole que lo conoc\u00eda y que ir\u00eda a buscarlo.<br \/>\nFuncionarios de Carabineros que se encontraba en las cercan\u00edas de la cancha de tenis, fueron advertidos y llegaron en el instante preciso, pudiendo interceptar al antisocial identificado como Sebasti\u00e1n Patricio Ureta Parra, quien portaba entre sus vestimentas el dinero perteneciente a la v\u00edctima por lo cual fue detenido tras ser sindicado como el autor del asalto.<br \/>\nEl antisocial fue sometido a control de detenci\u00f3n ante el Juzgado de Garant\u00eda de San Felipe, siendo formalizado por la Fiscal\u00eda por el delito de robo con intimidaci\u00f3n, debiendo retornar nuevamente hasta el penal de Putaendo para cumplir su condena, la que deber\u00eda aumentar tras este nuevo delito que investigar\u00e1 el Ministerio P\u00fablico y que deber\u00eda costarle el fin al beneficio de salida de la c\u00e1rcel.<br \/>\n<strong>Pablo Salinas Sald\u00edas<\/strong><\/p>\n","protected":false},"excerpt":{"rendered":"<p>Un recluso identificado como Sebasti\u00e1n Patricio Ureta Parra, de 26 a\u00f1os de edad, fue detenido a eso de las 05:00 de la madrugada del domingo en Avenida Yungay esquina Merced de San&#8230;<\/p>\n","protected":false},"author":482,"featured_media":57830,"comment_status":"open","ping_status":"open","sticky":false,"template":"","format":"standard","meta":{"advanced_seo_description":"","jetpack_seo_html_title":"","jetpack_seo_noindex":false,"_jetpack_memberships_contains_paid_content":false,"footnotes":""},"categories":[21],"tags":[],"class_list":["post-57829","post","type-post","status-publish","format-standard","has-post-thumbnail","hentry","category-policial"],"jetpack_featured_media_url":"https:\/\/i0.wp.com\/eltrabajo.cl\/portal\/wp-content\/uploads\/2015\/05\/reo-sebastian-ureta.jpg?fit=530%2C349&ssl=1","jetpack_sharing_enabled":true,"jetpack_likes_enabled":true,"jetpack-related-posts":[],"_links":{"self":[{"href":"https:\/\/eltrabajo.cl\/portal\/wp-json\/wp\/v2\/posts\/57829","targetHints":{"allow":["GET"]}}],"collection":[{"href":"https:\/\/eltrabajo.cl\/portal\/wp-json\/wp\/v2\/posts"}],"about":[{"href":"https:\/\/eltrabajo.cl\/portal\/wp-json\/wp\/v2\/types\/post"}],"author":[{"embeddable":true,"href":"https:\/\/eltrabajo.cl\/portal\/wp-json\/wp\/v2\/users\/482"}],"replies":[{"embeddable":true,"href":"https:\/\/eltrabajo.cl\/portal\/wp-json\/wp\/v2\/comments?post=57829"}],"version-history":[{"count":0,"href":"https:\/\/eltrabajo.cl\/portal\/wp-json\/wp\/v2\/posts\/57829\/revisions"}],"wp:featuredmedia":[{"embeddable":true,"href":"https:\/\/eltrabajo.cl\/portal\/wp-json\/wp\/v2\/media\/57830"}],"wp:attachment":[{"href":"https:\/\/eltrabajo.cl\/portal\/wp-json\/wp\/v2\/media?parent=57829"}],"wp:term":[{"taxonomy":"category","embeddable":true,"href":"https:\/\/eltrabajo.cl\/portal\/wp-json\/wp\/v2\/categories?post=57829"},{"taxonomy":"post_tag","embeddable":true,"href":"https:\/\/eltrabajo.cl\/portal\/wp-json\/wp\/v2\/tags?post=57829"}],"curies":[{"name":"wp","href":"https:\/\/api.w.org\/{rel}","templated":true}]}}