{"id":57857,"date":"2015-05-13T09:28:23","date_gmt":"2015-05-13T12:28:23","guid":{"rendered":"http:\/\/www.eltrabajo.cl\/portal\/?p=57857"},"modified":"2015-05-13T09:41:11","modified_gmt":"2015-05-13T12:41:11","slug":"apoderadas-de-la-escuela-john-kennedy-celebraron-con-una-entretenida-actividad-el-dia-de-la-madre","status":"publish","type":"post","link":"https:\/\/eltrabajo.cl\/portal\/apoderadas-de-la-escuela-john-kennedy-celebraron-con-una-entretenida-actividad-el-dia-de-la-madre\/","title":{"rendered":"Apoderadas Escuela John Kennedy celebraron con una entretenida actividad el D\u00eda de la Madre"},"content":{"rendered":"<figure id=\"attachment_57860\" aria-describedby=\"caption-attachment-57860\" style=\"width: 530px\" class=\"wp-caption alignnone\"><a href=\"https:\/\/i0.wp.com\/www.eltrabajo.cl\/portal\/wp-content\/uploads\/2015\/05\/dia-de-la-mama2.jpg\"><img data-recalc-dims=\"1\" loading=\"lazy\" decoding=\"async\" class=\"size-full wp-image-57860\" src=\"https:\/\/i0.wp.com\/www.eltrabajo.cl\/portal\/wp-content\/uploads\/2015\/05\/dia-de-la-mama2.jpg?resize=530%2C348\" alt=\"La actividad fue organizada por los docentes y alumnos de la escuela, quienes presentaron diversos actos para las asistentes.\" width=\"530\" height=\"348\" srcset=\"https:\/\/i0.wp.com\/eltrabajo.cl\/portal\/wp-content\/uploads\/2015\/05\/dia-de-la-mama2.jpg?w=530&amp;ssl=1 530w, https:\/\/i0.wp.com\/eltrabajo.cl\/portal\/wp-content\/uploads\/2015\/05\/dia-de-la-mama2.jpg?resize=200%2C131&amp;ssl=1 200w, https:\/\/i0.wp.com\/eltrabajo.cl\/portal\/wp-content\/uploads\/2015\/05\/dia-de-la-mama2.jpg?resize=300%2C197&amp;ssl=1 300w, https:\/\/i0.wp.com\/eltrabajo.cl\/portal\/wp-content\/uploads\/2015\/05\/dia-de-la-mama2.jpg?resize=150%2C98&amp;ssl=1 150w, https:\/\/i0.wp.com\/eltrabajo.cl\/portal\/wp-content\/uploads\/2015\/05\/dia-de-la-mama2.jpg?resize=400%2C263&amp;ssl=1 400w\" sizes=\"auto, (max-width: 530px) 100vw, 530px\" \/><\/a><figcaption id=\"caption-attachment-57860\" class=\"wp-caption-text\">La actividad fue organizada por los docentes y alumnos de la escuela, quienes presentaron diversos actos para las asistentes.<\/figcaption><\/figure>\n<p>Una entretenida tarde vivieron las apoderadas de la Escuela John Kennedy, quienes este lunes celebraron el D\u00eda de la Madre.<br \/>\nLa actividad fue organizada por los docentes y directivos del establecimiento y en ella participaron tambi\u00e9n los alumnos, presentando distintos bailes especialmente dedicados a sus mam\u00e1s.<br \/>\nAdem\u00e1s, las apoderadas que asistieron a la actividad que se celebr\u00f3 en el patio del establecimiento, pudieron disfrutar de una rica once y de la m\u00fasica de los dobles de Mark Anthony y Rafael, quien trajo todo el romanticismo del artista espa\u00f1ol.<\/p>\n<figure id=\"attachment_57858\" aria-describedby=\"caption-attachment-57858\" style=\"width: 400px\" class=\"wp-caption alignright\"><a href=\"https:\/\/i0.wp.com\/www.eltrabajo.cl\/portal\/wp-content\/uploads\/2015\/05\/dia-de-la-mama1.jpg\"><img data-recalc-dims=\"1\" loading=\"lazy\" decoding=\"async\" class=\"wp-image-57858\" src=\"https:\/\/i0.wp.com\/www.eltrabajo.cl\/portal\/wp-content\/uploads\/2015\/05\/dia-de-la-mama1.jpg?resize=400%2C265\" alt=\"El Alcalde Patricio Freire celebrando el D\u00eda de la Mam\u00e1 con las apoderadas del Escuela John Kennedy.\" width=\"400\" height=\"265\" srcset=\"https:\/\/i0.wp.com\/eltrabajo.cl\/portal\/wp-content\/uploads\/2015\/05\/dia-de-la-mama1.jpg?w=528&amp;ssl=1 528w, https:\/\/i0.wp.com\/eltrabajo.cl\/portal\/wp-content\/uploads\/2015\/05\/dia-de-la-mama1.jpg?resize=200%2C133&amp;ssl=1 200w, https:\/\/i0.wp.com\/eltrabajo.cl\/portal\/wp-content\/uploads\/2015\/05\/dia-de-la-mama1.jpg?resize=300%2C199&amp;ssl=1 300w, https:\/\/i0.wp.com\/eltrabajo.cl\/portal\/wp-content\/uploads\/2015\/05\/dia-de-la-mama1.jpg?resize=150%2C99&amp;ssl=1 150w, https:\/\/i0.wp.com\/eltrabajo.cl\/portal\/wp-content\/uploads\/2015\/05\/dia-de-la-mama1.jpg?resize=400%2C265&amp;ssl=1 400w\" sizes=\"auto, (max-width: 400px) 100vw, 400px\" \/><\/a><figcaption id=\"caption-attachment-57858\" class=\"wp-caption-text\">El Alcalde Patricio Freire celebrando el D\u00eda de la Mam\u00e1 con las apoderadas del Escuela John Kennedy.<\/figcaption><\/figure>\n<p>Y en el cierre de la celebraci\u00f3n, se present\u00f3 el doble de Leo Rey, quien hizo bailar y cantar al ritmo de la cumbia a todas las mam\u00e1s asistentes, que sin duda pasaron un momento muy entretenido celebrando su d\u00eda.<br \/>\nEn la actividad particip\u00f3 tambi\u00e9n el Alcalde Patricio Freire, quien comparti\u00f3 con las mam\u00e1s que llegaron hasta la escuela, y que adem\u00e1s anunci\u00f3 la ejecuci\u00f3n de importantes proyectos en el establecimiento, obras que tienen como objetivo mejorar las condiciones en que se desarrollan los alumnos de esta escuela, que desde este a\u00f1o est\u00e1 dirigida por Marianela Parada y que es apoyada por un destacado grupo de docentes.<br \/>\n\u201cQuisimos acompa\u00f1ar a las apoderadas de este establecimiento en la celebraci\u00f3n de su d\u00eda, junto a sus hijos y vimos que lo pasaron muy bien. Esa es la idea de esta gesti\u00f3n, que nuestras escuelas sean un lugar de encuentro de la comunidad educativa y en donde docentes, directivos y apoderados apoyen el proceso educativo de nuestros alumnos\u201d, dijo el jefe comunal.<br \/>\nLa actividad se prolong\u00f3 hasta pasadas las 19 horas, y luego las mam\u00e1s junto a sus hijos se dirigieron a sus hogares, para, este martes, vivir otra jornada escolar.<\/p>\n","protected":false},"excerpt":{"rendered":"<p>Una entretenida tarde vivieron las apoderadas de la Escuela John Kennedy, quienes este lunes celebraron el D\u00eda de la Madre. La actividad fue organizada por los docentes y directivos del establecimiento y&#8230;<\/p>\n","protected":false},"author":482,"featured_media":57860,"comment_status":"open","ping_status":"open","sticky":false,"template":"","format":"standard","meta":{"advanced_seo_description":"","jetpack_seo_html_title":"","jetpack_seo_noindex":false,"_jetpack_memberships_contains_paid_content":false,"footnotes":""},"categories":[15],"tags":[],"class_list":["post-57857","post","type-post","status-publish","format-standard","has-post-thumbnail","hentry","category-comunidad"],"jetpack_featured_media_url":"https:\/\/i0.wp.com\/eltrabajo.cl\/portal\/wp-content\/uploads\/2015\/05\/dia-de-la-mama2.jpg?fit=530%2C348&ssl=1","jetpack_sharing_enabled":true,"jetpack_likes_enabled":true,"jetpack-related-posts":[],"_links":{"self":[{"href":"https:\/\/eltrabajo.cl\/portal\/wp-json\/wp\/v2\/posts\/57857","targetHints":{"allow":["GET"]}}],"collection":[{"href":"https:\/\/eltrabajo.cl\/portal\/wp-json\/wp\/v2\/posts"}],"about":[{"href":"https:\/\/eltrabajo.cl\/portal\/wp-json\/wp\/v2\/types\/post"}],"author":[{"embeddable":true,"href":"https:\/\/eltrabajo.cl\/portal\/wp-json\/wp\/v2\/users\/482"}],"replies":[{"embeddable":true,"href":"https:\/\/eltrabajo.cl\/portal\/wp-json\/wp\/v2\/comments?post=57857"}],"version-history":[{"count":0,"href":"https:\/\/eltrabajo.cl\/portal\/wp-json\/wp\/v2\/posts\/57857\/revisions"}],"wp:featuredmedia":[{"embeddable":true,"href":"https:\/\/eltrabajo.cl\/portal\/wp-json\/wp\/v2\/media\/57860"}],"wp:attachment":[{"href":"https:\/\/eltrabajo.cl\/portal\/wp-json\/wp\/v2\/media?parent=57857"}],"wp:term":[{"taxonomy":"category","embeddable":true,"href":"https:\/\/eltrabajo.cl\/portal\/wp-json\/wp\/v2\/categories?post=57857"},{"taxonomy":"post_tag","embeddable":true,"href":"https:\/\/eltrabajo.cl\/portal\/wp-json\/wp\/v2\/tags?post=57857"}],"curies":[{"name":"wp","href":"https:\/\/api.w.org\/{rel}","templated":true}]}}