{"id":57862,"date":"2015-05-13T09:30:37","date_gmt":"2015-05-13T12:30:37","guid":{"rendered":"http:\/\/www.eltrabajo.cl\/portal\/?p=57862"},"modified":"2015-05-13T09:30:37","modified_gmt":"2015-05-13T12:30:37","slug":"liceo-corina-urbina-destaca-a-nivel-regional-con-la-realizacion-del-programa-dialogos-en-movimientos","status":"publish","type":"post","link":"https:\/\/eltrabajo.cl\/portal\/liceo-corina-urbina-destaca-a-nivel-regional-con-la-realizacion-del-programa-dialogos-en-movimientos\/","title":{"rendered":"Liceo Corina Urbina destaca a nivel regional con la realizaci\u00f3n del programa \u2018Di\u00e1logos en Movimientos\u2019"},"content":{"rendered":"<figure id=\"attachment_57863\" aria-describedby=\"caption-attachment-57863\" style=\"width: 350px\" class=\"wp-caption alignleft\"><a href=\"https:\/\/i0.wp.com\/www.eltrabajo.cl\/portal\/wp-content\/uploads\/2015\/05\/escritora.jpg\"><img data-recalc-dims=\"1\" loading=\"lazy\" decoding=\"async\" class=\"wp-image-57863\" src=\"https:\/\/i0.wp.com\/www.eltrabajo.cl\/portal\/wp-content\/uploads\/2015\/05\/escritora.jpg?resize=350%2C232\" alt=\"Karen D\u00e9via D\u00edaz, destacada escritora nacional, cantante l\u00edrica y ganadora de Fondart 2014.\" width=\"350\" height=\"232\" srcset=\"https:\/\/i0.wp.com\/eltrabajo.cl\/portal\/wp-content\/uploads\/2015\/05\/escritora.jpg?w=528&amp;ssl=1 528w, https:\/\/i0.wp.com\/eltrabajo.cl\/portal\/wp-content\/uploads\/2015\/05\/escritora.jpg?resize=200%2C133&amp;ssl=1 200w, https:\/\/i0.wp.com\/eltrabajo.cl\/portal\/wp-content\/uploads\/2015\/05\/escritora.jpg?resize=300%2C199&amp;ssl=1 300w, https:\/\/i0.wp.com\/eltrabajo.cl\/portal\/wp-content\/uploads\/2015\/05\/escritora.jpg?resize=150%2C99&amp;ssl=1 150w, https:\/\/i0.wp.com\/eltrabajo.cl\/portal\/wp-content\/uploads\/2015\/05\/escritora.jpg?resize=400%2C265&amp;ssl=1 400w\" sizes=\"auto, (max-width: 350px) 100vw, 350px\" \/><\/a><figcaption id=\"caption-attachment-57863\" class=\"wp-caption-text\">Karen D\u00e9via D\u00edaz, destacada escritora nacional, cantante l\u00edrica y ganadora de Fondart 2014.<\/figcaption><\/figure>\n<p>El Liceo Corina Urbina de la comuna de San Felipe, fue el \u00fanico establecimiento educacional de la Quinta Regi\u00f3n seleccionado para desarrollar el Proyecto denominado \u2018Di\u00e1logos en Movimiento\u2019, actividad que se encuentra inserta en el Plan Nacional de la Lectura 2015 y que es organizado por el Consejo Nacional de la Cultura y las Artes de la Regi\u00f3n de Valpara\u00edso.<br \/>\nLa ceremonia se efectu\u00f3 este martes 12 de mayo en dependencias del establecimiento y cont\u00f3 con la presencia de la destacada escritora nacional, cantante l\u00edrica y ganadora de Fondart 2014, Karen D\u00e9via D\u00edaz, adem\u00e1s de profesores, y una gran cantidad de alumnas.<br \/>\nDentro de los lineamientos para la inauguraci\u00f3n del programa, se cit\u00f3 el principio m\u00e1s importante que la genera, y que es el d\u00eda internacional del libro, que se celebr\u00f3 el 23 de abril, en donde se destac\u00f3 el lanzamiento del Plan Nacional de la Lectura, el que se dio por iniciado en todo el pa\u00eds, y que busca incentivar la pr\u00e1ctica de la lectura, a trav\u00e9s de la generaci\u00f3n de espacios para el debate en torno a la lectura como medio de reflexi\u00f3n y conocimiento.<br \/>\nJos\u00e9 Guajardo Silva, docente del establecimiento y coordinador de la actividad, destac\u00f3 esta iniciativa, se\u00f1alando que \u201ceste es un encuentro entre escritores y estudiantes, y con esta destacada escritora, y se genera lo que es el \u2018Dialogo en movimiento\u2019, por lo tanto se logra plenamente el objetivo con la puesta en marcha de este proyecto, lo que nos tiene muy contentos\u201d.<br \/>\nPor su parte, Karen Devia, se refiri\u00f3 a la posibilidad de interactuar con el alumnado de esta manera a trav\u00e9s de estas instancias, argumentando que \u201cestas actividades son muy importantes no s\u00f3lo en el rescate de la memoria hist\u00f3rica de nuestros poetas, sino tambi\u00e9n en incentivar a los j\u00f3venes la lectura, y no relacionado solamente con la literatura propiamente tal, sino que con la pedagog\u00eda en general, vale decir, que independiente del camino que sea que elijan los j\u00f3venes una vez finalizados sus estudios, la lectura siempre va a ser la columna vertebral que va a atravesar cualquier ejercicio de la cotidianeidad, por lo que el legado es tremendamente importante\u201d.<\/p>\n","protected":false},"excerpt":{"rendered":"<p>El Liceo Corina Urbina de la comuna de San Felipe, fue el \u00fanico establecimiento educacional de la Quinta Regi\u00f3n seleccionado para desarrollar el Proyecto denominado \u2018Di\u00e1logos en Movimiento\u2019, actividad que se encuentra&#8230;<\/p>\n","protected":false},"author":482,"featured_media":57863,"comment_status":"open","ping_status":"open","sticky":false,"template":"","format":"standard","meta":{"advanced_seo_description":"","jetpack_seo_html_title":"","jetpack_seo_noindex":false,"_jetpack_memberships_contains_paid_content":false,"footnotes":""},"categories":[15],"tags":[],"class_list":["post-57862","post","type-post","status-publish","format-standard","has-post-thumbnail","hentry","category-comunidad"],"jetpack_featured_media_url":"https:\/\/i0.wp.com\/eltrabajo.cl\/portal\/wp-content\/uploads\/2015\/05\/escritora.jpg?fit=528%2C350&ssl=1","jetpack_sharing_enabled":true,"jetpack_likes_enabled":true,"jetpack-related-posts":[],"_links":{"self":[{"href":"https:\/\/eltrabajo.cl\/portal\/wp-json\/wp\/v2\/posts\/57862","targetHints":{"allow":["GET"]}}],"collection":[{"href":"https:\/\/eltrabajo.cl\/portal\/wp-json\/wp\/v2\/posts"}],"about":[{"href":"https:\/\/eltrabajo.cl\/portal\/wp-json\/wp\/v2\/types\/post"}],"author":[{"embeddable":true,"href":"https:\/\/eltrabajo.cl\/portal\/wp-json\/wp\/v2\/users\/482"}],"replies":[{"embeddable":true,"href":"https:\/\/eltrabajo.cl\/portal\/wp-json\/wp\/v2\/comments?post=57862"}],"version-history":[{"count":0,"href":"https:\/\/eltrabajo.cl\/portal\/wp-json\/wp\/v2\/posts\/57862\/revisions"}],"wp:featuredmedia":[{"embeddable":true,"href":"https:\/\/eltrabajo.cl\/portal\/wp-json\/wp\/v2\/media\/57863"}],"wp:attachment":[{"href":"https:\/\/eltrabajo.cl\/portal\/wp-json\/wp\/v2\/media?parent=57862"}],"wp:term":[{"taxonomy":"category","embeddable":true,"href":"https:\/\/eltrabajo.cl\/portal\/wp-json\/wp\/v2\/categories?post=57862"},{"taxonomy":"post_tag","embeddable":true,"href":"https:\/\/eltrabajo.cl\/portal\/wp-json\/wp\/v2\/tags?post=57862"}],"curies":[{"name":"wp","href":"https:\/\/api.w.org\/{rel}","templated":true}]}}