{"id":57920,"date":"2015-05-14T09:31:00","date_gmt":"2015-05-14T12:31:00","guid":{"rendered":"http:\/\/www.eltrabajo.cl\/portal\/?p=57920"},"modified":"2015-05-14T09:31:00","modified_gmt":"2015-05-14T12:31:00","slug":"inauguran-quincho-de-recreacion-para-funcionarios-en-hospital-psiquiatrico-dr-philippe-pinel","status":"publish","type":"post","link":"https:\/\/eltrabajo.cl\/portal\/inauguran-quincho-de-recreacion-para-funcionarios-en-hospital-psiquiatrico-dr-philippe-pinel\/","title":{"rendered":"Inauguran Quincho de Recreaci\u00f3n para funcionarios en Hospital Psiqui\u00e1trico Dr. Philippe Pinel"},"content":{"rendered":"<figure id=\"attachment_57921\" aria-describedby=\"caption-attachment-57921\" style=\"width: 530px\" class=\"wp-caption alignnone\"><a href=\"https:\/\/i0.wp.com\/www.eltrabajo.cl\/portal\/wp-content\/uploads\/2015\/05\/Inauguracion-Quincho-1.jpg\"><img data-recalc-dims=\"1\" loading=\"lazy\" decoding=\"async\" class=\"size-full wp-image-57921\" src=\"https:\/\/i0.wp.com\/www.eltrabajo.cl\/portal\/wp-content\/uploads\/2015\/05\/Inauguracion-Quincho-1.jpg?resize=530%2C348\" alt=\"La directora del Servicio de Salud Aconcagua, Dra. Vilma Olave, el director, Dr. Jaime Retamal Garrido y funcionarios participaron en inauguraci\u00f3n de la primera etapa de construcci\u00f3n del Quincho de Recreaci\u00f3n para funcionarios.\" width=\"530\" height=\"348\" srcset=\"https:\/\/i0.wp.com\/eltrabajo.cl\/portal\/wp-content\/uploads\/2015\/05\/Inauguracion-Quincho-1.jpg?w=530&amp;ssl=1 530w, https:\/\/i0.wp.com\/eltrabajo.cl\/portal\/wp-content\/uploads\/2015\/05\/Inauguracion-Quincho-1.jpg?resize=200%2C131&amp;ssl=1 200w, https:\/\/i0.wp.com\/eltrabajo.cl\/portal\/wp-content\/uploads\/2015\/05\/Inauguracion-Quincho-1.jpg?resize=300%2C197&amp;ssl=1 300w, https:\/\/i0.wp.com\/eltrabajo.cl\/portal\/wp-content\/uploads\/2015\/05\/Inauguracion-Quincho-1.jpg?resize=150%2C98&amp;ssl=1 150w, https:\/\/i0.wp.com\/eltrabajo.cl\/portal\/wp-content\/uploads\/2015\/05\/Inauguracion-Quincho-1.jpg?resize=400%2C263&amp;ssl=1 400w\" sizes=\"auto, (max-width: 530px) 100vw, 530px\" \/><\/a><figcaption id=\"caption-attachment-57921\" class=\"wp-caption-text\">La directora del Servicio de Salud Aconcagua, Dra. Vilma Olave, el director, Dr. Jaime Retamal Garrido y funcionarios participaron en inauguraci\u00f3n de la primera etapa de construcci\u00f3n del Quincho de Recreaci\u00f3n para funcionarios.<\/figcaption><\/figure>\n<ul>\n<li><strong>Iniciativa fue posible gracias a una gesti\u00f3n del Comit\u00e9 de Mejoramiento Laboral y la importante colaboraci\u00f3n y apoyo de los funcionarios del Philippe Pinel.<\/strong><\/li>\n<\/ul>\n<p><strong>PUTAENDO.<\/strong>&#8211; En una alegre jornada, el Hospital Psiqui\u00e1trico Dr. Philippe Pinel de Putaendo, junto al Comit\u00e9 de Mejoramiento del Entorno Laboral, inauguraron la primera etapa del Quincho de Recreaci\u00f3n para los funcionarios del establecimiento, lo que forma parte de las variadas iniciativas que van en directo beneficio del mejoramiento de las condiciones laborales de la instituci\u00f3n de salud mental.<br \/>\nSeg\u00fan explic\u00f3 Nathan Arenas Pardo, Coordinador del Comit\u00e9 de Mejoramiento del Entorno Laboral del Hospital Psiqui\u00e1trico Dr. Philippe Pinel, esta primera etapa, que cont\u00f3 con una inversi\u00f3n de siete millones de pesos, fue financiada a trav\u00e9s de la devoluci\u00f3n por descuentos de movilizaci\u00f3n y en este proceso la opini\u00f3n de los funcionarios del Hospital fue fundamental, pues fueron ellos quienes decidieron en que invertir estos fondos \u201cPor lo que esta inauguraci\u00f3n nos tiene sumamente contentos, porque se est\u00e1 cumpliendo con algo esperado por los funcionarios del Hospital y ya tenemos la confirmaci\u00f3n que podremos contar con los fondos para continuar con la segunda etapa\u201d, precis\u00f3 el profesional.<br \/>\nPor su parte, el Director del Hospital Psiqui\u00e1trico de Putaendo, Dr. Jaime Retamal Garrido, se mostr\u00f3 contento por la inauguraci\u00f3n de esta obra \u201cporque fue un trabajo mancomunado y es un reconocimiento a los funcionarios del Hospital que se movilizaron a\u00f1os atr\u00e1s, por lo que haber logrado el retorno de estos recursos es una alegr\u00eda, y evidentemente tendr\u00e1 un impacto directo en el mejoramiento del clima laboral para nuestros funcionarios\u201d, recalc\u00f3.<br \/>\nEn tanto, la Directora del Servicio de Salud Aconcagua, Dra. Vilma Olave Garrido, quien tambi\u00e9n particip\u00f3 de esta importante ceremonia, hizo hincapi\u00e9 en la relevancia que tienen los Comit\u00e9s Paritarios y de Mejoramiento del Entorno Laboral en los diferentes establecimientos de la red \u201cpues ellos tienen representatividad institucional y tambi\u00e9n de los funcionarios, por tanto juegan un rol clave en el mejoramiento de las condiciones laborales de las trabajadoras y trabajadores de cada Hospital\u201d, coment\u00f3.<br \/>\nEn la actividad se confirm\u00f3 que ya fueron asignados los fondos para la ejecuci\u00f3n de la segunda etapa de este importante proyecto, que tambi\u00e9n contempla una inversi\u00f3n de siete millones de pesos, y se espera poder inaugurarlo como corresponde a fines de este a\u00f1o.<\/p>\n","protected":false},"excerpt":{"rendered":"<p>Iniciativa fue posible gracias a una gesti\u00f3n del Comit\u00e9 de Mejoramiento Laboral y la importante colaboraci\u00f3n y apoyo de los funcionarios del Philippe Pinel. PUTAENDO.&#8211; En una alegre jornada, el Hospital Psiqui\u00e1trico&#8230;<\/p>\n","protected":false},"author":482,"featured_media":57921,"comment_status":"open","ping_status":"open","sticky":false,"template":"","format":"standard","meta":{"advanced_seo_description":"","jetpack_seo_html_title":"","jetpack_seo_noindex":false,"_jetpack_memberships_contains_paid_content":false,"footnotes":""},"categories":[15],"tags":[],"class_list":["post-57920","post","type-post","status-publish","format-standard","has-post-thumbnail","hentry","category-comunidad"],"jetpack_featured_media_url":"https:\/\/i0.wp.com\/eltrabajo.cl\/portal\/wp-content\/uploads\/2015\/05\/Inauguracion-Quincho-1.jpg?fit=530%2C348&ssl=1","jetpack_sharing_enabled":true,"jetpack_likes_enabled":true,"jetpack-related-posts":[],"_links":{"self":[{"href":"https:\/\/eltrabajo.cl\/portal\/wp-json\/wp\/v2\/posts\/57920","targetHints":{"allow":["GET"]}}],"collection":[{"href":"https:\/\/eltrabajo.cl\/portal\/wp-json\/wp\/v2\/posts"}],"about":[{"href":"https:\/\/eltrabajo.cl\/portal\/wp-json\/wp\/v2\/types\/post"}],"author":[{"embeddable":true,"href":"https:\/\/eltrabajo.cl\/portal\/wp-json\/wp\/v2\/users\/482"}],"replies":[{"embeddable":true,"href":"https:\/\/eltrabajo.cl\/portal\/wp-json\/wp\/v2\/comments?post=57920"}],"version-history":[{"count":0,"href":"https:\/\/eltrabajo.cl\/portal\/wp-json\/wp\/v2\/posts\/57920\/revisions"}],"wp:featuredmedia":[{"embeddable":true,"href":"https:\/\/eltrabajo.cl\/portal\/wp-json\/wp\/v2\/media\/57921"}],"wp:attachment":[{"href":"https:\/\/eltrabajo.cl\/portal\/wp-json\/wp\/v2\/media?parent=57920"}],"wp:term":[{"taxonomy":"category","embeddable":true,"href":"https:\/\/eltrabajo.cl\/portal\/wp-json\/wp\/v2\/categories?post=57920"},{"taxonomy":"post_tag","embeddable":true,"href":"https:\/\/eltrabajo.cl\/portal\/wp-json\/wp\/v2\/tags?post=57920"}],"curies":[{"name":"wp","href":"https:\/\/api.w.org\/{rel}","templated":true}]}}