{"id":57923,"date":"2015-05-14T09:32:29","date_gmt":"2015-05-14T12:32:29","guid":{"rendered":"http:\/\/www.eltrabajo.cl\/portal\/?p=57923"},"modified":"2015-05-14T09:32:29","modified_gmt":"2015-05-14T12:32:29","slug":"liceo-republica-argentina-se-posiciona-como-via-hacia-la-educacion-superior","status":"publish","type":"post","link":"https:\/\/eltrabajo.cl\/portal\/liceo-republica-argentina-se-posiciona-como-via-hacia-la-educacion-superior\/","title":{"rendered":"Liceo Rep\u00fablica Argentina se posiciona como v\u00eda hacia la educaci\u00f3n superior"},"content":{"rendered":"<figure id=\"attachment_57924\" aria-describedby=\"caption-attachment-57924\" style=\"width: 530px\" class=\"wp-caption alignnone\"><a href=\"https:\/\/i0.wp.com\/www.eltrabajo.cl\/portal\/wp-content\/uploads\/2015\/05\/2-REP.-ARGENTINA.jpg\"><img data-recalc-dims=\"1\" loading=\"lazy\" decoding=\"async\" class=\"size-full wp-image-57924\" src=\"https:\/\/i0.wp.com\/www.eltrabajo.cl\/portal\/wp-content\/uploads\/2015\/05\/2-REP.-ARGENTINA.jpg?resize=530%2C350\" alt=\"Autoridades en el aniversario 122 del Liceo Rep\u00fablica de Argentina de Los Andes.\" width=\"530\" height=\"350\" srcset=\"https:\/\/i0.wp.com\/eltrabajo.cl\/portal\/wp-content\/uploads\/2015\/05\/2-REP.-ARGENTINA.jpg?w=530&amp;ssl=1 530w, https:\/\/i0.wp.com\/eltrabajo.cl\/portal\/wp-content\/uploads\/2015\/05\/2-REP.-ARGENTINA.jpg?resize=200%2C132&amp;ssl=1 200w, https:\/\/i0.wp.com\/eltrabajo.cl\/portal\/wp-content\/uploads\/2015\/05\/2-REP.-ARGENTINA.jpg?resize=300%2C198&amp;ssl=1 300w, https:\/\/i0.wp.com\/eltrabajo.cl\/portal\/wp-content\/uploads\/2015\/05\/2-REP.-ARGENTINA.jpg?resize=150%2C99&amp;ssl=1 150w, https:\/\/i0.wp.com\/eltrabajo.cl\/portal\/wp-content\/uploads\/2015\/05\/2-REP.-ARGENTINA.jpg?resize=400%2C264&amp;ssl=1 400w\" sizes=\"auto, (max-width: 530px) 100vw, 530px\" \/><\/a><figcaption id=\"caption-attachment-57924\" class=\"wp-caption-text\">Autoridades en el aniversario 122 del Liceo Rep\u00fablica de Argentina de Los Andes.<\/figcaption><\/figure>\n<p><strong>LOS ANDES<\/strong>.-122 a\u00f1os cumpli\u00f3 el Liceo Rep\u00fablica Argentina de Los Andes, instituci\u00f3n p\u00fablica y gratuita que en este nuevo aniversario celebra la suma de 53 alumnos m\u00e1s que el 2014 y los excelentes resultados obtenidos a trav\u00e9s de la preparaci\u00f3n de sus alumnos para el ingreso a la educaci\u00f3n superior.<br \/>\n\u00abEstamos celebrando algunos aspectos fundamentales. Apuntamos al \u00e1rea cient\u00edfico humanista desde hace dos a\u00f1os y ya tenemos los primeros resultados\u00bb, expres\u00f3 su director, Boris Leiva. Precisamente, el liceo fue reconocido por el Ministerio de Educaci\u00f3n por los resultados de la PSU 2014, subiendo 100 puntos en promedio, incluyendo a un alumno que obtuvo 830 en historia.<br \/>\nEn este contexto, la directora del Departamento de Educaci\u00f3n Municipal (Daem), Mar\u00eda Soledad Reinoso, afirm\u00f3 que conmemoran \u00abeste aniversario con mucho \u00e9xito. Hemos obtenido muy buenos resultados en la PSU, tomado una l\u00ednea muy clara en el \u00e1rea cient\u00edfico humanista e ingreso a la universidad, desde pre kinder a cuarto medio\u00bb.<br \/>\nEntre los establecimientos de la red municipal, s\u00f3lo el Liceo Rep\u00fablica Argentina atiende en todos los niveles, siendo tambi\u00e9n \u00abel \u00fanico establecimiento de la provincia que se encuentra en estas condiciones, lo que da una ventaja a nuestras familias, puesto que desde muy peque\u00f1os podemos trabajar con los alumnos y proyectarlos hacia la educaci\u00f3n superior\u00bb, explic\u00f3 Reinoso.<br \/>\nAdem\u00e1s, su jard\u00edn infantil recibe a menores desde los tres meses, respondiendo a las necesidades de la comunidad andina. A ello se suma que la instituci\u00f3n implementa un proyecto de integraci\u00f3n, educando tambi\u00e9n a ni\u00f1os con capacidades diferentes.<br \/>\n\u00abEl establecimiento ha instalado programas y proyectos que evidencian un proceso de trabajo en la convivencia y ambientes de aprendizaje, proyect\u00e1ndose a la excelencia y la educaci\u00f3n superior. Ha consolidado su oferta y proyecto educativo, y ahora la comunidad educativa est\u00e1 trabajando en conjunto para seguir avanzando\u00bb, concluy\u00f3 Reinoso.<\/p>\n","protected":false},"excerpt":{"rendered":"<p>LOS ANDES.-122 a\u00f1os cumpli\u00f3 el Liceo Rep\u00fablica Argentina de Los Andes, instituci\u00f3n p\u00fablica y gratuita que en este nuevo aniversario celebra la suma de 53 alumnos m\u00e1s que el 2014 y los&#8230;<\/p>\n","protected":false},"author":482,"featured_media":57924,"comment_status":"open","ping_status":"open","sticky":false,"template":"","format":"standard","meta":{"advanced_seo_description":"","jetpack_seo_html_title":"","jetpack_seo_noindex":false,"_jetpack_memberships_contains_paid_content":false,"footnotes":""},"categories":[15],"tags":[],"class_list":["post-57923","post","type-post","status-publish","format-standard","has-post-thumbnail","hentry","category-comunidad"],"jetpack_featured_media_url":"https:\/\/i0.wp.com\/eltrabajo.cl\/portal\/wp-content\/uploads\/2015\/05\/2-REP.-ARGENTINA.jpg?fit=530%2C350&ssl=1","jetpack_sharing_enabled":true,"jetpack_likes_enabled":true,"jetpack-related-posts":[],"_links":{"self":[{"href":"https:\/\/eltrabajo.cl\/portal\/wp-json\/wp\/v2\/posts\/57923","targetHints":{"allow":["GET"]}}],"collection":[{"href":"https:\/\/eltrabajo.cl\/portal\/wp-json\/wp\/v2\/posts"}],"about":[{"href":"https:\/\/eltrabajo.cl\/portal\/wp-json\/wp\/v2\/types\/post"}],"author":[{"embeddable":true,"href":"https:\/\/eltrabajo.cl\/portal\/wp-json\/wp\/v2\/users\/482"}],"replies":[{"embeddable":true,"href":"https:\/\/eltrabajo.cl\/portal\/wp-json\/wp\/v2\/comments?post=57923"}],"version-history":[{"count":0,"href":"https:\/\/eltrabajo.cl\/portal\/wp-json\/wp\/v2\/posts\/57923\/revisions"}],"wp:featuredmedia":[{"embeddable":true,"href":"https:\/\/eltrabajo.cl\/portal\/wp-json\/wp\/v2\/media\/57924"}],"wp:attachment":[{"href":"https:\/\/eltrabajo.cl\/portal\/wp-json\/wp\/v2\/media?parent=57923"}],"wp:term":[{"taxonomy":"category","embeddable":true,"href":"https:\/\/eltrabajo.cl\/portal\/wp-json\/wp\/v2\/categories?post=57923"},{"taxonomy":"post_tag","embeddable":true,"href":"https:\/\/eltrabajo.cl\/portal\/wp-json\/wp\/v2\/tags?post=57923"}],"curies":[{"name":"wp","href":"https:\/\/api.w.org\/{rel}","templated":true}]}}