{"id":57926,"date":"2015-05-14T09:34:14","date_gmt":"2015-05-14T12:34:14","guid":{"rendered":"http:\/\/www.eltrabajo.cl\/portal\/?p=57926"},"modified":"2015-05-14T09:34:14","modified_gmt":"2015-05-14T12:34:14","slug":"entregan-62-millones-de-pesos-a-bomberos-para-adquirir-carro-bomba","status":"publish","type":"post","link":"https:\/\/eltrabajo.cl\/portal\/entregan-62-millones-de-pesos-a-bomberos-para-adquirir-carro-bomba\/","title":{"rendered":"Entregan 62 millones de pesos a Bomberos para adquirir carro bomba"},"content":{"rendered":"<figure id=\"attachment_57927\" aria-describedby=\"caption-attachment-57927\" style=\"width: 530px\" class=\"wp-caption alignnone\"><a href=\"https:\/\/i0.wp.com\/www.eltrabajo.cl\/portal\/wp-content\/uploads\/2015\/05\/bomberos_rinconada2.jpg\"><img data-recalc-dims=\"1\" loading=\"lazy\" decoding=\"async\" class=\"size-full wp-image-57927\" src=\"https:\/\/i0.wp.com\/www.eltrabajo.cl\/portal\/wp-content\/uploads\/2015\/05\/bomberos_rinconada2.jpg?resize=530%2C348\" alt=\"Gracias al aporte de la Municipalidad de Rinconada, Bomberos contar\u00e1 con un nuevo carro de Rescate.\" width=\"530\" height=\"348\" srcset=\"https:\/\/i0.wp.com\/eltrabajo.cl\/portal\/wp-content\/uploads\/2015\/05\/bomberos_rinconada2.jpg?w=530&amp;ssl=1 530w, https:\/\/i0.wp.com\/eltrabajo.cl\/portal\/wp-content\/uploads\/2015\/05\/bomberos_rinconada2.jpg?resize=200%2C131&amp;ssl=1 200w, https:\/\/i0.wp.com\/eltrabajo.cl\/portal\/wp-content\/uploads\/2015\/05\/bomberos_rinconada2.jpg?resize=300%2C197&amp;ssl=1 300w, https:\/\/i0.wp.com\/eltrabajo.cl\/portal\/wp-content\/uploads\/2015\/05\/bomberos_rinconada2.jpg?resize=150%2C98&amp;ssl=1 150w, https:\/\/i0.wp.com\/eltrabajo.cl\/portal\/wp-content\/uploads\/2015\/05\/bomberos_rinconada2.jpg?resize=400%2C263&amp;ssl=1 400w\" sizes=\"auto, (max-width: 530px) 100vw, 530px\" \/><\/a><figcaption id=\"caption-attachment-57927\" class=\"wp-caption-text\">Gracias al aporte de la Municipalidad de Rinconada, Bomberos contar\u00e1 con un nuevo carro de Rescate.<\/figcaption><\/figure>\n<p><strong>RINCONADA<\/strong>.- Un esperado sue\u00f1o por fin se concret\u00f3 la jornada del d\u00eda martes, tras la firma del proyecto para la adquisici\u00f3n de un carro bomba.<br \/>\nLa adquisici\u00f3n de este veh\u00edculo de rescate tiene un valor de m\u00e1s de 67 millones de pesos y 62 de ellos ya fueron financiados por el municipio de Rinconada.<br \/>\nEste proyecto se viene realizando desde principios de este a\u00f1o, en donde personal de Bomberos de Rinconada concret\u00f3 una reuni\u00f3n con el alcalde Pedro Caballer\u00eda, para informarle que quer\u00edan comprar un nuevo carro bomba para la unidad.<br \/>\nEn la compa\u00f1\u00eda de Rinconada trabajan alrededor de 35 bomberos y cuentan con cinco carros, tres de ellos de unidad pesada y dos livianos. El veh\u00edculo que van a adquirir en esta oportunidad en Estados Unidos es netamente de rescate, pero cumple las dos funciones: de agua y rescate.<br \/>\nPara bomberos esta noticia ha sido incre\u00edble, ya que el financiamiento es lo importante, ya que la instituci\u00f3n no tiene fines de lucro y cuentan con pocos recursos. La noticia gener\u00f3 mucha alegr\u00eda en la instituci\u00f3n, debido a que es un proyecto que hoy se pudo concretar y que no s\u00f3lo ir\u00e1 en beneficio de la compa\u00f1\u00eda, sino de todos los rinconadinos.<br \/>\nEl alcalde Pedro Caballer\u00eda firm\u00f3 durante la ma\u00f1ana del martes el proyecto y manifest\u00f3 que \u201clos est\u00e1ndares que tienen los bomberos en Estados Unidos son mucho m\u00e1s elevados que los de ac\u00e1, raz\u00f3n por la cual este carro viene muy bien equipado y cumple con las condiciones para lo que es la actividad bomberil que requiere nuestra comuna para atender cualquier emergencia. Adem\u00e1s este carro puede ayudar a atender a otras comunas vecinas cuando lo requieran, en eso bomberos se coordina muy bien\u201d. El edil se\u00f1al\u00f3 adem\u00e1s que este ha sido un sue\u00f1o muy esperado por los bomberos de Rinconada y que en esta jornada fue votado con cinco votos a favor y dos en contra, pero cabe destacar que fue apoyada esta subvenci\u00f3n para que bomberos pueda adquirir este carro con caracter\u00edsticas t\u00e9cnicas muy buenas y que beneficiar\u00e1 a toda la comuna.<br \/>\nPor su parte, el superintendente de Bomberos, Luis Toro Figueroa, explic\u00f3 que este carro tiene un valor que supera los 60 millones de pesos y estar\u00eda llegando a la comuna a fines de junio. Es un veh\u00edculo de segunda mano tra\u00eddo desde los Estados Unidos, pero que viene en excelentes condiciones.<br \/>\n\u201cSomos un cuerpo de bomberos que estamos catalogados en primera instancia como uno de los mejores de la regi\u00f3n. Tenemos material de rescate completo para equipar la unidad, de rescate pesado y urbano, adem\u00e1s de cuerda y otros elementos. El alcalde nos dio un buen apoyo en este proyecto que hoy se ha concretado\u201d, apunt\u00f3.<br \/>\nEn la ocasi\u00f3n H\u00e9ctor Vergara, director del Cuerpo de Bomberos de Rinconada, aprovech\u00f3 la oportunidad de agradecer a su comandante Marcelo Antip\u00e1n, quien es la persona que ha estado haciendo los contactos y gestionando con el pa\u00eds del norte la llegada de este carro bomba.<br \/>\n\u201cLlev\u00e1bamos mucho rato esperando a que se dieran las condiciones, as\u00ed que hoy agradecemos a la alcald\u00eda y a los concejales e que esto haya llegado a un feliz t\u00e9rmino. El modelo del veh\u00edculo que vamos a comprar es el que est\u00e1 vigente. Nosotros esperamos que nos dure unos 15 a\u00f1os m\u00e1s, nosotros nos preocupamos mucho de la mantenci\u00f3n de nuestros carros\u201d, expres\u00f3.<br \/>\nEs importante destacar que el municipio le entrega a esta compa\u00f1\u00eda de bomberos una subvenci\u00f3n de un mill\u00f3n de pesos mensuales, los cuales son utilizados en gastos operacionales.<br \/>\nVergara afirm\u00f3 que nunca han tenido inconvenientes con su equipo, ya que ellos est\u00e1n siendo capacitados constantemente, lo que los mantiene vigentes y preparados para cualquier emergencia.<\/p>\n","protected":false},"excerpt":{"rendered":"<p>RINCONADA.- Un esperado sue\u00f1o por fin se concret\u00f3 la jornada del d\u00eda martes, tras la firma del proyecto para la adquisici\u00f3n de un carro bomba. La adquisici\u00f3n de este veh\u00edculo de rescate&#8230;<\/p>\n","protected":false},"author":482,"featured_media":57927,"comment_status":"open","ping_status":"open","sticky":false,"template":"","format":"standard","meta":{"advanced_seo_description":"","jetpack_seo_html_title":"","jetpack_seo_noindex":false,"_jetpack_memberships_contains_paid_content":false,"footnotes":""},"categories":[15],"tags":[],"class_list":["post-57926","post","type-post","status-publish","format-standard","has-post-thumbnail","hentry","category-comunidad"],"jetpack_featured_media_url":"https:\/\/i0.wp.com\/eltrabajo.cl\/portal\/wp-content\/uploads\/2015\/05\/bomberos_rinconada2.jpg?fit=530%2C348&ssl=1","jetpack_sharing_enabled":true,"jetpack_likes_enabled":true,"jetpack-related-posts":[],"_links":{"self":[{"href":"https:\/\/eltrabajo.cl\/portal\/wp-json\/wp\/v2\/posts\/57926","targetHints":{"allow":["GET"]}}],"collection":[{"href":"https:\/\/eltrabajo.cl\/portal\/wp-json\/wp\/v2\/posts"}],"about":[{"href":"https:\/\/eltrabajo.cl\/portal\/wp-json\/wp\/v2\/types\/post"}],"author":[{"embeddable":true,"href":"https:\/\/eltrabajo.cl\/portal\/wp-json\/wp\/v2\/users\/482"}],"replies":[{"embeddable":true,"href":"https:\/\/eltrabajo.cl\/portal\/wp-json\/wp\/v2\/comments?post=57926"}],"version-history":[{"count":0,"href":"https:\/\/eltrabajo.cl\/portal\/wp-json\/wp\/v2\/posts\/57926\/revisions"}],"wp:featuredmedia":[{"embeddable":true,"href":"https:\/\/eltrabajo.cl\/portal\/wp-json\/wp\/v2\/media\/57927"}],"wp:attachment":[{"href":"https:\/\/eltrabajo.cl\/portal\/wp-json\/wp\/v2\/media?parent=57926"}],"wp:term":[{"taxonomy":"category","embeddable":true,"href":"https:\/\/eltrabajo.cl\/portal\/wp-json\/wp\/v2\/categories?post=57926"},{"taxonomy":"post_tag","embeddable":true,"href":"https:\/\/eltrabajo.cl\/portal\/wp-json\/wp\/v2\/tags?post=57926"}],"curies":[{"name":"wp","href":"https:\/\/api.w.org\/{rel}","templated":true}]}}