{"id":58020,"date":"2015-05-18T09:43:32","date_gmt":"2015-05-18T12:43:32","guid":{"rendered":"http:\/\/www.eltrabajo.cl\/portal\/?p=58020"},"modified":"2015-05-18T09:49:32","modified_gmt":"2015-05-18T12:49:32","slug":"estudiantes-conquistan-sus-miedos-en-7o-torneo-de-ajedrez-escolar","status":"publish","type":"post","link":"https:\/\/eltrabajo.cl\/portal\/estudiantes-conquistan-sus-miedos-en-7o-torneo-de-ajedrez-escolar\/","title":{"rendered":"Estudiantes conquistan sus miedos en 7\u00ba Torneo de Ajedrez Escolar"},"content":{"rendered":"<figure id=\"attachment_58021\" aria-describedby=\"caption-attachment-58021\" style=\"width: 530px\" class=\"wp-caption alignnone\"><a href=\"https:\/\/i0.wp.com\/www.eltrabajo.cl\/portal\/wp-content\/uploads\/2015\/05\/Torneo1.jpg\"><img data-recalc-dims=\"1\" loading=\"lazy\" decoding=\"async\" class=\"size-full wp-image-58021\" src=\"https:\/\/i0.wp.com\/www.eltrabajo.cl\/portal\/wp-content\/uploads\/2015\/05\/Torneo1.jpg?resize=530%2C349\" alt=\"GENIOS DEL AJEDREZ.- Con mucha intensidad se vivi\u00f3 el 7\u00ba Torneo Escolar de Ajedrez en la Escuela Buen Pastor de San Felipe, jugadores y profesores posan para las c\u00e1maras de Diario El Trabajo.\" width=\"530\" height=\"349\" srcset=\"https:\/\/i0.wp.com\/eltrabajo.cl\/portal\/wp-content\/uploads\/2015\/05\/Torneo1.jpg?w=530&amp;ssl=1 530w, https:\/\/i0.wp.com\/eltrabajo.cl\/portal\/wp-content\/uploads\/2015\/05\/Torneo1.jpg?resize=200%2C132&amp;ssl=1 200w, https:\/\/i0.wp.com\/eltrabajo.cl\/portal\/wp-content\/uploads\/2015\/05\/Torneo1.jpg?resize=300%2C198&amp;ssl=1 300w, https:\/\/i0.wp.com\/eltrabajo.cl\/portal\/wp-content\/uploads\/2015\/05\/Torneo1.jpg?resize=150%2C99&amp;ssl=1 150w, https:\/\/i0.wp.com\/eltrabajo.cl\/portal\/wp-content\/uploads\/2015\/05\/Torneo1.jpg?resize=400%2C263&amp;ssl=1 400w\" sizes=\"auto, (max-width: 530px) 100vw, 530px\" \/><\/a><figcaption id=\"caption-attachment-58021\" class=\"wp-caption-text\">GENIOS DEL AJEDREZ.- Con mucha intensidad se vivi\u00f3 el 7\u00ba Torneo Escolar de Ajedrez en la Escuela Buen Pastor de San Felipe, jugadores y profesores posan para las c\u00e1maras de Diario El Trabajo.<\/figcaption><\/figure>\n<p>Con mucha alegr\u00eda este viernes, la Escuela Buen Pastor realiz\u00f3 el 7\u00ba Torneo de Ajedrez, con motivo del 144\u00b0 Aniversario de la instituci\u00f3n educativa. Este evento es coordinado por el instructor de ajedrez Guillermo Quijanes Villarreal, junto a la directora del establecimiento. Cuenta con el patrocinio permanente de la empresa Falabella, el Plan de Mejoramiento Educativo y el Centro de Padres y Apoderados del establecimiento.<\/p>\n<p><strong>LOS PARTICIPANTES<\/strong><br \/>\nEn esta oportunidad tambi\u00e9n se hicieron presentes con diferentes aportes Andrea Sep\u00falveda, el Concejal Dante Rodr\u00edguez y Relojer\u00eda Acron. El torneo se llev\u00f3 a cabo en la misma escuela y cont\u00f3 con la participaci\u00f3n de 73 estudiantes de diferentes establecimientos educacionales, entre los cuales se cuentan la Escuela Buen Pastor; Escuela John Kennedy; Escuela Jos\u00e9 de San Mart\u00edn; Liceo Roberto Humeres O.; Colegio Santa Juana de Arco; Colegio Vedruna; Liceo Particular Mixto; Colegio Alem\u00e1n e Instituto Chacabuco. Los ni\u00f1os fueron en su mayor\u00eda acompa\u00f1ados por sus padres y apoderados, quienes de manera entusiasta y comprometida apoyan a sus hijos en la pr\u00e1ctica de esta disciplina.<br \/>\nLa Escuela Buen Pastor se enorgullece de poder apostar al desarrollo de los ni\u00f1os de nuestra comuna, generando un espacio de sana competencia, convivencia y entretenci\u00f3n. Se destaca en este evento la importante colaboraci\u00f3n de los profesores de Educaci\u00f3n F\u00edsica de la escuela, Leslie Herrera S\u00e1ez y Juan Iturrieta Gonz\u00e1lez, Elizier Bruna y Leonardo Parra, todos comprometidos con los estudiantes y con la instituci\u00f3n, adem\u00e1s de los \u00e1rbitros Jos\u00e9 Bergel Rivera y Juan Mira Z\u00fa\u00f1iga.<\/p>\n<p><strong>JUGADORES Y LICEOS DESTACADOS<\/strong><br \/>\nEste es el listado de los m\u00e1s destacados en la premiaci\u00f3n.<br \/>\n<strong>Premios Especiales<\/strong><br \/>\n1. Ayline Segovia Colegio Buen Pastor<br \/>\n2. Ignacio Negrete Colegio Buen Pastor<br \/>\n3. C\u00e9sar Cornejo Colegio Buen Pastor<br \/>\n4. Mart\u00edn Leiva Colegio Vedruna<br \/>\n5. Antonella Ulloa Colegio Vedruna<br \/>\n6. Johan Lillo Colegio Buen Pastor<br \/>\n7. Benjam\u00edn Mart\u00ednez Colegio Buen Pastor<br \/>\n8. Francisca Mu\u00f1oz Escuela Jos\u00e9 De San Mart\u00edn<br \/>\n9. Diego General Instituto Chacabuco<br \/>\n10. Karim Saud Instituto Chacabuco<br \/>\n11. Vasco Urrutia Colegio Alem\u00e1n<br \/>\n12. Jamie Sep\u00falveda Escuela John Kennedy<br \/>\n13. Mart\u00edn Dittmar Liceo Roberto Humeres O.<br \/>\n14. Paulette Pinch\u00f3n Liceo Mixto<br \/>\n15. Maximiliano L\u00f3pez Colegio Alem\u00e1n<br \/>\n16. Hugo Cueto Instituto Chacabuco<br \/>\n17. Constanza Godoy Escuela Jos\u00e9 De San Mart\u00edn.<br \/>\n18. Gonzalo Silva Escuela John Kennedy<\/p>\n<p><strong>CATEGORIA SEIS A NUEVE A\u00d1OS<\/strong><br \/>\nPrimer Lugar: Benjam\u00edn Narro, Colegio Vedruna<br \/>\nSegundo Lugar: M\u00e1ximo Urrea, Colegio Vedruna<br \/>\nTercer Lugar: Johan Lillo, Colegio Buen Pastor<\/p>\n<p><strong>CATEGOR\u00cdA DIEZ A TRECE A\u00d1OS<\/strong><br \/>\nPrimer Lugar: Magdiel Godoy, Escuela Jos\u00e9 De San Mart\u00edn<br \/>\nSegundo Lugar: Lisbeth Raymonsson, Escuela Jos\u00e9 De San Mart\u00edn<br \/>\nTercer Lugar: Wladimir C\u00f3rdova, Colegio Vedruna<\/p>\n<p><strong>CATEGOR\u00cdA CATORCE A 18 A\u00d1OS<\/strong><br \/>\nPrimer Lugar: Karim Saud, Instituto Chacabuco<br \/>\nSegundo Lugar: Bruno Arias, Instituto Chacabuco<br \/>\nTercer Lugar: Facundo Oti\u00f1ano, Liceo Roberto Humeres O.<br \/>\n<strong>Roberto Gonz\u00e1lez Short<\/strong><br \/>\nrgonzalez@eltrabajo.cl<\/p>\n<div class=\"tiled-gallery type-rectangular tiled-gallery-unresized\" data-original-width=\"640\" data-carousel-extra='null' itemscope itemtype=\"http:\/\/schema.org\/ImageGallery\" > <div class=\"gallery-row\" style=\"width: 640px; height: 212px;\" data-original-width=\"640\" data-original-height=\"212\" > <div class=\"gallery-group images-1\" style=\"width: 320px; height: 212px;\" data-original-width=\"320\" data-original-height=\"212\" > <div class=\"tiled-gallery-item tiled-gallery-item-large\" itemprop=\"associatedMedia\" itemscope itemtype=\"http:\/\/schema.org\/ImageObject\"> <a href=\"https:\/\/eltrabajo.cl\/portal\/estudiantes-conquistan-sus-miedos-en-7o-torneo-de-ajedrez-escolar\/torneo3\/\" border=\"0\" itemprop=\"url\"> <meta itemprop=\"width\" content=\"316\"> <meta itemprop=\"height\" content=\"208\"> <img decoding=\"async\" class=\"\" data-attachment-id=\"58023\" data-orig-file=\"https:\/\/eltrabajo.cl\/portal\/wp-content\/uploads\/2015\/05\/Torneo3.jpg\" data-orig-size=\"530,349\" data-comments-opened=\"1\" data-image-meta=\"{&quot;aperture&quot;:&quot;0&quot;,&quot;credit&quot;:&quot;&quot;,&quot;camera&quot;:&quot;&quot;,&quot;caption&quot;:&quot;&quot;,&quot;created_timestamp&quot;:&quot;0&quot;,&quot;copyright&quot;:&quot;&quot;,&quot;focal_length&quot;:&quot;0&quot;,&quot;iso&quot;:&quot;0&quot;,&quot;shutter_speed&quot;:&quot;0&quot;,&quot;title&quot;:&quot;&quot;,&quot;orientation&quot;:&quot;0&quot;}\" data-image-title=\"Torneo3\" data-image-description=\"&lt;p&gt;MAESTROS Y PUPILOS.- Los profesores presentaron orgullosos a sus pupilos, cada uno de ellos imparables en su crecimiento cognitivo del \u2018Juego Ciencia\u2019.&lt;\/p&gt; \" data-medium-file=\"https:\/\/i0.wp.com\/eltrabajo.cl\/portal\/wp-content\/uploads\/2015\/05\/Torneo3.jpg?fit=300%2C198&#038;ssl=1\" data-large-file=\"https:\/\/i0.wp.com\/eltrabajo.cl\/portal\/wp-content\/uploads\/2015\/05\/Torneo3.jpg?fit=530%2C349&#038;ssl=1\" src=\"https:\/\/i0.wp.com\/eltrabajo.cl\/portal\/wp-content\/uploads\/2015\/05\/Torneo3.jpg?w=316&#038;h=208&#038;ssl=1\" srcset=\"https:\/\/i0.wp.com\/eltrabajo.cl\/portal\/wp-content\/uploads\/2015\/05\/Torneo3.jpg?w=530&amp;ssl=1 530w, https:\/\/i0.wp.com\/eltrabajo.cl\/portal\/wp-content\/uploads\/2015\/05\/Torneo3.jpg?resize=200%2C132&amp;ssl=1 200w, https:\/\/i0.wp.com\/eltrabajo.cl\/portal\/wp-content\/uploads\/2015\/05\/Torneo3.jpg?resize=300%2C198&amp;ssl=1 300w, https:\/\/i0.wp.com\/eltrabajo.cl\/portal\/wp-content\/uploads\/2015\/05\/Torneo3.jpg?resize=150%2C99&amp;ssl=1 150w, https:\/\/i0.wp.com\/eltrabajo.cl\/portal\/wp-content\/uploads\/2015\/05\/Torneo3.jpg?resize=400%2C263&amp;ssl=1 400w\" width=\"316\" height=\"208\" loading=\"lazy\" data-original-width=\"316\" data-original-height=\"208\" itemprop=\"http:\/\/schema.org\/image\" title=\"Torneo3\" alt=\"MAESTROS Y PUPILOS.- Los profesores presentaron orgullosos a sus pupilos, cada uno de ellos imparables en su crecimiento cognitivo del \u2018Juego Ciencia\u2019.\" style=\"width: 316px; height: 208px;\" \/> <\/a> <div class=\"tiled-gallery-caption\" itemprop=\"caption description\"> MAESTROS Y PUPILOS.- Los profesores presentaron orgullosos a sus pupilos, cada uno de ellos imparables en su crecimiento cognitivo del \u2018Juego Ciencia\u2019. <\/div> <\/div> <\/div> <!-- close group --> <div class=\"gallery-group images-1\" style=\"width: 320px; height: 212px;\" data-original-width=\"320\" data-original-height=\"212\" > <div class=\"tiled-gallery-item tiled-gallery-item-large\" itemprop=\"associatedMedia\" itemscope itemtype=\"http:\/\/schema.org\/ImageObject\"> <a href=\"https:\/\/eltrabajo.cl\/portal\/estudiantes-conquistan-sus-miedos-en-7o-torneo-de-ajedrez-escolar\/torneo2\/\" border=\"0\" itemprop=\"url\"> <meta itemprop=\"width\" content=\"316\"> <meta itemprop=\"height\" content=\"208\"> <img decoding=\"async\" class=\"\" data-attachment-id=\"58022\" data-orig-file=\"https:\/\/eltrabajo.cl\/portal\/wp-content\/uploads\/2015\/05\/Torneo2.jpg\" data-orig-size=\"530,350\" data-comments-opened=\"1\" data-image-meta=\"{&quot;aperture&quot;:&quot;0&quot;,&quot;credit&quot;:&quot;&quot;,&quot;camera&quot;:&quot;&quot;,&quot;caption&quot;:&quot;&quot;,&quot;created_timestamp&quot;:&quot;0&quot;,&quot;copyright&quot;:&quot;&quot;,&quot;focal_length&quot;:&quot;0&quot;,&quot;iso&quot;:&quot;0&quot;,&quot;shutter_speed&quot;:&quot;0&quot;,&quot;title&quot;:&quot;&quot;,&quot;orientation&quot;:&quot;0&quot;}\" data-image-title=\"Torneo2\" data-image-description=\"&lt;p&gt;BRILLANTES.- No hubo misericordia para nadie, las mejores mentes del mundo escolar se enfrentaron en distintas partidas durante todo el torneo.&lt;\/p&gt; \" data-medium-file=\"https:\/\/i0.wp.com\/eltrabajo.cl\/portal\/wp-content\/uploads\/2015\/05\/Torneo2.jpg?fit=300%2C198&#038;ssl=1\" data-large-file=\"https:\/\/i0.wp.com\/eltrabajo.cl\/portal\/wp-content\/uploads\/2015\/05\/Torneo2.jpg?fit=530%2C350&#038;ssl=1\" src=\"https:\/\/i0.wp.com\/eltrabajo.cl\/portal\/wp-content\/uploads\/2015\/05\/Torneo2.jpg?w=316&#038;h=208&#038;ssl=1\" srcset=\"https:\/\/i0.wp.com\/eltrabajo.cl\/portal\/wp-content\/uploads\/2015\/05\/Torneo2.jpg?w=530&amp;ssl=1 530w, https:\/\/i0.wp.com\/eltrabajo.cl\/portal\/wp-content\/uploads\/2015\/05\/Torneo2.jpg?resize=200%2C132&amp;ssl=1 200w, https:\/\/i0.wp.com\/eltrabajo.cl\/portal\/wp-content\/uploads\/2015\/05\/Torneo2.jpg?resize=300%2C198&amp;ssl=1 300w, https:\/\/i0.wp.com\/eltrabajo.cl\/portal\/wp-content\/uploads\/2015\/05\/Torneo2.jpg?resize=150%2C99&amp;ssl=1 150w, https:\/\/i0.wp.com\/eltrabajo.cl\/portal\/wp-content\/uploads\/2015\/05\/Torneo2.jpg?resize=400%2C264&amp;ssl=1 400w\" width=\"316\" height=\"208\" loading=\"lazy\" data-original-width=\"316\" data-original-height=\"208\" itemprop=\"http:\/\/schema.org\/image\" title=\"Torneo2\" alt=\"BRILLANTES.- No hubo misericordia para nadie, las mejores mentes del mundo escolar se enfrentaron en distintas partidas durante todo el torneo.\" style=\"width: 316px; height: 208px;\" \/> <\/a> <div class=\"tiled-gallery-caption\" itemprop=\"caption description\"> BRILLANTES.- No hubo misericordia para nadie, las mejores mentes del mundo escolar se enfrentaron en distintas partidas durante todo el torneo. <\/div> <\/div> <\/div> <!-- close group --> <\/div> <!-- close row --> <\/div>\n","protected":false},"excerpt":{"rendered":"<p>Con mucha alegr\u00eda este viernes, la Escuela Buen Pastor realiz\u00f3 el 7\u00ba Torneo de Ajedrez, con motivo del 144\u00b0 Aniversario de la instituci\u00f3n educativa. Este evento es coordinado por el instructor de&#8230;<\/p>\n","protected":false},"author":482,"featured_media":58021,"comment_status":"open","ping_status":"open","sticky":false,"template":"","format":"standard","meta":{"advanced_seo_description":"","jetpack_seo_html_title":"","jetpack_seo_noindex":false,"_jetpack_memberships_contains_paid_content":false,"footnotes":""},"categories":[15],"tags":[],"class_list":["post-58020","post","type-post","status-publish","format-standard","has-post-thumbnail","hentry","category-comunidad"],"jetpack_featured_media_url":"https:\/\/i0.wp.com\/eltrabajo.cl\/portal\/wp-content\/uploads\/2015\/05\/Torneo1.jpg?fit=530%2C349&ssl=1","jetpack_sharing_enabled":true,"jetpack_likes_enabled":true,"jetpack-related-posts":[],"_links":{"self":[{"href":"https:\/\/eltrabajo.cl\/portal\/wp-json\/wp\/v2\/posts\/58020","targetHints":{"allow":["GET"]}}],"collection":[{"href":"https:\/\/eltrabajo.cl\/portal\/wp-json\/wp\/v2\/posts"}],"about":[{"href":"https:\/\/eltrabajo.cl\/portal\/wp-json\/wp\/v2\/types\/post"}],"author":[{"embeddable":true,"href":"https:\/\/eltrabajo.cl\/portal\/wp-json\/wp\/v2\/users\/482"}],"replies":[{"embeddable":true,"href":"https:\/\/eltrabajo.cl\/portal\/wp-json\/wp\/v2\/comments?post=58020"}],"version-history":[{"count":0,"href":"https:\/\/eltrabajo.cl\/portal\/wp-json\/wp\/v2\/posts\/58020\/revisions"}],"wp:featuredmedia":[{"embeddable":true,"href":"https:\/\/eltrabajo.cl\/portal\/wp-json\/wp\/v2\/media\/58021"}],"wp:attachment":[{"href":"https:\/\/eltrabajo.cl\/portal\/wp-json\/wp\/v2\/media?parent=58020"}],"wp:term":[{"taxonomy":"category","embeddable":true,"href":"https:\/\/eltrabajo.cl\/portal\/wp-json\/wp\/v2\/categories?post=58020"},{"taxonomy":"post_tag","embeddable":true,"href":"https:\/\/eltrabajo.cl\/portal\/wp-json\/wp\/v2\/tags?post=58020"}],"curies":[{"name":"wp","href":"https:\/\/api.w.org\/{rel}","templated":true}]}}