{"id":58025,"date":"2015-05-18T09:45:19","date_gmt":"2015-05-18T12:45:19","guid":{"rendered":"http:\/\/www.eltrabajo.cl\/portal\/?p=58025"},"modified":"2015-05-18T09:45:19","modified_gmt":"2015-05-18T12:45:19","slug":"adquieren-camion-con-hidroelevador-para-mantenimiento-de-luminarias-de-alumbrado-publico","status":"publish","type":"post","link":"https:\/\/eltrabajo.cl\/portal\/adquieren-camion-con-hidroelevador-para-mantenimiento-de-luminarias-de-alumbrado-publico\/","title":{"rendered":"Adquieren cami\u00f3n con hidroelevador para mantenimiento de luminarias de Alumbrado P\u00fablico"},"content":{"rendered":"<figure id=\"attachment_58026\" aria-describedby=\"caption-attachment-58026\" style=\"width: 530px\" class=\"wp-caption alignnone\"><a href=\"https:\/\/i0.wp.com\/www.eltrabajo.cl\/portal\/wp-content\/uploads\/2015\/05\/OPERACION-DE-CAMION-CAPACHO.jpg\"><img data-recalc-dims=\"1\" loading=\"lazy\" decoding=\"async\" class=\"size-full wp-image-58026\" src=\"https:\/\/i0.wp.com\/www.eltrabajo.cl\/portal\/wp-content\/uploads\/2015\/05\/OPERACION-DE-CAMION-CAPACHO.jpg?resize=530%2C349\" alt=\"El cami\u00f3n hidroelevador, adem\u00e1s de realizar el mantenimiento a las luminarias p\u00fablicas, tambi\u00e9n podr\u00e1 prestar ayuda a Bomberos en emergencias en alturas.\" width=\"530\" height=\"349\" srcset=\"https:\/\/i0.wp.com\/eltrabajo.cl\/portal\/wp-content\/uploads\/2015\/05\/OPERACION-DE-CAMION-CAPACHO.jpg?w=530&amp;ssl=1 530w, https:\/\/i0.wp.com\/eltrabajo.cl\/portal\/wp-content\/uploads\/2015\/05\/OPERACION-DE-CAMION-CAPACHO.jpg?resize=200%2C132&amp;ssl=1 200w, https:\/\/i0.wp.com\/eltrabajo.cl\/portal\/wp-content\/uploads\/2015\/05\/OPERACION-DE-CAMION-CAPACHO.jpg?resize=300%2C198&amp;ssl=1 300w, https:\/\/i0.wp.com\/eltrabajo.cl\/portal\/wp-content\/uploads\/2015\/05\/OPERACION-DE-CAMION-CAPACHO.jpg?resize=150%2C99&amp;ssl=1 150w, https:\/\/i0.wp.com\/eltrabajo.cl\/portal\/wp-content\/uploads\/2015\/05\/OPERACION-DE-CAMION-CAPACHO.jpg?resize=400%2C263&amp;ssl=1 400w\" sizes=\"auto, (max-width: 530px) 100vw, 530px\" \/><\/a><figcaption id=\"caption-attachment-58026\" class=\"wp-caption-text\">El cami\u00f3n hidroelevador, adem\u00e1s de realizar el mantenimiento a las luminarias p\u00fablicas, tambi\u00e9n podr\u00e1 prestar ayuda a Bomberos en emergencias en alturas.<\/figcaption><\/figure>\n<p><strong>LLAY LLAY.-<\/strong> En pleno funcionamiento se encuentra el cami\u00f3n con capacho adquirido por el municipio llaylla\u00edno, para automantener las luminarias del sector rural y urbano de la comuna. As\u00ed, lo confirmo en una visita en terreno el alcalde Mario Marillanca. Respecto a este tema, la autoridad indic\u00f3 \u201cestamos partiendo el trabajo por Las Vegas, el objetivo es que de aqu\u00ed a un mes mejoremos sustancialmente nuestro alumbrado p\u00fablico\u201d.<br \/>\nEl trabajo operativo lo realizan funcionarios municipales durante el d\u00eda, y por sectores de acuerdo a la planificaci\u00f3n de la Carta Gantt. No obstante la comunidad que visualice alg\u00fan problema, puede tomar el n\u00famero de poste y acercarse al Departamento de Obras del Municipio.<br \/>\nEl alcalde Mario Marillanca detall\u00f3 el desglose de la cifra de inversi\u00f3n para la compra del cami\u00f3n con hidroelevador \u201cdecidimos adquirir el equipamiento bajo la modalidad de un proyecto por 20 millones de pesos, y el capacho directamente con fondos municipales por alrededor de 20 millones de pesos\u201d.<br \/>\nEl cami\u00f3n adquirido tambi\u00e9n va permitir realizar podas a los \u00e1rboles y prestar ayudar a Bomberos en emergencias en altura.<\/p>\n","protected":false},"excerpt":{"rendered":"<p>LLAY LLAY.- En pleno funcionamiento se encuentra el cami\u00f3n con capacho adquirido por el municipio llaylla\u00edno, para automantener las luminarias del sector rural y urbano de la comuna. As\u00ed, lo confirmo en&#8230;<\/p>\n","protected":false},"author":482,"featured_media":58026,"comment_status":"open","ping_status":"open","sticky":false,"template":"","format":"standard","meta":{"advanced_seo_description":"","jetpack_seo_html_title":"","jetpack_seo_noindex":false,"_jetpack_memberships_contains_paid_content":false,"footnotes":""},"categories":[15],"tags":[],"class_list":["post-58025","post","type-post","status-publish","format-standard","has-post-thumbnail","hentry","category-comunidad"],"jetpack_featured_media_url":"https:\/\/i0.wp.com\/eltrabajo.cl\/portal\/wp-content\/uploads\/2015\/05\/OPERACION-DE-CAMION-CAPACHO.jpg?fit=530%2C349&ssl=1","jetpack_sharing_enabled":true,"jetpack_likes_enabled":true,"jetpack-related-posts":[],"_links":{"self":[{"href":"https:\/\/eltrabajo.cl\/portal\/wp-json\/wp\/v2\/posts\/58025","targetHints":{"allow":["GET"]}}],"collection":[{"href":"https:\/\/eltrabajo.cl\/portal\/wp-json\/wp\/v2\/posts"}],"about":[{"href":"https:\/\/eltrabajo.cl\/portal\/wp-json\/wp\/v2\/types\/post"}],"author":[{"embeddable":true,"href":"https:\/\/eltrabajo.cl\/portal\/wp-json\/wp\/v2\/users\/482"}],"replies":[{"embeddable":true,"href":"https:\/\/eltrabajo.cl\/portal\/wp-json\/wp\/v2\/comments?post=58025"}],"version-history":[{"count":0,"href":"https:\/\/eltrabajo.cl\/portal\/wp-json\/wp\/v2\/posts\/58025\/revisions"}],"wp:featuredmedia":[{"embeddable":true,"href":"https:\/\/eltrabajo.cl\/portal\/wp-json\/wp\/v2\/media\/58026"}],"wp:attachment":[{"href":"https:\/\/eltrabajo.cl\/portal\/wp-json\/wp\/v2\/media?parent=58025"}],"wp:term":[{"taxonomy":"category","embeddable":true,"href":"https:\/\/eltrabajo.cl\/portal\/wp-json\/wp\/v2\/categories?post=58025"},{"taxonomy":"post_tag","embeddable":true,"href":"https:\/\/eltrabajo.cl\/portal\/wp-json\/wp\/v2\/tags?post=58025"}],"curies":[{"name":"wp","href":"https:\/\/api.w.org\/{rel}","templated":true}]}}