{"id":58034,"date":"2015-05-18T09:51:43","date_gmt":"2015-05-18T12:51:43","guid":{"rendered":"http:\/\/www.eltrabajo.cl\/portal\/?p=58034"},"modified":"2015-05-18T09:51:43","modified_gmt":"2015-05-18T12:51:43","slug":"cantores-a-lo-humano-y-lo-divino-y-vecinos-se-reunieron-en-torno-a-la-cruz-de-juan-rozas","status":"publish","type":"post","link":"https:\/\/eltrabajo.cl\/portal\/cantores-a-lo-humano-y-lo-divino-y-vecinos-se-reunieron-en-torno-a-la-cruz-de-juan-rozas\/","title":{"rendered":"Cantores a lo Humano y lo Divino y vecinos se reunieron en torno a la Cruz de Juan Rozas"},"content":{"rendered":"<figure id=\"attachment_58035\" aria-describedby=\"caption-attachment-58035\" style=\"width: 530px\" class=\"wp-caption alignnone\"><a href=\"https:\/\/i0.wp.com\/www.eltrabajo.cl\/portal\/wp-content\/uploads\/2015\/05\/CRUZ-JUAN-ROZAS-4.jpg\"><img data-recalc-dims=\"1\" loading=\"lazy\" decoding=\"async\" class=\"size-full wp-image-58035\" src=\"https:\/\/i0.wp.com\/www.eltrabajo.cl\/portal\/wp-content\/uploads\/2015\/05\/CRUZ-JUAN-ROZAS-4.jpg?resize=530%2C350\" alt=\"Con una eucarist\u00eda, el Di\u00e1cono Hern\u00e1n Castillo particip\u00f3 este s\u00e1bado de las celebraciones organizadas por la comunidad.\" width=\"530\" height=\"350\" srcset=\"https:\/\/i0.wp.com\/eltrabajo.cl\/portal\/wp-content\/uploads\/2015\/05\/CRUZ-JUAN-ROZAS-4.jpg?w=530&amp;ssl=1 530w, https:\/\/i0.wp.com\/eltrabajo.cl\/portal\/wp-content\/uploads\/2015\/05\/CRUZ-JUAN-ROZAS-4.jpg?resize=200%2C132&amp;ssl=1 200w, https:\/\/i0.wp.com\/eltrabajo.cl\/portal\/wp-content\/uploads\/2015\/05\/CRUZ-JUAN-ROZAS-4.jpg?resize=300%2C198&amp;ssl=1 300w, https:\/\/i0.wp.com\/eltrabajo.cl\/portal\/wp-content\/uploads\/2015\/05\/CRUZ-JUAN-ROZAS-4.jpg?resize=150%2C99&amp;ssl=1 150w, https:\/\/i0.wp.com\/eltrabajo.cl\/portal\/wp-content\/uploads\/2015\/05\/CRUZ-JUAN-ROZAS-4.jpg?resize=400%2C264&amp;ssl=1 400w\" sizes=\"auto, (max-width: 530px) 100vw, 530px\" \/><\/a><figcaption id=\"caption-attachment-58035\" class=\"wp-caption-text\">Con una eucarist\u00eda, el Di\u00e1cono Hern\u00e1n Castillo particip\u00f3 este s\u00e1bado de las celebraciones organizadas por la comunidad.<\/figcaption><\/figure>\n<p><strong>PUTAENDO<\/strong>.- Una importante festividad religiosa se desarroll\u00f3 en la Cruz ubicada en un cerro de calle Juan Rozas, en donde vecinos y Cantores a lo Humano y lo Divino homenajearon a la cruz existente en ese lugar.<br \/>\nDurante este per\u00edodo se celebra el Mes de la Cruz, y en varios sectores de Putaendo se han realizado actividades, en donde es habitual ver a los Cantores a lo Humano y lo Divino, por lo que este s\u00e1bado, este grupo de hombres y mujeres encabezados por el reconocido Pedro \u2018Choro\u2019 Estay, comenzaron a las 11:00 horas a entregar todo su talento a los pies de la Cruz que fue inaugurada hace dos a\u00f1os por los vecinos de Juan Rozas.<\/p>\n<figure id=\"attachment_58036\" aria-describedby=\"caption-attachment-58036\" style=\"width: 400px\" class=\"wp-caption alignright\"><a href=\"https:\/\/i0.wp.com\/www.eltrabajo.cl\/portal\/wp-content\/uploads\/2015\/05\/Cruz-juan-Rozas-5.jpg\"><img data-recalc-dims=\"1\" loading=\"lazy\" decoding=\"async\" class=\"wp-image-58036\" src=\"https:\/\/i0.wp.com\/www.eltrabajo.cl\/portal\/wp-content\/uploads\/2015\/05\/Cruz-juan-Rozas-5.jpg?resize=400%2C263\" alt=\"Los Cantores a lo Humano y lo Divino homenajearon a la Cruz de Juan Rozas, siendo parte de una serie de actividades que se organizan en la comuna por el Mes de la Cruz.\" width=\"400\" height=\"263\" srcset=\"https:\/\/i0.wp.com\/eltrabajo.cl\/portal\/wp-content\/uploads\/2015\/05\/Cruz-juan-Rozas-5.jpg?w=530&amp;ssl=1 530w, https:\/\/i0.wp.com\/eltrabajo.cl\/portal\/wp-content\/uploads\/2015\/05\/Cruz-juan-Rozas-5.jpg?resize=200%2C132&amp;ssl=1 200w, https:\/\/i0.wp.com\/eltrabajo.cl\/portal\/wp-content\/uploads\/2015\/05\/Cruz-juan-Rozas-5.jpg?resize=300%2C198&amp;ssl=1 300w, https:\/\/i0.wp.com\/eltrabajo.cl\/portal\/wp-content\/uploads\/2015\/05\/Cruz-juan-Rozas-5.jpg?resize=150%2C99&amp;ssl=1 150w, https:\/\/i0.wp.com\/eltrabajo.cl\/portal\/wp-content\/uploads\/2015\/05\/Cruz-juan-Rozas-5.jpg?resize=400%2C263&amp;ssl=1 400w\" sizes=\"auto, (max-width: 400px) 100vw, 400px\" \/><\/a><figcaption id=\"caption-attachment-58036\" class=\"wp-caption-text\">Los Cantores a lo Humano y lo Divino homenajearon a la Cruz de Juan Rozas, siendo parte de una serie de actividades que se organizan en la comuna por el Mes de la Cruz.<\/figcaption><\/figure>\n<p>Pasadas las 15:30 horas, el Di\u00e1cono Hern\u00e1n Castillo presidi\u00f3 la eucarist\u00eda, y luego todos los presentes participaron de una convivencia organizada por los residentes de Juan Rozas.<br \/>\nPablo Montenegro, Presidente de la Junta de Vecinos de Juan Rozas, asegur\u00f3 que para la comunidad esta actividad fue muy importante, y agradeci\u00f3 la colaboraci\u00f3n de los Cantores a lo Humano y lo Divino de Putaendo, agregando que haber saludado a la cruz existente en el lugar es mucho m\u00e1s que un reconocimiento, porque desde que fue inaugurado hace dos a\u00f1os, ese lugar ha servido mucho para que los vecinos se re\u00fanan en el sector, en un ambiente de mucha emoci\u00f3n, rodeados por un paisaje y una vista que s\u00f3lo ese sector puede entregar.<br \/>\nPatricio Gallardo M.<\/p>\n","protected":false},"excerpt":{"rendered":"<p>PUTAENDO.- Una importante festividad religiosa se desarroll\u00f3 en la Cruz ubicada en un cerro de calle Juan Rozas, en donde vecinos y Cantores a lo Humano y lo Divino homenajearon a la&#8230;<\/p>\n","protected":false},"author":482,"featured_media":58035,"comment_status":"open","ping_status":"open","sticky":false,"template":"","format":"standard","meta":{"advanced_seo_description":"","jetpack_seo_html_title":"","jetpack_seo_noindex":false,"_jetpack_memberships_contains_paid_content":false,"footnotes":""},"categories":[15],"tags":[],"class_list":["post-58034","post","type-post","status-publish","format-standard","has-post-thumbnail","hentry","category-comunidad"],"jetpack_featured_media_url":"https:\/\/i0.wp.com\/eltrabajo.cl\/portal\/wp-content\/uploads\/2015\/05\/CRUZ-JUAN-ROZAS-4.jpg?fit=530%2C350&ssl=1","jetpack_sharing_enabled":true,"jetpack_likes_enabled":true,"jetpack-related-posts":[],"_links":{"self":[{"href":"https:\/\/eltrabajo.cl\/portal\/wp-json\/wp\/v2\/posts\/58034","targetHints":{"allow":["GET"]}}],"collection":[{"href":"https:\/\/eltrabajo.cl\/portal\/wp-json\/wp\/v2\/posts"}],"about":[{"href":"https:\/\/eltrabajo.cl\/portal\/wp-json\/wp\/v2\/types\/post"}],"author":[{"embeddable":true,"href":"https:\/\/eltrabajo.cl\/portal\/wp-json\/wp\/v2\/users\/482"}],"replies":[{"embeddable":true,"href":"https:\/\/eltrabajo.cl\/portal\/wp-json\/wp\/v2\/comments?post=58034"}],"version-history":[{"count":0,"href":"https:\/\/eltrabajo.cl\/portal\/wp-json\/wp\/v2\/posts\/58034\/revisions"}],"wp:featuredmedia":[{"embeddable":true,"href":"https:\/\/eltrabajo.cl\/portal\/wp-json\/wp\/v2\/media\/58035"}],"wp:attachment":[{"href":"https:\/\/eltrabajo.cl\/portal\/wp-json\/wp\/v2\/media?parent=58034"}],"wp:term":[{"taxonomy":"category","embeddable":true,"href":"https:\/\/eltrabajo.cl\/portal\/wp-json\/wp\/v2\/categories?post=58034"},{"taxonomy":"post_tag","embeddable":true,"href":"https:\/\/eltrabajo.cl\/portal\/wp-json\/wp\/v2\/tags?post=58034"}],"curies":[{"name":"wp","href":"https:\/\/api.w.org\/{rel}","templated":true}]}}