{"id":58038,"date":"2015-05-18T09:53:54","date_gmt":"2015-05-18T12:53:54","guid":{"rendered":"http:\/\/www.eltrabajo.cl\/portal\/?p=58038"},"modified":"2015-05-18T09:53:54","modified_gmt":"2015-05-18T12:53:54","slug":"cesfam-valle-los-libertadores-culmino-con-exito-taller-de-origami-para-mujeres-diabeticas","status":"publish","type":"post","link":"https:\/\/eltrabajo.cl\/portal\/cesfam-valle-los-libertadores-culmino-con-exito-taller-de-origami-para-mujeres-diabeticas\/","title":{"rendered":"Cesfam Valle Los Libertadores culmin\u00f3 con \u00e9xito Taller de Origami para mujeres diab\u00e9ticas"},"content":{"rendered":"<figure id=\"attachment_58039\" aria-describedby=\"caption-attachment-58039\" style=\"width: 530px\" class=\"wp-caption alignnone\"><a href=\"https:\/\/i0.wp.com\/www.eltrabajo.cl\/portal\/wp-content\/uploads\/2015\/05\/Foto-1-Taller-de-Origami.jpg\"><img data-recalc-dims=\"1\" loading=\"lazy\" decoding=\"async\" class=\"size-full wp-image-58039\" src=\"https:\/\/i0.wp.com\/www.eltrabajo.cl\/portal\/wp-content\/uploads\/2015\/05\/Foto-1-Taller-de-Origami.jpg?resize=530%2C349\" alt=\"Las beneficiadas pertenecen al \u2018Taller de Diab\u00e9ticos\u2019 del mismo Centro de Salud Familiar.\" width=\"530\" height=\"349\" srcset=\"https:\/\/i0.wp.com\/eltrabajo.cl\/portal\/wp-content\/uploads\/2015\/05\/Foto-1-Taller-de-Origami.jpg?w=530&amp;ssl=1 530w, https:\/\/i0.wp.com\/eltrabajo.cl\/portal\/wp-content\/uploads\/2015\/05\/Foto-1-Taller-de-Origami.jpg?resize=200%2C132&amp;ssl=1 200w, https:\/\/i0.wp.com\/eltrabajo.cl\/portal\/wp-content\/uploads\/2015\/05\/Foto-1-Taller-de-Origami.jpg?resize=300%2C198&amp;ssl=1 300w, https:\/\/i0.wp.com\/eltrabajo.cl\/portal\/wp-content\/uploads\/2015\/05\/Foto-1-Taller-de-Origami.jpg?resize=150%2C99&amp;ssl=1 150w, https:\/\/i0.wp.com\/eltrabajo.cl\/portal\/wp-content\/uploads\/2015\/05\/Foto-1-Taller-de-Origami.jpg?resize=400%2C263&amp;ssl=1 400w\" sizes=\"auto, (max-width: 530px) 100vw, 530px\" \/><\/a><figcaption id=\"caption-attachment-58039\" class=\"wp-caption-text\">Las beneficiadas pertenecen al \u2018Taller de Diab\u00e9ticos\u2019 del mismo Centro de Salud Familiar.<\/figcaption><\/figure>\n<ul>\n<li><strong>Con una sencilla ceremonia se distingui\u00f3 al monitor de la actividad que pertenece al Centro de Educaci\u00f3n y Trabajo de Putaendo.<\/strong><\/li>\n<\/ul>\n<p><strong>PUTAENDO.<\/strong>&#8211; Con la presencia del alcalde de Putaendo, Guillermo Reyes, las mujeres del Taller de Diab\u00e9ticos del Centro de Salud Familiar Valle Los Libertadores, realizaron una sencilla, pero significativa ceremonia de finalizaci\u00f3n de una actividad bastante particular y entretenida.<br \/>\nSe trat\u00f3 de un Taller de Origami, arte japon\u00e9s que consiste en el plegado de papel para formar diferentes figuras. La iniciativa se enmarca dentro del modelo de Salud Familiar de Putaendo, en donde se desarrollan diferentes estrategias de participaci\u00f3n y actividades educativas para promover el bienestar de las personas a nivel integral y colectivo.<\/p>\n<figure id=\"attachment_58040\" aria-describedby=\"caption-attachment-58040\" style=\"width: 400px\" class=\"wp-caption alignright\"><a href=\"https:\/\/i0.wp.com\/www.eltrabajo.cl\/portal\/wp-content\/uploads\/2015\/05\/Foto-2-Taller-de-Origami.jpg\"><img data-recalc-dims=\"1\" loading=\"lazy\" decoding=\"async\" class=\"wp-image-58040\" src=\"https:\/\/i0.wp.com\/www.eltrabajo.cl\/portal\/wp-content\/uploads\/2015\/05\/Foto-2-Taller-de-Origami.jpg?resize=400%2C263\" alt=\"En la ceremonia se expusieron los trabajos realizados a trav\u00e9s del papel plegado. \" width=\"400\" height=\"263\" srcset=\"https:\/\/i0.wp.com\/eltrabajo.cl\/portal\/wp-content\/uploads\/2015\/05\/Foto-2-Taller-de-Origami.jpg?w=530&amp;ssl=1 530w, https:\/\/i0.wp.com\/eltrabajo.cl\/portal\/wp-content\/uploads\/2015\/05\/Foto-2-Taller-de-Origami.jpg?resize=200%2C132&amp;ssl=1 200w, https:\/\/i0.wp.com\/eltrabajo.cl\/portal\/wp-content\/uploads\/2015\/05\/Foto-2-Taller-de-Origami.jpg?resize=300%2C198&amp;ssl=1 300w, https:\/\/i0.wp.com\/eltrabajo.cl\/portal\/wp-content\/uploads\/2015\/05\/Foto-2-Taller-de-Origami.jpg?resize=150%2C99&amp;ssl=1 150w, https:\/\/i0.wp.com\/eltrabajo.cl\/portal\/wp-content\/uploads\/2015\/05\/Foto-2-Taller-de-Origami.jpg?resize=400%2C263&amp;ssl=1 400w\" sizes=\"auto, (max-width: 400px) 100vw, 400px\" \/><\/a><figcaption id=\"caption-attachment-58040\" class=\"wp-caption-text\">En la ceremonia se expusieron los trabajos realizados a trav\u00e9s del papel plegado.<\/figcaption><\/figure>\n<p>Seg\u00fan mencion\u00f3 la directora del Cesfam, Mireya Ponce, la actividad se desarroll\u00f3 durante los meses de marzo y abril, en donde se destaca la coordinaci\u00f3n con el Centro de Educaci\u00f3n y Trabajo de Putaendo (CET). Gracias al trabajo conjunto, un miembro del CETfue el monitor que ense\u00f1\u00f3 la milenaria t\u00e9cnica oriental a las usuarias del recinto de salud primaria<br \/>\n\u201cNuestras beneficiarias quedaron muy felices y contentas, porque trabajar con Origami fue una actividad diferente a lo que ven\u00edan recibiendo con anterioridad. Se expusieron todas las maravillas que realizaron ese d\u00eda. De verdad que es un trabajo maravilloso hecho s\u00f3lo con papel\u201d, recalc\u00f3 Mireya Ponce.<br \/>\nEl coordinador del taller, Manuel Moreno, agradeci\u00f3 la oportunidad de poder reinsertarse dentro de lo que le gusta realizar. \u00c9l aprendi\u00f3 en Santiago el arte del Origami y cree que hubo una retroalimentaci\u00f3n interesante de experiencias de vida junto al \u2018Taller de Diab\u00e9ticos\u2019.<br \/>\nPor su parte, el alcalde Guillermo Reyes destac\u00f3 el compromiso que el municipio ha realizado a trav\u00e9s de la Salud P\u00fablica en Putaendo e indic\u00f3 que instancias como est\u00e1s son un aliciente para poder enfrentar de mejor manera las dificultades de la vida.<br \/>\n\u201cLa verdad es que estoy muy contento con el esp\u00edritu que han puesto todos los participantes en realizar estas piezas que no son, para nada, f\u00e1ciles de realizar. S\u00f3lo queda expresar mis felicitaciones a todos quienes hicieron posible esta actividad\u201d, afirm\u00f3 la m\u00e1xima autoridad comunal.<br \/>\nEl \u2018Taller de Diab\u00e9ticos\u2019 del Centro de Salud Familiar consta de 18 personas que durante todo el a\u00f1o van realizando diferentes actividades.<\/p>\n","protected":false},"excerpt":{"rendered":"<p>Con una sencilla ceremonia se distingui\u00f3 al monitor de la actividad que pertenece al Centro de Educaci\u00f3n y Trabajo de Putaendo. PUTAENDO.&#8211; Con la presencia del alcalde de Putaendo, Guillermo Reyes, las&#8230;<\/p>\n","protected":false},"author":482,"featured_media":58039,"comment_status":"open","ping_status":"open","sticky":false,"template":"","format":"standard","meta":{"advanced_seo_description":"","jetpack_seo_html_title":"","jetpack_seo_noindex":false,"_jetpack_memberships_contains_paid_content":false,"footnotes":""},"categories":[15],"tags":[],"class_list":["post-58038","post","type-post","status-publish","format-standard","has-post-thumbnail","hentry","category-comunidad"],"jetpack_featured_media_url":"https:\/\/i0.wp.com\/eltrabajo.cl\/portal\/wp-content\/uploads\/2015\/05\/Foto-1-Taller-de-Origami.jpg?fit=530%2C349&ssl=1","jetpack_sharing_enabled":true,"jetpack_likes_enabled":true,"jetpack-related-posts":[],"_links":{"self":[{"href":"https:\/\/eltrabajo.cl\/portal\/wp-json\/wp\/v2\/posts\/58038","targetHints":{"allow":["GET"]}}],"collection":[{"href":"https:\/\/eltrabajo.cl\/portal\/wp-json\/wp\/v2\/posts"}],"about":[{"href":"https:\/\/eltrabajo.cl\/portal\/wp-json\/wp\/v2\/types\/post"}],"author":[{"embeddable":true,"href":"https:\/\/eltrabajo.cl\/portal\/wp-json\/wp\/v2\/users\/482"}],"replies":[{"embeddable":true,"href":"https:\/\/eltrabajo.cl\/portal\/wp-json\/wp\/v2\/comments?post=58038"}],"version-history":[{"count":0,"href":"https:\/\/eltrabajo.cl\/portal\/wp-json\/wp\/v2\/posts\/58038\/revisions"}],"wp:featuredmedia":[{"embeddable":true,"href":"https:\/\/eltrabajo.cl\/portal\/wp-json\/wp\/v2\/media\/58039"}],"wp:attachment":[{"href":"https:\/\/eltrabajo.cl\/portal\/wp-json\/wp\/v2\/media?parent=58038"}],"wp:term":[{"taxonomy":"category","embeddable":true,"href":"https:\/\/eltrabajo.cl\/portal\/wp-json\/wp\/v2\/categories?post=58038"},{"taxonomy":"post_tag","embeddable":true,"href":"https:\/\/eltrabajo.cl\/portal\/wp-json\/wp\/v2\/tags?post=58038"}],"curies":[{"name":"wp","href":"https:\/\/api.w.org\/{rel}","templated":true}]}}