{"id":5804,"date":"2011-11-08T09:16:12","date_gmt":"2011-11-08T13:16:12","guid":{"rendered":"http:\/\/www.eltrabajo.cl\/portal\/?p=5804"},"modified":"2011-11-08T09:16:12","modified_gmt":"2011-11-08T13:16:12","slug":"escuela-jose-de-san-martin-gano-las-olimpiadas-de-matematicas","status":"publish","type":"post","link":"https:\/\/eltrabajo.cl\/portal\/escuela-jose-de-san-martin-gano-las-olimpiadas-de-matematicas\/","title":{"rendered":"Escuela Jos\u00e9 de San Mart\u00edn gan\u00f3 las Olimpiadas de Matem\u00e1ticas"},"content":{"rendered":"<figure id=\"attachment_5805\" aria-describedby=\"caption-attachment-5805\" style=\"width: 600px\" class=\"wp-caption alignnone\"><a href=\"http:\/\/www.eltrabajo.cl\/portal\/archives\/5804\/olimpiadas-matematicas-3\" rel=\"attachment wp-att-5805\"><img data-recalc-dims=\"1\" loading=\"lazy\" decoding=\"async\" class=\"size-full wp-image-5805\" title=\"olimpiadas matematicas (3)\" src=\"https:\/\/i0.wp.com\/www.eltrabajo.cl\/portal\/wp-content\/uploads\/2011\/11\/olimpiadas-matematicas-3.jpg?resize=600%2C400\" alt=\"\" width=\"600\" height=\"400\" srcset=\"https:\/\/i0.wp.com\/eltrabajo.cl\/portal\/wp-content\/uploads\/2011\/11\/olimpiadas-matematicas-3.jpg?w=600&amp;ssl=1 600w, https:\/\/i0.wp.com\/eltrabajo.cl\/portal\/wp-content\/uploads\/2011\/11\/olimpiadas-matematicas-3.jpg?resize=200%2C133&amp;ssl=1 200w, https:\/\/i0.wp.com\/eltrabajo.cl\/portal\/wp-content\/uploads\/2011\/11\/olimpiadas-matematicas-3.jpg?resize=300%2C200&amp;ssl=1 300w, https:\/\/i0.wp.com\/eltrabajo.cl\/portal\/wp-content\/uploads\/2011\/11\/olimpiadas-matematicas-3.jpg?resize=150%2C100&amp;ssl=1 150w, https:\/\/i0.wp.com\/eltrabajo.cl\/portal\/wp-content\/uploads\/2011\/11\/olimpiadas-matematicas-3.jpg?resize=400%2C266&amp;ssl=1 400w\" sizes=\"auto, (max-width: 600px) 100vw, 600px\" \/><\/a><figcaption id=\"caption-attachment-5805\" class=\"wp-caption-text\">La Escuela Jos\u00e9 de San Mart\u00edn gan\u00f3 las Olimpiadas de Matem\u00e1tica mientras que en segundo lugar se ubic\u00f3 la Escuela Carmela Carvajal de Curim\u00f3n, en tanto que el tercer lugar fue para la Escuela John Kennedy. Todos los alumnos recibieron diplomas de participaci\u00f3n<\/figcaption><\/figure>\n<p>Por segundo a\u00f1o consecutivo la Escuela Jos\u00e9 de San Mart\u00edn gan\u00f3 las Olimpiadas de Matem\u00e1tica, actividad acad\u00e9mica organizada por la Direcci\u00f3n de Educaci\u00f3n Municipal de San Felipe y la empresa de asistencia t\u00e9cnica educativa, Arquimed.<\/p>\n<p>La actividad se desarroll\u00f3 este jueves en el gimnasio del Liceo Roberto Humeres y cont\u00f3 con la participaci\u00f3n de veinte establecimientos de dependencia municipal. En segundo lugar se ubic\u00f3 la Escuela Carmela Carvajal de Curim\u00f3n, en tanto que el tercer lugar fue para la Escuela John Kennedy.<\/p>\n<p>La ceremonia inaugural cont\u00f3 con la presencia de la gobernadora provincial Patricia Boffael director provincial de Educaci\u00f3n, Rosalindo Gonz\u00e1lez; el alcalde de la comuna, Jaime Amar, e invitados especiales.<\/p>\n<p>La actividad se inici\u00f3 en las primeras horas con el ingreso de las delegaciones y la participaci\u00f3n de la banda instrumental de la Daem de San Felipe.<\/p>\n<p>Un jurado, integrado por docentes de establecimientos educacionales y funcionarios de Arquimed, dirimi\u00f3 los tres primeros lugares en base al puntaje obtenido por los equipos de cada escuela, los que debieron desarrollar diversas actividades did\u00e1cticas y responder preguntas en una pantalla electr\u00f3nica.<\/p>\n<p>Todos los alumnos participantes \u2013m\u00e1s de un centenar- recibieron diplomas de reconocimiento.<\/p>\n<p>El alcalde de la comuna, Jaime Amar Amar, se\u00f1al\u00f3 que \u00abesta es la segunda olimpiada que desarrollamos en la comuna junto a la empresa Arquimed y nos permite mostrar el resultado de lo que se ha trabajado en matem\u00e1ticas en nuestros establecimientos durante el a\u00f1o y tambi\u00e9n poder apreciar los avances obtenidos por nuestros alumnos\u00bb.<\/p>\n<p>Agreg\u00f3 que \u00abhay que reconocer que todos los ni\u00f1os y ni\u00f1as son ganadores, m\u00e1s all\u00e1 de los tres primeros lugares, porque nos permite tener una radiograf\u00eda de lo que est\u00e1 pasando en nuestro modelo educacional\u00bb.<\/p>\n<p>Concluy\u00f3 el alcalde se\u00f1alando que \u00abesto adem\u00e1s nos permite instalar en la comunidad nuestra idea del modelo educacional que queremos, de entregar una educaci\u00f3n de calidad a nuestros alumnos, en actividades como \u00e9stas donde participa la familia\u00bb.<\/p>\n<p>Gerardo Barros, subgerente de servicios educativos de Arquimed, dijo que \u00abha ganado por segunda vez la Escuela Jos\u00e9 de San Mart\u00edn, pero los establecimientos que ocuparon el segundo y tercer lugar, no obtuvieron premios en la olimpiada anterior, lo que est\u00e1 hablando del avance que se est\u00e1 logrando en la educaci\u00f3n municipal de San Felipe\u00bb.<\/p>\n<p>A\u00f1adi\u00f3 que \u00abse ha vivido un ambiente de fiesta, donde los ni\u00f1os nos muestran lo que han hecho durante el a\u00f1o y nos permite apreciar c\u00f3mo los colegios municipales han incorporado el material did\u00e1ctico que hemos puesto a su servicio. Tambi\u00e9n nos muestra c\u00f3mo los alumnos han aprendido habilidades sociales, a trabajar en equipo, a cumplir funciones distintas y adem\u00e1s como en este caso, aprenden matem\u00e1ticas\u00bb.<\/p>\n<p>Wilta Berr\u00edos, Jefa de la Unidad T\u00e9cnico Pedag\u00f3gica comunal, destac\u00f3 los esfuerzos organizativos para llevar a cabo con \u00e9xito esta actividad.<\/p>\n<p>\u00abNuestra evaluaci\u00f3n es muy positiva porque se ha cumplido el objetivo de que nuestros alumnos puedan demostrar todas las habilidades que han desarrollado durante el a\u00f1o. A pesar de que este a\u00f1o ha sido especial para la educaci\u00f3n municipal, nosotros en San Felipe hemos podido demostrar con creces que somos una comuna que trabaja y que est\u00e1 sacando a sus ni\u00f1os adelante. Esto demand\u00f3 un gran esfuerzo organizativo, desplegar los elementos que se utilizan, trasladar a los ni\u00f1os de las veinte escuelas. A pesar de ser una actividad acad\u00e9mica, hubo mucho esp\u00edritu de camarader\u00eda y alegr\u00eda, con las barras de cada establecimiento\u00bb, se\u00f1al\u00f3 Wilta Berr\u00edos.<\/p>\n<p>La docente concluy\u00f3 se\u00f1alando que es un hecho positivo que dos escuelas que el a\u00f1o anterior no estuvieron en los primeros lugares, ahora lo hayan conseguido, \u00ablo que habla muy bien del trabajo de los directores y de los profesores\u00bb.<\/p>\n","protected":false},"excerpt":{"rendered":"<p>Por segundo a\u00f1o consecutivo la Escuela Jos\u00e9 de San Mart\u00edn gan\u00f3 las Olimpiadas de Matem\u00e1tica, actividad acad\u00e9mica organizada por la Direcci\u00f3n de Educaci\u00f3n Municipal de San Felipe y la empresa de asistencia&#8230;<\/p>\n","protected":false},"author":482,"featured_media":5805,"comment_status":"open","ping_status":"open","sticky":false,"template":"","format":"standard","meta":{"advanced_seo_description":"","jetpack_seo_html_title":"","jetpack_seo_noindex":false,"_jetpack_memberships_contains_paid_content":false,"footnotes":""},"categories":[17],"tags":[],"class_list":["post-5804","post","type-post","status-publish","format-standard","has-post-thumbnail","hentry","category-educacion"],"jetpack_featured_media_url":"https:\/\/i0.wp.com\/eltrabajo.cl\/portal\/wp-content\/uploads\/2011\/11\/olimpiadas-matematicas-3.jpg?fit=600%2C400&ssl=1","jetpack_sharing_enabled":true,"jetpack_likes_enabled":true,"jetpack-related-posts":[],"_links":{"self":[{"href":"https:\/\/eltrabajo.cl\/portal\/wp-json\/wp\/v2\/posts\/5804","targetHints":{"allow":["GET"]}}],"collection":[{"href":"https:\/\/eltrabajo.cl\/portal\/wp-json\/wp\/v2\/posts"}],"about":[{"href":"https:\/\/eltrabajo.cl\/portal\/wp-json\/wp\/v2\/types\/post"}],"author":[{"embeddable":true,"href":"https:\/\/eltrabajo.cl\/portal\/wp-json\/wp\/v2\/users\/482"}],"replies":[{"embeddable":true,"href":"https:\/\/eltrabajo.cl\/portal\/wp-json\/wp\/v2\/comments?post=5804"}],"version-history":[{"count":0,"href":"https:\/\/eltrabajo.cl\/portal\/wp-json\/wp\/v2\/posts\/5804\/revisions"}],"wp:featuredmedia":[{"embeddable":true,"href":"https:\/\/eltrabajo.cl\/portal\/wp-json\/wp\/v2\/media\/5805"}],"wp:attachment":[{"href":"https:\/\/eltrabajo.cl\/portal\/wp-json\/wp\/v2\/media?parent=5804"}],"wp:term":[{"taxonomy":"category","embeddable":true,"href":"https:\/\/eltrabajo.cl\/portal\/wp-json\/wp\/v2\/categories?post=5804"},{"taxonomy":"post_tag","embeddable":true,"href":"https:\/\/eltrabajo.cl\/portal\/wp-json\/wp\/v2\/tags?post=5804"}],"curies":[{"name":"wp","href":"https:\/\/api.w.org\/{rel}","templated":true}]}}