{"id":58058,"date":"2015-05-18T10:04:58","date_gmt":"2015-05-18T13:04:58","guid":{"rendered":"http:\/\/www.eltrabajo.cl\/portal\/?p=58058"},"modified":"2015-05-18T10:04:58","modified_gmt":"2015-05-18T13:04:58","slug":"incautan-armas-de-fuego-drogas-y-dinero-en-vivienda-de-santa-maria","status":"publish","type":"post","link":"https:\/\/eltrabajo.cl\/portal\/incautan-armas-de-fuego-drogas-y-dinero-en-vivienda-de-santa-maria\/","title":{"rendered":"Incautan armas de fuego, drogas y dinero en vivienda de Santa Mar\u00eda"},"content":{"rendered":"<figure id=\"attachment_58059\" aria-describedby=\"caption-attachment-58059\" style=\"width: 300px\" class=\"wp-caption alignleft\"><a href=\"https:\/\/i0.wp.com\/www.eltrabajo.cl\/portal\/wp-content\/uploads\/2015\/05\/Chacareros-1.jpg\"><img data-recalc-dims=\"1\" loading=\"lazy\" decoding=\"async\" class=\"wp-image-58059 size-medium\" src=\"https:\/\/i0.wp.com\/www.eltrabajo.cl\/portal\/wp-content\/uploads\/2015\/05\/Chacareros-1-300x197.jpg?resize=300%2C197\" alt=\"Los efectivos de OS7 de Carabineros realizaron el procedimiento la tarde del jueves en la comuna de Santa Mar\u00eda logrando la detenci\u00f3n de tres hermanos acusados y microtr\u00e1fico de drogas y tenencia ilegal de armas de fuego.\" width=\"300\" height=\"197\" srcset=\"https:\/\/i0.wp.com\/eltrabajo.cl\/portal\/wp-content\/uploads\/2015\/05\/Chacareros-1.jpg?resize=300%2C197&amp;ssl=1 300w, https:\/\/i0.wp.com\/eltrabajo.cl\/portal\/wp-content\/uploads\/2015\/05\/Chacareros-1.jpg?resize=200%2C131&amp;ssl=1 200w, https:\/\/i0.wp.com\/eltrabajo.cl\/portal\/wp-content\/uploads\/2015\/05\/Chacareros-1.jpg?resize=150%2C98&amp;ssl=1 150w, https:\/\/i0.wp.com\/eltrabajo.cl\/portal\/wp-content\/uploads\/2015\/05\/Chacareros-1.jpg?resize=400%2C263&amp;ssl=1 400w, https:\/\/i0.wp.com\/eltrabajo.cl\/portal\/wp-content\/uploads\/2015\/05\/Chacareros-1.jpg?w=530&amp;ssl=1 530w\" sizes=\"auto, (max-width: 300px) 100vw, 300px\" \/><\/a><figcaption id=\"caption-attachment-58059\" class=\"wp-caption-text\">Los efectivos de OS7 de Carabineros realizaron el procedimiento la tarde del jueves en la comuna de Santa Mar\u00eda logrando la detenci\u00f3n de tres hermanos acusados y microtr\u00e1fico de drogas y tenencia ilegal de armas de fuego.<\/figcaption><\/figure>\n<p>Con la incautaci\u00f3n de escopetas, armas hechizas y armamento a fogueo, municiones, drogas y dinero en efectivo, culminaron las diligencias efectuadas por el OS7 de Carabineros Aconcagua estableciendo la participaci\u00f3n de tres hermanos apodados \u2018Los Chacareros de Santa Mar\u00eda\u2019, quienes se dedicar\u00edan al microtr\u00e1fico en esa comuna.<br \/>\nEl procedimiento policial se efectu\u00f3 a eso de las 18:00 horas del pasado jueves, en el pasaje Caupolic\u00e1n de la Villa Espa\u00f1a en Santa Mar\u00eda, tras las constantes denuncias de los vecinos que se sienten atemorizados por estos individuos, advirtiendo que exist\u00eda comercio de estupefacientes con la fachada de un taller mec\u00e1nico clandestino.<br \/>\nLas acusaciones de los residentes se\u00f1alaban que \u2018Los Chacareros\u2019 portaban armamento para intimidar a los vecinos, caus\u00e1ndoles temor para no ser delatados de los supuestos actos ligados a las drogas que comenz\u00f3 a investigar Carabineros, traslad\u00e1ndose hasta el lugar de los hechos, comprobando que durante la tarde del procedimiento se efectuaron transacciones de marihuana y pasta base de coca\u00edna.<\/p>\n<figure id=\"attachment_58060\" aria-describedby=\"caption-attachment-58060\" style=\"width: 300px\" class=\"wp-caption alignright\"><a href=\"https:\/\/i0.wp.com\/www.eltrabajo.cl\/portal\/wp-content\/uploads\/2015\/05\/Chacareros-2.jpg\"><img data-recalc-dims=\"1\" loading=\"lazy\" decoding=\"async\" class=\"wp-image-58060 size-medium\" src=\"https:\/\/i0.wp.com\/www.eltrabajo.cl\/portal\/wp-content\/uploads\/2015\/05\/Chacareros-2-300x198.jpg?resize=300%2C198\" alt=\"Una gran cantidad de armas de fuego fueron incautadas desde un domicilio en la Villa Espa\u00f1a de Santa Mar\u00eda, tras las denuncias de vecinos que se sienten atemorizados por \u2018Los Chacareros\u2019 vinculados a la comercializaci\u00f3n de drogas.\" width=\"300\" height=\"198\" srcset=\"https:\/\/i0.wp.com\/eltrabajo.cl\/portal\/wp-content\/uploads\/2015\/05\/Chacareros-2.jpg?resize=300%2C198&amp;ssl=1 300w, https:\/\/i0.wp.com\/eltrabajo.cl\/portal\/wp-content\/uploads\/2015\/05\/Chacareros-2.jpg?resize=200%2C132&amp;ssl=1 200w, https:\/\/i0.wp.com\/eltrabajo.cl\/portal\/wp-content\/uploads\/2015\/05\/Chacareros-2.jpg?resize=150%2C99&amp;ssl=1 150w, https:\/\/i0.wp.com\/eltrabajo.cl\/portal\/wp-content\/uploads\/2015\/05\/Chacareros-2.jpg?resize=400%2C263&amp;ssl=1 400w, https:\/\/i0.wp.com\/eltrabajo.cl\/portal\/wp-content\/uploads\/2015\/05\/Chacareros-2.jpg?w=530&amp;ssl=1 530w\" sizes=\"auto, (max-width: 300px) 100vw, 300px\" \/><\/a><figcaption id=\"caption-attachment-58060\" class=\"wp-caption-text\">Una gran cantidad de armas de fuego fueron incautadas desde un domicilio en la Villa Espa\u00f1a de Santa Mar\u00eda, tras las denuncias de vecinos que se sienten atemorizados por \u2018Los Chacareros\u2019 vinculados a la comercializaci\u00f3n de drogas.<\/figcaption><\/figure>\n<p>Los efectivos policiales se apostaron en todo el per\u00edmetro del domicilio investigado, ubicado a dos cuadras de un colegio, centro de salud y servicio social. Tras comprobarse los il\u00edcitos, el OS7 gestion\u00f3 una orden de entrada y registro al domicilio incautando una bolsa con 6 gramos de marihuana a granel; 4 bolsas de clorhidrato de coca\u00edna; 29 cartuchos calibre 32; 29 cartuchos calibre 16; 22 cartuchos calibre 12; 7 municiones calibre 22 y dos cargadores y 362.000 pesos en efectivo.<br \/>\nAdem\u00e1s, dos escopetas hechizas, un rev\u00f3lver calibre 32 y dos pistolas a fogueo, pruebas suficientes para arrestar a \u2018Los Chacareros\u2019 identificados como Juan, Jorge y Felipe L. P., los dos primeros de 22 a\u00f1os y el tercero de 30 a\u00f1os de edad, quienes fueron trasladados hasta la unidad policial.<br \/>\nLos imputados, sin antecedentes policiales pret\u00e9ritos, fueron formalizados por la Fiscal\u00eda en la sala del Juzgado de Garant\u00eda de San Felipe por los delitos de microtr\u00e1fico, porte y tenencia de armas de fuego, decretando el tribunal las cautelares de firma quincenal en Carabineros por un plazo de 120 d\u00edas con la prohibici\u00f3n adem\u00e1s de salir del pa\u00eds mientras dure la investigaci\u00f3n. Recuperaron posteriormente su libertad.<br \/>\n<strong>Pablo Salinas Sald\u00edas<\/strong><\/p>\n","protected":false},"excerpt":{"rendered":"<p>Con la incautaci\u00f3n de escopetas, armas hechizas y armamento a fogueo, municiones, drogas y dinero en efectivo, culminaron las diligencias efectuadas por el OS7 de Carabineros Aconcagua estableciendo la participaci\u00f3n de tres&#8230;<\/p>\n","protected":false},"author":482,"featured_media":58059,"comment_status":"open","ping_status":"open","sticky":false,"template":"","format":"standard","meta":{"advanced_seo_description":"","jetpack_seo_html_title":"","jetpack_seo_noindex":false,"_jetpack_memberships_contains_paid_content":false,"footnotes":""},"categories":[21],"tags":[],"class_list":["post-58058","post","type-post","status-publish","format-standard","has-post-thumbnail","hentry","category-policial"],"jetpack_featured_media_url":"https:\/\/i0.wp.com\/eltrabajo.cl\/portal\/wp-content\/uploads\/2015\/05\/Chacareros-1.jpg?fit=530%2C348&ssl=1","jetpack_sharing_enabled":true,"jetpack_likes_enabled":true,"jetpack-related-posts":[],"_links":{"self":[{"href":"https:\/\/eltrabajo.cl\/portal\/wp-json\/wp\/v2\/posts\/58058","targetHints":{"allow":["GET"]}}],"collection":[{"href":"https:\/\/eltrabajo.cl\/portal\/wp-json\/wp\/v2\/posts"}],"about":[{"href":"https:\/\/eltrabajo.cl\/portal\/wp-json\/wp\/v2\/types\/post"}],"author":[{"embeddable":true,"href":"https:\/\/eltrabajo.cl\/portal\/wp-json\/wp\/v2\/users\/482"}],"replies":[{"embeddable":true,"href":"https:\/\/eltrabajo.cl\/portal\/wp-json\/wp\/v2\/comments?post=58058"}],"version-history":[{"count":0,"href":"https:\/\/eltrabajo.cl\/portal\/wp-json\/wp\/v2\/posts\/58058\/revisions"}],"wp:featuredmedia":[{"embeddable":true,"href":"https:\/\/eltrabajo.cl\/portal\/wp-json\/wp\/v2\/media\/58059"}],"wp:attachment":[{"href":"https:\/\/eltrabajo.cl\/portal\/wp-json\/wp\/v2\/media?parent=58058"}],"wp:term":[{"taxonomy":"category","embeddable":true,"href":"https:\/\/eltrabajo.cl\/portal\/wp-json\/wp\/v2\/categories?post=58058"},{"taxonomy":"post_tag","embeddable":true,"href":"https:\/\/eltrabajo.cl\/portal\/wp-json\/wp\/v2\/tags?post=58058"}],"curies":[{"name":"wp","href":"https:\/\/api.w.org\/{rel}","templated":true}]}}