{"id":58071,"date":"2015-05-19T09:17:55","date_gmt":"2015-05-19T12:17:55","guid":{"rendered":"http:\/\/www.eltrabajo.cl\/portal\/?p=58071"},"modified":"2015-05-19T10:05:43","modified_gmt":"2015-05-19T13:05:43","slug":"rinconada-se-ubica-en-el-primer-lugar-en-la-region-por-cobertura-de-vacuna-contra-la-influenza","status":"publish","type":"post","link":"https:\/\/eltrabajo.cl\/portal\/rinconada-se-ubica-en-el-primer-lugar-en-la-region-por-cobertura-de-vacuna-contra-la-influenza\/","title":{"rendered":"Rinconada primer lugar regional por cobertura vacuna contra influenza"},"content":{"rendered":"<figure id=\"attachment_58072\" aria-describedby=\"caption-attachment-58072\" style=\"width: 300px\" class=\"wp-caption alignleft\"><a href=\"https:\/\/i0.wp.com\/www.eltrabajo.cl\/portal\/wp-content\/uploads\/2015\/05\/Vacunacion-los-andes.jpg\"><img data-recalc-dims=\"1\" loading=\"lazy\" decoding=\"async\" class=\"wp-image-58072 size-medium\" src=\"https:\/\/i0.wp.com\/www.eltrabajo.cl\/portal\/wp-content\/uploads\/2015\/05\/Vacunacion-los-andes-300x198.jpg?resize=300%2C198\" alt=\"La comuna de Rinconada se ha posicionado en el primer lugar entre las 36 comunas de la regi\u00f3n, con cerca 62,6% de la poblaci\u00f3n vacunada. (Foto referencial).\" width=\"300\" height=\"198\" srcset=\"https:\/\/i0.wp.com\/eltrabajo.cl\/portal\/wp-content\/uploads\/2015\/05\/Vacunacion-los-andes.jpg?resize=300%2C198&amp;ssl=1 300w, https:\/\/i0.wp.com\/eltrabajo.cl\/portal\/wp-content\/uploads\/2015\/05\/Vacunacion-los-andes.jpg?resize=200%2C132&amp;ssl=1 200w, https:\/\/i0.wp.com\/eltrabajo.cl\/portal\/wp-content\/uploads\/2015\/05\/Vacunacion-los-andes.jpg?resize=150%2C99&amp;ssl=1 150w, https:\/\/i0.wp.com\/eltrabajo.cl\/portal\/wp-content\/uploads\/2015\/05\/Vacunacion-los-andes.jpg?resize=400%2C263&amp;ssl=1 400w, https:\/\/i0.wp.com\/eltrabajo.cl\/portal\/wp-content\/uploads\/2015\/05\/Vacunacion-los-andes.jpg?w=530&amp;ssl=1 530w\" sizes=\"auto, (max-width: 300px) 100vw, 300px\" \/><\/a><figcaption id=\"caption-attachment-58072\" class=\"wp-caption-text\">La comuna de Rinconada se ha posicionado en el primer lugar entre las 36 comunas de la regi\u00f3n, con cerca 62,6% de la poblaci\u00f3n vacunada. (Foto referencial).<\/figcaption><\/figure>\n<p><strong>RINCONADA<\/strong>.- Queda poco tiempo para el t\u00e9rmino de la campa\u00f1a de la vacunaci\u00f3n contra la influenza. A nivel nacional la cobertura est\u00e1 cerca del 50% y la comuna de Rinconada es pionera en la regi\u00f3n, los encargados de llevarla a cabo manifiestan que tuvieron una buena estrategia y que el vacunatorio m\u00f3vil los ayud\u00f3 a llegar a los sectores m\u00e1s vulnerables.<br \/>\nS\u00f3lo un par de d\u00edas quedan para que finalice la campa\u00f1a anti influenza que el Ministerio de Salud desarrolla en el pa\u00eds y las cifras est\u00e1n cerca del 50% de cobertura. Sin embargo el Valle de Aconcagua se instala con casi el 40%. Cifras importantes que tienen bastante conforme a las autoridades de la cartera a nivel local y m\u00e1s a\u00fan porque la comuna de Rinconada presenta importantes avances, posicion\u00e1ndose en el primer lugar del ranking entre las 36 comunas de la regi\u00f3n, con 62,6%.<br \/>\nSobre este balance positivo que caracteriza a la regi\u00f3n y m\u00e1s a\u00fan a la comuna de Rinconada, se refiri\u00f3 Claudia Venegas, quien es la enfermera encargada del programa nacional de inmunizaci\u00f3n de la Seremi de Salud y manifest\u00f3 que \u201cdentro del servicio de Salud Aconcagua estamos destacando el d\u00eda de hoy a la comuna de Rinconada, ya que su avance est\u00e1 por sobre el 60%. Por lo cual instamos a todos los Cesfam de la provincia a seguir trabajando para lograr la cobertura de un 90% que es la meta que pretendemos alcanzar\u201d.<br \/>\nMar\u00eda Jos\u00e9 Cid, encargada del programa de vacunaci\u00f3n del Cesfam de Rinconada, enfatiz\u00f3 en que el vacunatorio m\u00f3vil fue de gran ayuda para llegar a los sectores m\u00e1s vulnerables, en donde a las personas les dificultaba el poder llegar al centro de salud; como Mina Caracoles, Bucalemu y Auco. En esta oportunidad tambi\u00e9n manifest\u00f3 cual es el grupo m\u00e1s reacio a vacunarse: \u201clos adultos mayores son quienes les hacen el quite a la vacuna, porque tienen la creencia de que si se vacunan se van a enfermar. Ah\u00ed nuestra estrategia es difundir bien la informaci\u00f3n, les explicamos que efectivamente se inyectan virus atenuados, puede haber un resfr\u00edo, pero nunca ser\u00e1 tan potente como si fuese una influenza\u201d.<br \/>\nLos grupos a ser vacunados son los ni\u00f1os y ni\u00f1as desde los seis meses de vida hasta los cinco a\u00f1os, adultos mayores desde los 65 a\u00f1os y embarazadas desde la d\u00e9cima tercera semana de gestaci\u00f3n. Todav\u00eda queda plazo para finalizar con la campa\u00f1a, as\u00ed que el llamado es a acercarse al centro de salud familiar m\u00e1s cercano de su domicilio.<br \/>\nA nivel nacional la meta es del 90% en torno a la cobertura de la campa\u00f1a anti influenza. De esta manera se espera que durante los d\u00edas que quedan, se puedan lograr los objetivos. Y si bien se explic\u00f3 que ciertamente los resfr\u00edos igual seguir\u00e1n present\u00e1ndose, la diferencia es que no ser\u00e1n cuadros tan intensos, que en el caso de la influenza puede causar hasta la muerte.<\/p>\n","protected":false},"excerpt":{"rendered":"<p>RINCONADA.- Queda poco tiempo para el t\u00e9rmino de la campa\u00f1a de la vacunaci\u00f3n contra la influenza. A nivel nacional la cobertura est\u00e1 cerca del 50% y la comuna de Rinconada es pionera&#8230;<\/p>\n","protected":false},"author":482,"featured_media":58072,"comment_status":"open","ping_status":"open","sticky":false,"template":"","format":"standard","meta":{"advanced_seo_description":"","jetpack_seo_html_title":"","jetpack_seo_noindex":false,"_jetpack_memberships_contains_paid_content":false,"footnotes":""},"categories":[15],"tags":[],"class_list":["post-58071","post","type-post","status-publish","format-standard","has-post-thumbnail","hentry","category-comunidad"],"jetpack_featured_media_url":"https:\/\/i0.wp.com\/eltrabajo.cl\/portal\/wp-content\/uploads\/2015\/05\/Vacunacion-los-andes.jpg?fit=530%2C349&ssl=1","jetpack_sharing_enabled":true,"jetpack_likes_enabled":true,"jetpack-related-posts":[],"_links":{"self":[{"href":"https:\/\/eltrabajo.cl\/portal\/wp-json\/wp\/v2\/posts\/58071","targetHints":{"allow":["GET"]}}],"collection":[{"href":"https:\/\/eltrabajo.cl\/portal\/wp-json\/wp\/v2\/posts"}],"about":[{"href":"https:\/\/eltrabajo.cl\/portal\/wp-json\/wp\/v2\/types\/post"}],"author":[{"embeddable":true,"href":"https:\/\/eltrabajo.cl\/portal\/wp-json\/wp\/v2\/users\/482"}],"replies":[{"embeddable":true,"href":"https:\/\/eltrabajo.cl\/portal\/wp-json\/wp\/v2\/comments?post=58071"}],"version-history":[{"count":0,"href":"https:\/\/eltrabajo.cl\/portal\/wp-json\/wp\/v2\/posts\/58071\/revisions"}],"wp:featuredmedia":[{"embeddable":true,"href":"https:\/\/eltrabajo.cl\/portal\/wp-json\/wp\/v2\/media\/58072"}],"wp:attachment":[{"href":"https:\/\/eltrabajo.cl\/portal\/wp-json\/wp\/v2\/media?parent=58071"}],"wp:term":[{"taxonomy":"category","embeddable":true,"href":"https:\/\/eltrabajo.cl\/portal\/wp-json\/wp\/v2\/categories?post=58071"},{"taxonomy":"post_tag","embeddable":true,"href":"https:\/\/eltrabajo.cl\/portal\/wp-json\/wp\/v2\/tags?post=58071"}],"curies":[{"name":"wp","href":"https:\/\/api.w.org\/{rel}","templated":true}]}}