{"id":58089,"date":"2015-05-19T09:30:26","date_gmt":"2015-05-19T12:30:26","guid":{"rendered":"http:\/\/www.eltrabajo.cl\/portal\/?p=58089"},"modified":"2015-05-19T11:32:36","modified_gmt":"2015-05-19T14:32:36","slug":"sergio-meza-al-mundial-de-robotica-en-hefei-de-china","status":"publish","type":"post","link":"https:\/\/eltrabajo.cl\/portal\/sergio-meza-al-mundial-de-robotica-en-hefei-de-china\/","title":{"rendered":"Sergio Meza seleccionado al Mundial de Rob\u00f3tica en Hefei de China"},"content":{"rendered":"<figure id=\"attachment_58090\" aria-describedby=\"caption-attachment-58090\" style=\"width: 300px\" class=\"wp-caption alignleft\"><a href=\"https:\/\/i0.wp.com\/www.eltrabajo.cl\/portal\/wp-content\/uploads\/2015\/05\/Sergio1.jpg\"><img data-recalc-dims=\"1\" loading=\"lazy\" decoding=\"async\" class=\"wp-image-58090 size-medium\" src=\"https:\/\/i0.wp.com\/www.eltrabajo.cl\/portal\/wp-content\/uploads\/2015\/05\/Sergio1-300x198.jpg?resize=300%2C198\" alt=\"Sergio Meza, estudiante de la Escuela Industrial de San Felipe, seleccionado para el Mundial de Rob\u00f3tica.\" width=\"300\" height=\"198\" srcset=\"https:\/\/i0.wp.com\/eltrabajo.cl\/portal\/wp-content\/uploads\/2015\/05\/Sergio1.jpg?resize=300%2C198&amp;ssl=1 300w, https:\/\/i0.wp.com\/eltrabajo.cl\/portal\/wp-content\/uploads\/2015\/05\/Sergio1.jpg?resize=200%2C132&amp;ssl=1 200w, https:\/\/i0.wp.com\/eltrabajo.cl\/portal\/wp-content\/uploads\/2015\/05\/Sergio1.jpg?resize=150%2C99&amp;ssl=1 150w, https:\/\/i0.wp.com\/eltrabajo.cl\/portal\/wp-content\/uploads\/2015\/05\/Sergio1.jpg?resize=400%2C263&amp;ssl=1 400w, https:\/\/i0.wp.com\/eltrabajo.cl\/portal\/wp-content\/uploads\/2015\/05\/Sergio1.jpg?w=530&amp;ssl=1 530w\" sizes=\"auto, (max-width: 300px) 100vw, 300px\" \/><\/a><figcaption id=\"caption-attachment-58090\" class=\"wp-caption-text\">Sergio Meza, estudiante de la Escuela Industrial de San Felipe, seleccionado para el Mundial de Rob\u00f3tica.<\/figcaption><\/figure>\n<p>Un sanfelipe\u00f1o figura entre los \u00fanicos tres chilenos que nos representar\u00e1n en China durante el Mundial de Rob\u00f3tica Robocup2015 en julio pr\u00f3ximo.<br \/>\nAhora s\u00ed; ya es oficial, un sanfelipe\u00f1o vecino de Villa Las Acacias, quien adem\u00e1s es estudiante de Cuarto Medio de la Escuela Industrial de San Felipe, ser\u00e1 uno de los \u00fanicos tres chilenos que representar\u00e1n a nuestro pa\u00eds en el Campeonato Mundial de Rob\u00f3tica Robocup 2015, que se realizar\u00e1 en Hefei, China en julio pr\u00f3ximo.<br \/>\nSe trata de Sergio Meza Mu\u00f1oz, joven de 17 a\u00f1os que fue seleccionado para competir en la categor\u00eda Junior en esa cita global de genios. Este logro llega a su vida tras 18 meses de duro entrenamiento y tras vencer a decenas de otros participantes a nivel nacional de los mejores colegios del pa\u00eds.<\/p>\n<p><strong>EXCELENTE NIVEL<\/strong><br \/>\nDesde un principio, los seis nominados a la Selecci\u00f3n Mustabot sab\u00edan que s\u00f3lo tres de ellos ser\u00edan los representantes de Chile en Robocup Jr. 2015.<br \/>\nConformar la lista trajo consigo dificultades para la definici\u00f3n final, debido al gran rendimiento y esfuerzo mostrado por los escolares a lo largo de los entrenamientos.<br \/>\nLos criterios utilizados para definir que Catalina Rold\u00e1n y Andr\u00e9s Urmeneta, ambos del Colegio Alem\u00e1n de Valpara\u00edso, y Sergio Meza, de la Escuela Industrial Guillermo Richards Cuevas de San Felipe, asistan a la competencia fue la capacidad de resoluci\u00f3n de los desaf\u00edos rob\u00f3ticos, de las habilidades comunicacionales y del trabajo en equipo, as\u00ed como el grado de dominio del idioma ingl\u00e9s.<br \/>\nNo obstante, de haber designado los tres representantes nacionales que viajar\u00e1n a competir al certamen 2015, la Selecci\u00f3n Mustabot -con sus seis integrantes- mantendr\u00e1 sus jornadas de entrenamiento y aprendizaje continuo, pues todos los miembros son indispensables en la resoluci\u00f3n del desaf\u00edo.<br \/>\nDiario El Trabajo habl\u00f3 con el Jefe de Docentes de la Industrial, Carlos Cort\u00e9s Mendoza, quien explic\u00f3 que \u00abes un orgullo para toda nuestra escuela; para toda nuestra provincia y para el Valle de Aconcagua, pues Sergio dej\u00f3 en el camino a quienes eran favoritos a nivel nacional. Este Mundial es una meta importante para su historial acad\u00e9mico, \u00e9l maneja muy bien el ingl\u00e9s y eso tambi\u00e9n le ayudo bastante\u00bb, explic\u00f3 Cort\u00e9s.<\/p>\n<p><strong>LO TENGO CLARO<\/strong><br \/>\nNuestro medio habl\u00f3 este lunes con Sergio, sobre sus aspiraciones personales y de c\u00f3mo esta convocatoria le abre puertas para su desarrollo educativo.<br \/>\n<strong>&#8211; \u00bfEst\u00e1s consciente de las puertas que se te abren tras este Mundial?<\/strong><br \/>\n<strong>&#8211;<\/strong> Claro que estoy consciente de la cantidad de puertas que se me abren despu\u00e9s de mi participaci\u00f3n en este Mundial. Estoy seguro que sabr\u00e9 aprovechar esta oportunidad al m\u00e1ximo. S\u00e9 que estoy en una encrucijada en mi vida, podr\u00e9 avanzar pr\u00e1cticamente en la direcci\u00f3n que quiera, espero elegir bien.<br \/>\n<strong>&#8211; \u00bfEn qu\u00e9 eres experto dentro del mundo del a Rob\u00f3tica?<\/strong><br \/>\n<strong>&#8211;<\/strong> Bueno, mi experticia est\u00e1 enfocada en programaci\u00f3n, conexiones, electr\u00f3nica de hardware; construcci\u00f3n y mec\u00e1nica. Puedo ahora moverme hacia la rob\u00f3tica industrial y otras ramas de la ciencia.<br \/>\n<strong>&#8211; \u00bfCu\u00e1l es tu sue\u00f1o m\u00e1s ambicioso?<\/strong><br \/>\n<strong>&#8211;<\/strong> Mi sue\u00f1o en definitiva es llegar a la Nasa. Lo tengo bien claro. Mantengo una mente abierta para enfrentarme a lo que venga, para eso estoy estudiando, para llegar tan lejos como pueda.<br \/>\nSergio Meza no tiene polola, est\u00e1 soltero y sin compromisos, seg\u00fan nos coment\u00f3. \u00c9l y tambi\u00e9n sus otros dos compa\u00f1eros, Catalina Rold\u00e1n del Colegio Alem\u00e1n de Valpara\u00edso y Andr\u00e9s Urmeneta tambi\u00e9n del Alem\u00e1n porte\u00f1o. La salida hacia China ser\u00e1 el 13 de julio y regresar\u00e1n a nuestro pa\u00eds el 27 del mismo mes.<br \/>\n<strong>Roberto Gonz\u00e1lez Short<\/strong><br \/>\nrgonzalez@eltrabajo.cl<\/p>\n<div class=\"tiled-gallery type-rectangular tiled-gallery-unresized\" data-original-width=\"640\" data-carousel-extra='null' itemscope itemtype=\"http:\/\/schema.org\/ImageGallery\" > <div class=\"gallery-row\" style=\"width: 640px; height: 283px;\" data-original-width=\"640\" data-original-height=\"283\" > <div class=\"gallery-group images-1\" style=\"width: 428px; height: 283px;\" data-original-width=\"428\" data-original-height=\"283\" > <div class=\"tiled-gallery-item tiled-gallery-item-large\" itemprop=\"associatedMedia\" itemscope itemtype=\"http:\/\/schema.org\/ImageObject\"> <a href=\"https:\/\/eltrabajo.cl\/portal\/sergio-meza-al-mundial-de-robotica-en-hefei-de-china\/sele1-2\/\" border=\"0\" itemprop=\"url\"> <meta itemprop=\"width\" content=\"424\"> <meta itemprop=\"height\" content=\"279\"> <img decoding=\"async\" class=\"\" data-attachment-id=\"58093\" data-orig-file=\"https:\/\/eltrabajo.cl\/portal\/wp-content\/uploads\/2015\/05\/Sele1.jpg\" data-orig-size=\"530,348\" data-comments-opened=\"1\" data-image-meta=\"{&quot;aperture&quot;:&quot;0&quot;,&quot;credit&quot;:&quot;&quot;,&quot;camera&quot;:&quot;&quot;,&quot;caption&quot;:&quot;&quot;,&quot;created_timestamp&quot;:&quot;0&quot;,&quot;copyright&quot;:&quot;&quot;,&quot;focal_length&quot;:&quot;0&quot;,&quot;iso&quot;:&quot;0&quot;,&quot;shutter_speed&quot;:&quot;0&quot;,&quot;title&quot;:&quot;&quot;,&quot;orientation&quot;:&quot;0&quot;}\" data-image-title=\"Sele1\" data-image-description=\"&lt;p&gt;LA SELECCI\u00d3N.- Ellos son nuestra Selecci\u00f3n Nacional de Rob\u00f3tica, s\u00f3lo tres (*) ir\u00e1n al Mundial. Catalina Rold\u00e1n (*); Sergio Meza (*); Vicente Chaparro, Bryan Santander, Andr\u00e9s Urmeneta (*) y Felipe Olivares.&lt;\/p&gt; \" data-medium-file=\"https:\/\/i0.wp.com\/eltrabajo.cl\/portal\/wp-content\/uploads\/2015\/05\/Sele1.jpg?fit=300%2C197&#038;ssl=1\" data-large-file=\"https:\/\/i0.wp.com\/eltrabajo.cl\/portal\/wp-content\/uploads\/2015\/05\/Sele1.jpg?fit=530%2C348&#038;ssl=1\" src=\"https:\/\/i0.wp.com\/eltrabajo.cl\/portal\/wp-content\/uploads\/2015\/05\/Sele1.jpg?w=424&#038;h=279&#038;ssl=1\" srcset=\"https:\/\/i0.wp.com\/eltrabajo.cl\/portal\/wp-content\/uploads\/2015\/05\/Sele1.jpg?w=530&amp;ssl=1 530w, https:\/\/i0.wp.com\/eltrabajo.cl\/portal\/wp-content\/uploads\/2015\/05\/Sele1.jpg?resize=200%2C131&amp;ssl=1 200w, https:\/\/i0.wp.com\/eltrabajo.cl\/portal\/wp-content\/uploads\/2015\/05\/Sele1.jpg?resize=300%2C197&amp;ssl=1 300w, https:\/\/i0.wp.com\/eltrabajo.cl\/portal\/wp-content\/uploads\/2015\/05\/Sele1.jpg?resize=150%2C98&amp;ssl=1 150w, https:\/\/i0.wp.com\/eltrabajo.cl\/portal\/wp-content\/uploads\/2015\/05\/Sele1.jpg?resize=400%2C263&amp;ssl=1 400w\" width=\"424\" height=\"279\" loading=\"lazy\" data-original-width=\"424\" data-original-height=\"279\" itemprop=\"http:\/\/schema.org\/image\" title=\"Sele1\" alt=\"LA SELECCI\u00d3N.- Ellos son nuestra Selecci\u00f3n Nacional de Rob\u00f3tica, s\u00f3lo tres (*) ir\u00e1n al Mundial. Catalina Rold\u00e1n (*); Sergio Meza (*); Vicente Chaparro, Bryan Santander, Andr\u00e9s Urmeneta (*) y Felipe Olivares.\" style=\"width: 424px; height: 279px;\" \/> <\/a> <div class=\"tiled-gallery-caption\" itemprop=\"caption description\"> LA SELECCI\u00d3N.- Ellos son nuestra Selecci\u00f3n Nacional de Rob\u00f3tica, s\u00f3lo tres (*) ir\u00e1n al Mundial. Catalina Rold\u00e1n (*); Sergio Meza (*); Vicente Chaparro, Bryan Santander, Andr\u00e9s Urmeneta (*) y Felipe Olivares. <\/div> <\/div> <\/div> <!-- close group --> <div class=\"gallery-group images-2\" style=\"width: 212px; height: 283px;\" data-original-width=\"212\" data-original-height=\"283\" > <div class=\"tiled-gallery-item tiled-gallery-item-small\" itemprop=\"associatedMedia\" itemscope itemtype=\"http:\/\/schema.org\/ImageObject\"> <a href=\"https:\/\/eltrabajo.cl\/portal\/sergio-meza-al-mundial-de-robotica-en-hefei-de-china\/robot1-2\/\" border=\"0\" itemprop=\"url\"> <meta itemprop=\"width\" content=\"208\"> <meta itemprop=\"height\" content=\"138\"> <img decoding=\"async\" class=\"\" data-attachment-id=\"58092\" data-orig-file=\"https:\/\/eltrabajo.cl\/portal\/wp-content\/uploads\/2015\/05\/Robot1.jpg\" data-orig-size=\"528,350\" data-comments-opened=\"1\" data-image-meta=\"{&quot;aperture&quot;:&quot;0&quot;,&quot;credit&quot;:&quot;&quot;,&quot;camera&quot;:&quot;&quot;,&quot;caption&quot;:&quot;&quot;,&quot;created_timestamp&quot;:&quot;0&quot;,&quot;copyright&quot;:&quot;&quot;,&quot;focal_length&quot;:&quot;0&quot;,&quot;iso&quot;:&quot;0&quot;,&quot;shutter_speed&quot;:&quot;0&quot;,&quot;title&quot;:&quot;&quot;,&quot;orientation&quot;:&quot;0&quot;}\" data-image-title=\"Robot1\" data-image-description=\"&lt;p&gt;MISTER ROBOT.- Este es uno de los robots que ser\u00e1n usados en este Mundial de Rob\u00f3tica China 2015 por nuestra selecci\u00f3n.&lt;\/p&gt; \" data-medium-file=\"https:\/\/i0.wp.com\/eltrabajo.cl\/portal\/wp-content\/uploads\/2015\/05\/Robot1.jpg?fit=300%2C199&#038;ssl=1\" data-large-file=\"https:\/\/i0.wp.com\/eltrabajo.cl\/portal\/wp-content\/uploads\/2015\/05\/Robot1.jpg?fit=528%2C350&#038;ssl=1\" src=\"https:\/\/i0.wp.com\/eltrabajo.cl\/portal\/wp-content\/uploads\/2015\/05\/Robot1.jpg?w=208&#038;h=138&#038;ssl=1\" srcset=\"https:\/\/i0.wp.com\/eltrabajo.cl\/portal\/wp-content\/uploads\/2015\/05\/Robot1.jpg?w=528&amp;ssl=1 528w, https:\/\/i0.wp.com\/eltrabajo.cl\/portal\/wp-content\/uploads\/2015\/05\/Robot1.jpg?resize=200%2C133&amp;ssl=1 200w, https:\/\/i0.wp.com\/eltrabajo.cl\/portal\/wp-content\/uploads\/2015\/05\/Robot1.jpg?resize=300%2C199&amp;ssl=1 300w, https:\/\/i0.wp.com\/eltrabajo.cl\/portal\/wp-content\/uploads\/2015\/05\/Robot1.jpg?resize=150%2C99&amp;ssl=1 150w, https:\/\/i0.wp.com\/eltrabajo.cl\/portal\/wp-content\/uploads\/2015\/05\/Robot1.jpg?resize=400%2C265&amp;ssl=1 400w\" width=\"208\" height=\"138\" loading=\"lazy\" data-original-width=\"208\" data-original-height=\"138\" itemprop=\"http:\/\/schema.org\/image\" title=\"Robot1\" alt=\"MISTER ROBOT.- Este es uno de los robots que ser\u00e1n usados en este Mundial de Rob\u00f3tica China 2015 por nuestra selecci\u00f3n.\" style=\"width: 208px; height: 138px;\" \/> <\/a> <div class=\"tiled-gallery-caption\" itemprop=\"caption description\"> MISTER ROBOT.- Este es uno de los robots que ser\u00e1n usados en este Mundial de Rob\u00f3tica China 2015 por nuestra selecci\u00f3n. <\/div> <\/div> <div class=\"tiled-gallery-item tiled-gallery-item-small\" itemprop=\"associatedMedia\" itemscope itemtype=\"http:\/\/schema.org\/ImageObject\"> <a href=\"https:\/\/eltrabajo.cl\/portal\/sergio-meza-al-mundial-de-robotica-en-hefei-de-china\/carlos-cortes\/\" border=\"0\" itemprop=\"url\"> <meta itemprop=\"width\" content=\"208\"> <meta itemprop=\"height\" content=\"137\"> <img decoding=\"async\" class=\"\" data-attachment-id=\"58091\" data-orig-file=\"https:\/\/eltrabajo.cl\/portal\/wp-content\/uploads\/2015\/05\/Carlos-Cortes.jpg\" data-orig-size=\"530,350\" data-comments-opened=\"1\" data-image-meta=\"{&quot;aperture&quot;:&quot;0&quot;,&quot;credit&quot;:&quot;&quot;,&quot;camera&quot;:&quot;&quot;,&quot;caption&quot;:&quot;&quot;,&quot;created_timestamp&quot;:&quot;0&quot;,&quot;copyright&quot;:&quot;&quot;,&quot;focal_length&quot;:&quot;0&quot;,&quot;iso&quot;:&quot;0&quot;,&quot;shutter_speed&quot;:&quot;0&quot;,&quot;title&quot;:&quot;&quot;,&quot;orientation&quot;:&quot;0&quot;}\" data-image-title=\"Carlos Cortes\" data-image-description=\"&lt;p&gt;Jefe de Docentes de la Escuela Industrial, Carlos Cort\u00e9s Mendoza.&lt;\/p&gt; \" data-medium-file=\"https:\/\/i0.wp.com\/eltrabajo.cl\/portal\/wp-content\/uploads\/2015\/05\/Carlos-Cortes.jpg?fit=300%2C198&#038;ssl=1\" data-large-file=\"https:\/\/i0.wp.com\/eltrabajo.cl\/portal\/wp-content\/uploads\/2015\/05\/Carlos-Cortes.jpg?fit=530%2C350&#038;ssl=1\" src=\"https:\/\/i0.wp.com\/eltrabajo.cl\/portal\/wp-content\/uploads\/2015\/05\/Carlos-Cortes.jpg?w=208&#038;h=137&#038;ssl=1\" srcset=\"https:\/\/i0.wp.com\/eltrabajo.cl\/portal\/wp-content\/uploads\/2015\/05\/Carlos-Cortes.jpg?w=530&amp;ssl=1 530w, https:\/\/i0.wp.com\/eltrabajo.cl\/portal\/wp-content\/uploads\/2015\/05\/Carlos-Cortes.jpg?resize=200%2C132&amp;ssl=1 200w, https:\/\/i0.wp.com\/eltrabajo.cl\/portal\/wp-content\/uploads\/2015\/05\/Carlos-Cortes.jpg?resize=300%2C198&amp;ssl=1 300w, https:\/\/i0.wp.com\/eltrabajo.cl\/portal\/wp-content\/uploads\/2015\/05\/Carlos-Cortes.jpg?resize=150%2C99&amp;ssl=1 150w, https:\/\/i0.wp.com\/eltrabajo.cl\/portal\/wp-content\/uploads\/2015\/05\/Carlos-Cortes.jpg?resize=400%2C264&amp;ssl=1 400w\" width=\"208\" height=\"137\" loading=\"lazy\" data-original-width=\"208\" data-original-height=\"137\" itemprop=\"http:\/\/schema.org\/image\" title=\"Carlos Cortes\" alt=\"Jefe de Docentes de la Escuela Industrial, Carlos Cort\u00e9s Mendoza.\" style=\"width: 208px; height: 137px;\" \/> <\/a> <div class=\"tiled-gallery-caption\" itemprop=\"caption description\"> Jefe de Docentes de la Escuela Industrial, Carlos Cort\u00e9s Mendoza. <\/div> <\/div> <\/div> <!-- close group --> <\/div> <!-- close row --> <\/div>\n","protected":false},"excerpt":{"rendered":"<p>Un sanfelipe\u00f1o figura entre los \u00fanicos tres chilenos que nos representar\u00e1n en China durante el Mundial de Rob\u00f3tica Robocup2015 en julio pr\u00f3ximo. Ahora s\u00ed; ya es oficial, un sanfelipe\u00f1o vecino de Villa&#8230;<\/p>\n","protected":false},"author":482,"featured_media":58090,"comment_status":"open","ping_status":"open","sticky":false,"template":"","format":"standard","meta":{"advanced_seo_description":"","jetpack_seo_html_title":"","jetpack_seo_noindex":false,"_jetpack_memberships_contains_paid_content":false,"footnotes":""},"categories":[15],"tags":[],"class_list":["post-58089","post","type-post","status-publish","format-standard","has-post-thumbnail","hentry","category-comunidad"],"jetpack_featured_media_url":"https:\/\/i0.wp.com\/eltrabajo.cl\/portal\/wp-content\/uploads\/2015\/05\/Sergio1.jpg?fit=530%2C349&ssl=1","jetpack_sharing_enabled":true,"jetpack_likes_enabled":true,"jetpack-related-posts":[],"_links":{"self":[{"href":"https:\/\/eltrabajo.cl\/portal\/wp-json\/wp\/v2\/posts\/58089","targetHints":{"allow":["GET"]}}],"collection":[{"href":"https:\/\/eltrabajo.cl\/portal\/wp-json\/wp\/v2\/posts"}],"about":[{"href":"https:\/\/eltrabajo.cl\/portal\/wp-json\/wp\/v2\/types\/post"}],"author":[{"embeddable":true,"href":"https:\/\/eltrabajo.cl\/portal\/wp-json\/wp\/v2\/users\/482"}],"replies":[{"embeddable":true,"href":"https:\/\/eltrabajo.cl\/portal\/wp-json\/wp\/v2\/comments?post=58089"}],"version-history":[{"count":0,"href":"https:\/\/eltrabajo.cl\/portal\/wp-json\/wp\/v2\/posts\/58089\/revisions"}],"wp:featuredmedia":[{"embeddable":true,"href":"https:\/\/eltrabajo.cl\/portal\/wp-json\/wp\/v2\/media\/58090"}],"wp:attachment":[{"href":"https:\/\/eltrabajo.cl\/portal\/wp-json\/wp\/v2\/media?parent=58089"}],"wp:term":[{"taxonomy":"category","embeddable":true,"href":"https:\/\/eltrabajo.cl\/portal\/wp-json\/wp\/v2\/categories?post=58089"},{"taxonomy":"post_tag","embeddable":true,"href":"https:\/\/eltrabajo.cl\/portal\/wp-json\/wp\/v2\/tags?post=58089"}],"curies":[{"name":"wp","href":"https:\/\/api.w.org\/{rel}","templated":true}]}}