{"id":58134,"date":"2015-05-20T09:22:05","date_gmt":"2015-05-20T12:22:05","guid":{"rendered":"http:\/\/www.eltrabajo.cl\/portal\/?p=58134"},"modified":"2015-05-20T09:22:05","modified_gmt":"2015-05-20T12:22:05","slug":"escuela-elisa-lattapiat-vargas-tiene-104-anos-de-formar-llayllainos","status":"publish","type":"post","link":"https:\/\/eltrabajo.cl\/portal\/escuela-elisa-lattapiat-vargas-tiene-104-anos-de-formar-llayllainos\/","title":{"rendered":"Escuela Elisa Lattapiat Vargas tiene 104 a\u00f1os de formar llaylla\u00ednos"},"content":{"rendered":"<figure id=\"attachment_58135\" aria-describedby=\"caption-attachment-58135\" style=\"width: 530px\" class=\"wp-caption alignnone\"><a href=\"https:\/\/i0.wp.com\/www.eltrabajo.cl\/portal\/wp-content\/uploads\/2015\/05\/Grupal1.jpg\"><img data-recalc-dims=\"1\" loading=\"lazy\" decoding=\"async\" class=\"size-full wp-image-58135\" src=\"https:\/\/i0.wp.com\/www.eltrabajo.cl\/portal\/wp-content\/uploads\/2015\/05\/Grupal1.jpg?resize=530%2C349\" alt=\"ALEGR\u00cdA LLA\u00ddLLA\u00cdNA.- Ellos son parte de los 230 estudiantes de esta c\u00e9ntrica escuela llaylla\u00edna, quienes posaron para nuestras c\u00e1maras.\" width=\"530\" height=\"349\" srcset=\"https:\/\/i0.wp.com\/eltrabajo.cl\/portal\/wp-content\/uploads\/2015\/05\/Grupal1.jpg?w=530&amp;ssl=1 530w, https:\/\/i0.wp.com\/eltrabajo.cl\/portal\/wp-content\/uploads\/2015\/05\/Grupal1.jpg?resize=200%2C132&amp;ssl=1 200w, https:\/\/i0.wp.com\/eltrabajo.cl\/portal\/wp-content\/uploads\/2015\/05\/Grupal1.jpg?resize=300%2C198&amp;ssl=1 300w, https:\/\/i0.wp.com\/eltrabajo.cl\/portal\/wp-content\/uploads\/2015\/05\/Grupal1.jpg?resize=150%2C99&amp;ssl=1 150w, https:\/\/i0.wp.com\/eltrabajo.cl\/portal\/wp-content\/uploads\/2015\/05\/Grupal1.jpg?resize=400%2C263&amp;ssl=1 400w\" sizes=\"auto, (max-width: 530px) 100vw, 530px\" \/><\/a><figcaption id=\"caption-attachment-58135\" class=\"wp-caption-text\">ALEGR\u00cdA LLA\u00ddLLA\u00cdNA.- Ellos son parte de los 230 estudiantes de esta c\u00e9ntrica escuela llaylla\u00edna, quienes posaron para nuestras c\u00e1maras.<\/figcaption><\/figure>\n<p><strong>LLAY LLAY<\/strong>.- La \u2018C\u00e1mara Viajera\u2019 de Diario El Trabajo sigue andando por todo el Valle de Aconcagua, visitando comunas y poblaciones con miras a registrar con nuestros lectores las historias y logros de nuestras instituciones m\u00e1s emblem\u00e1ticas. Este martes nuestro medio visit\u00f3 la Escuela Elisa Lattapiat Vargas, en donde su directora, la educadora diferencial Evelyn Briones Collao explicara a nuestro medio que \u00absomos una escuela con Excelencia Acad\u00e9mica desde 2015 y todo este a\u00f1o trabajamos aqu\u00ed con varios talleres como fotograf\u00eda, ajedrez, f\u00fatbol, escuela de m\u00fasica, contamos con un Departamento de Orientaci\u00f3n y Convivencia, en donde trabajamos cercanamente con los alumnos y sus familias\u00bb. En esta escuela estudian 230 llaylla\u00ednos; imparten sus conocimientos unos 36 docentes y se cuenta con la atenci\u00f3n del PIE, desde preb\u00e1sica hasta 8\u00ba B\u00e1sico.<\/p>\n<figure id=\"attachment_58136\" aria-describedby=\"caption-attachment-58136\" style=\"width: 300px\" class=\"wp-caption alignright\"><a href=\"https:\/\/i0.wp.com\/www.eltrabajo.cl\/portal\/wp-content\/uploads\/2015\/05\/Evelyn-Briones.jpg\"><img data-recalc-dims=\"1\" loading=\"lazy\" decoding=\"async\" class=\"wp-image-58136 size-medium\" src=\"https:\/\/i0.wp.com\/www.eltrabajo.cl\/portal\/wp-content\/uploads\/2015\/05\/Evelyn-Briones-300x197.jpg?resize=300%2C197\" alt=\"Educadora diferencial Evelyn Briones Collao, directora de la escuela.\" width=\"300\" height=\"197\" srcset=\"https:\/\/i0.wp.com\/eltrabajo.cl\/portal\/wp-content\/uploads\/2015\/05\/Evelyn-Briones.jpg?resize=300%2C197&amp;ssl=1 300w, https:\/\/i0.wp.com\/eltrabajo.cl\/portal\/wp-content\/uploads\/2015\/05\/Evelyn-Briones.jpg?resize=200%2C131&amp;ssl=1 200w, https:\/\/i0.wp.com\/eltrabajo.cl\/portal\/wp-content\/uploads\/2015\/05\/Evelyn-Briones.jpg?resize=150%2C98&amp;ssl=1 150w, https:\/\/i0.wp.com\/eltrabajo.cl\/portal\/wp-content\/uploads\/2015\/05\/Evelyn-Briones.jpg?resize=400%2C263&amp;ssl=1 400w, https:\/\/i0.wp.com\/eltrabajo.cl\/portal\/wp-content\/uploads\/2015\/05\/Evelyn-Briones.jpg?w=530&amp;ssl=1 530w\" sizes=\"auto, (max-width: 300px) 100vw, 300px\" \/><\/a><figcaption id=\"caption-attachment-58136\" class=\"wp-caption-text\">Educadora diferencial Evelyn Briones Collao, directora de la escuela.<\/figcaption><\/figure>\n<p><strong>RESE\u00d1A ESCOLAR<\/strong><br \/>\nEsta escuela nace el jueves 20 de abril de 1911, a los pies de Cerro La Tortuga, en el sector La Puntilla, se llamaba Escuela del Chorrillo. Esta contaba con tan s\u00f3lo dos salas, una cocina y un corredor de piso enladrillado, adem\u00e1s de una pared de piedra que cerraba su per\u00edmetro.<br \/>\nCabe se\u00f1alar que tras las salas de clases, se encontraba una casa destinada a la \u00fanica profesora, Elisa Lattapiat, quien ense\u00f1aba y atend\u00eda a unos 40 alumnos, distribuidos desde primero a tercero preparatoria.<br \/>\nLuego, a\u00f1os despu\u00e9s, la escuela se traslad\u00f3 a Morand\u00e9, Calle Florida N\u00ba 990, en el mes de julio de 1953. All\u00e1 m\u00e1s cerca del pueblo, continu\u00f3 por doce a\u00f1os m\u00e1s funcionando en una casa antigua con muchas dependencias. En 1965, la tierra se remeci\u00f3 y un terremoto destruy\u00f3 estas instalaciones, producto de lo cual al a\u00f1o siguiente, la escuela debi\u00f3 trasladarse a Avenida Balmaceda N\u00ba599.<br \/>\nEs entonces como desde estas nuevas dependencias, la Escuela<br \/>\nCoeducacional N\u00ba26 (as\u00ed se llamaba) adquiri\u00f3 un gran auge, avanzando a\u00f1o a a\u00f1o; es as\u00ed como en 1971 se imparti\u00f3 educaci\u00f3n hasta 7\u00b0 a\u00f1o y en 1973 hasta 8\u00b0 a\u00f1o; en 1975 subi\u00f3 de categor\u00eda de \u2018Escuela Rural\u2019 de segunda clase, a \u2018Escuela Urbana de primera clase\u2019.<br \/>\nPosteriormente, por Decreto N\u00b01056 de septiembre 1978, la Escuela N\u00b026, pas\u00f3 a ser Escuela FN\u00b0 218. En 1981 asume la direcci\u00f3n del establecimiento, Blanca Sonia Cabrera Maturana, quien se caracteriz\u00f3 por su perseverancia y compromiso con la tarea docente.<br \/>\nPor medio de una encuesta realizada a toda la comunidad escolar, se propuso y posteriormente eligi\u00f3 el nombre de Escuela B\u00e1sica Elisa Lattapiat Vargas\u2019, en homenaje a la sencilla profesora rural, quien fuera la primera preceptora de nuestro colegio. Esta propuesta fue aceptada y aprobada el 19 de julio de 1993 mediante Decreto N\u00ba 391.<br \/>\n<strong>Roberto Gonz\u00e1lez Short<\/strong><br \/>\nENVIADO ESPECIAL<br \/>\nrgonzalez@eltrabajo.cl<\/p>\n","protected":false},"excerpt":{"rendered":"<p>LLAY LLAY.- La \u2018C\u00e1mara Viajera\u2019 de Diario El Trabajo sigue andando por todo el Valle de Aconcagua, visitando comunas y poblaciones con miras a registrar con nuestros lectores las historias y logros&#8230;<\/p>\n","protected":false},"author":482,"featured_media":58135,"comment_status":"open","ping_status":"open","sticky":false,"template":"","format":"standard","meta":{"advanced_seo_description":"","jetpack_seo_html_title":"","jetpack_seo_noindex":false,"_jetpack_memberships_contains_paid_content":false,"footnotes":""},"categories":[15],"tags":[],"class_list":["post-58134","post","type-post","status-publish","format-standard","has-post-thumbnail","hentry","category-comunidad"],"jetpack_featured_media_url":"https:\/\/i0.wp.com\/eltrabajo.cl\/portal\/wp-content\/uploads\/2015\/05\/Grupal1.jpg?fit=530%2C349&ssl=1","jetpack_sharing_enabled":true,"jetpack_likes_enabled":true,"jetpack-related-posts":[],"_links":{"self":[{"href":"https:\/\/eltrabajo.cl\/portal\/wp-json\/wp\/v2\/posts\/58134","targetHints":{"allow":["GET"]}}],"collection":[{"href":"https:\/\/eltrabajo.cl\/portal\/wp-json\/wp\/v2\/posts"}],"about":[{"href":"https:\/\/eltrabajo.cl\/portal\/wp-json\/wp\/v2\/types\/post"}],"author":[{"embeddable":true,"href":"https:\/\/eltrabajo.cl\/portal\/wp-json\/wp\/v2\/users\/482"}],"replies":[{"embeddable":true,"href":"https:\/\/eltrabajo.cl\/portal\/wp-json\/wp\/v2\/comments?post=58134"}],"version-history":[{"count":0,"href":"https:\/\/eltrabajo.cl\/portal\/wp-json\/wp\/v2\/posts\/58134\/revisions"}],"wp:featuredmedia":[{"embeddable":true,"href":"https:\/\/eltrabajo.cl\/portal\/wp-json\/wp\/v2\/media\/58135"}],"wp:attachment":[{"href":"https:\/\/eltrabajo.cl\/portal\/wp-json\/wp\/v2\/media?parent=58134"}],"wp:term":[{"taxonomy":"category","embeddable":true,"href":"https:\/\/eltrabajo.cl\/portal\/wp-json\/wp\/v2\/categories?post=58134"},{"taxonomy":"post_tag","embeddable":true,"href":"https:\/\/eltrabajo.cl\/portal\/wp-json\/wp\/v2\/tags?post=58134"}],"curies":[{"name":"wp","href":"https:\/\/api.w.org\/{rel}","templated":true}]}}