{"id":58138,"date":"2015-05-20T09:23:08","date_gmt":"2015-05-20T12:23:08","guid":{"rendered":"http:\/\/www.eltrabajo.cl\/portal\/?p=58138"},"modified":"2015-05-20T09:23:08","modified_gmt":"2015-05-20T12:23:08","slug":"joven-panquehuina-con-capacidades-diferentes-recibe-ayuda-tecnica","status":"publish","type":"post","link":"https:\/\/eltrabajo.cl\/portal\/joven-panquehuina-con-capacidades-diferentes-recibe-ayuda-tecnica\/","title":{"rendered":"Joven panquehuina con capacidades diferentes recibe ayuda t\u00e9cnica"},"content":{"rendered":"<figure id=\"attachment_58139\" aria-describedby=\"caption-attachment-58139\" style=\"width: 300px\" class=\"wp-caption alignleft\"><a href=\"https:\/\/i0.wp.com\/www.eltrabajo.cl\/portal\/wp-content\/uploads\/2015\/05\/Ayuda-a-joven-Panquehuina.jpg\"><img data-recalc-dims=\"1\" loading=\"lazy\" decoding=\"async\" class=\"wp-image-58139 size-medium\" src=\"https:\/\/i0.wp.com\/www.eltrabajo.cl\/portal\/wp-content\/uploads\/2015\/05\/Ayuda-a-joven-Panquehuina-300x198.jpg?resize=300%2C198\" alt=\"La ayuda para Mar\u00eda Jos\u00e9 Chaparro fue entregada por la directora regional de Senadis Marisol Torres, el Gobernador, Eduardo Le\u00f3n y el Alcalde de Panquehue, Luis Pradenas.\" width=\"300\" height=\"198\" srcset=\"https:\/\/i0.wp.com\/eltrabajo.cl\/portal\/wp-content\/uploads\/2015\/05\/Ayuda-a-joven-Panquehuina.jpg?resize=300%2C198&amp;ssl=1 300w, https:\/\/i0.wp.com\/eltrabajo.cl\/portal\/wp-content\/uploads\/2015\/05\/Ayuda-a-joven-Panquehuina.jpg?resize=200%2C132&amp;ssl=1 200w, https:\/\/i0.wp.com\/eltrabajo.cl\/portal\/wp-content\/uploads\/2015\/05\/Ayuda-a-joven-Panquehuina.jpg?resize=150%2C99&amp;ssl=1 150w, https:\/\/i0.wp.com\/eltrabajo.cl\/portal\/wp-content\/uploads\/2015\/05\/Ayuda-a-joven-Panquehuina.jpg?resize=400%2C264&amp;ssl=1 400w, https:\/\/i0.wp.com\/eltrabajo.cl\/portal\/wp-content\/uploads\/2015\/05\/Ayuda-a-joven-Panquehuina.jpg?w=530&amp;ssl=1 530w\" sizes=\"auto, (max-width: 300px) 100vw, 300px\" \/><\/a><figcaption id=\"caption-attachment-58139\" class=\"wp-caption-text\">La ayuda para Mar\u00eda Jos\u00e9 Chaparro fue entregada por la directora regional de Senadis Marisol Torres, el Gobernador, Eduardo Le\u00f3n y el Alcalde de Panquehue, Luis Pradenas.<\/figcaption><\/figure>\n<p>Cerca de $5 millones es la inversi\u00f3n de una silla neurol\u00f3gica, gr\u00faa de transferencia y silla de ducha que entreg\u00f3 la Directora Regional de Senadis, el Gobernador y el Alcalde de Panquehue.<br \/>\nFeliz y visiblemente emocionada se mostr\u00f3 Gladys Pino, madre de Mar\u00eda Jos\u00e9 Chaparro, joven que necesitaba urgentemente implementos que le permitir\u00e1n facilitar el desplazamiento. Fue as\u00ed como ayer martes se le hizo entrega de ayudas t\u00e9cnicas por parte de Senadis, la Gobernaci\u00f3n de San Felipe y el Alcalde de Panquehue.<br \/>\nEste aporte consiste en la entrega de una silla de ruedas neurol\u00f3gica, gr\u00faa de transferencia y silla de ducha, implementos que bordean los 5 millones de pesos en inversi\u00f3n.<br \/>\nFue as\u00ed como la Directora Regional del Servicio Nacional de la Discapacidad, Marisol Torres, la m\u00e1xima autoridad provincial, Eduardo Le\u00f3n y el jefe comunal, Luis Pradenas, llegaron hasta el hogar de la beneficiaria para hacerle entrega de esta ayuda t\u00e9cnica.<br \/>\nPara la madre de Mar\u00eda Jos\u00e9, esto es \u201cmejor que ganarme la loter\u00eda. Mi hija estuvo postrada m\u00e1s de dos a\u00f1os y con esta ayuda que hemos recibido de parte del Gobierno de la Presidenta Bachelet y las autoridades, me sirve mucho. Es una maravilla de aparato. Estoy muy agradecida\u201d.<br \/>\nEn tanto, la directora Regional de Senadis, se mostr\u00f3 muy contenta con la entrega a esta familia. \u201cNo s\u00f3lo apoyamos la inclusi\u00f3n de la persona afectada, sino que de todo el n\u00facleo familiar. Esto permitir\u00e1 que Mar\u00eda Jos\u00e9 se incorpore a las actividades de la comuna y estamos contentos de llegar con estas ayudas t\u00e9cnicas a las personas que lo necesiten\u201d.<br \/>\nPor su parte, el Gobernador Eduardo Le\u00f3n destac\u00f3 que es un trabajo que se desarroll\u00f3 de manera mancomunada en busca de darle soluci\u00f3n a la petici\u00f3n de Gladys, ya que \u201cesto es parte del funcionamiento de la red social. Para nosotros como Gobierno es un orgullo estar ac\u00e1 y entregar estas ayudas. Esperamos que podamos participar, cada vez m\u00e1s, de forma equitativa en la sociedad\u201d.<br \/>\nFinalmente, el Alcalde Luis Pradenas agradeci\u00f3 el apoyo de las diversas autoridades para brindar una mejor calidad de vida para esta vecina y su hija se\u00f1alando que \u201cyo como alcalde s\u00f3lo quiero agradecer. Estoy muy contento de que las autoridades que le corresponde se preocupen de estos casos, ya que lo que nos importa es mejorar la calidad de vida de las personas\u201d.<\/p>\n","protected":false},"excerpt":{"rendered":"<p>Cerca de $5 millones es la inversi\u00f3n de una silla neurol\u00f3gica, gr\u00faa de transferencia y silla de ducha que entreg\u00f3 la Directora Regional de Senadis, el Gobernador y el Alcalde de Panquehue&#8230;.<\/p>\n","protected":false},"author":482,"featured_media":58139,"comment_status":"open","ping_status":"open","sticky":false,"template":"","format":"standard","meta":{"advanced_seo_description":"","jetpack_seo_html_title":"","jetpack_seo_noindex":false,"_jetpack_memberships_contains_paid_content":false,"footnotes":""},"categories":[15],"tags":[],"class_list":["post-58138","post","type-post","status-publish","format-standard","has-post-thumbnail","hentry","category-comunidad"],"jetpack_featured_media_url":"https:\/\/i0.wp.com\/eltrabajo.cl\/portal\/wp-content\/uploads\/2015\/05\/Ayuda-a-joven-Panquehuina.jpg?fit=530%2C350&ssl=1","jetpack_sharing_enabled":true,"jetpack_likes_enabled":true,"jetpack-related-posts":[],"_links":{"self":[{"href":"https:\/\/eltrabajo.cl\/portal\/wp-json\/wp\/v2\/posts\/58138","targetHints":{"allow":["GET"]}}],"collection":[{"href":"https:\/\/eltrabajo.cl\/portal\/wp-json\/wp\/v2\/posts"}],"about":[{"href":"https:\/\/eltrabajo.cl\/portal\/wp-json\/wp\/v2\/types\/post"}],"author":[{"embeddable":true,"href":"https:\/\/eltrabajo.cl\/portal\/wp-json\/wp\/v2\/users\/482"}],"replies":[{"embeddable":true,"href":"https:\/\/eltrabajo.cl\/portal\/wp-json\/wp\/v2\/comments?post=58138"}],"version-history":[{"count":0,"href":"https:\/\/eltrabajo.cl\/portal\/wp-json\/wp\/v2\/posts\/58138\/revisions"}],"wp:featuredmedia":[{"embeddable":true,"href":"https:\/\/eltrabajo.cl\/portal\/wp-json\/wp\/v2\/media\/58139"}],"wp:attachment":[{"href":"https:\/\/eltrabajo.cl\/portal\/wp-json\/wp\/v2\/media?parent=58138"}],"wp:term":[{"taxonomy":"category","embeddable":true,"href":"https:\/\/eltrabajo.cl\/portal\/wp-json\/wp\/v2\/categories?post=58138"},{"taxonomy":"post_tag","embeddable":true,"href":"https:\/\/eltrabajo.cl\/portal\/wp-json\/wp\/v2\/tags?post=58138"}],"curies":[{"name":"wp","href":"https:\/\/api.w.org\/{rel}","templated":true}]}}