{"id":58171,"date":"2015-05-20T09:40:42","date_gmt":"2015-05-20T12:40:42","guid":{"rendered":"http:\/\/www.eltrabajo.cl\/portal\/?p=58171"},"modified":"2015-05-20T09:40:42","modified_gmt":"2015-05-20T12:40:42","slug":"despues-de-10-anos-mujer-consiguio-llevar-a-juicio-a-su-abusador-sexual","status":"publish","type":"post","link":"https:\/\/eltrabajo.cl\/portal\/despues-de-10-anos-mujer-consiguio-llevar-a-juicio-a-su-abusador-sexual\/","title":{"rendered":"Despu\u00e9s de 10 a\u00f1os mujer consigui\u00f3 llevar a juicio a su abusador sexual"},"content":{"rendered":"<figure id=\"attachment_58172\" aria-describedby=\"caption-attachment-58172\" style=\"width: 300px\" class=\"wp-caption alignleft\"><a href=\"https:\/\/i0.wp.com\/www.eltrabajo.cl\/portal\/wp-content\/uploads\/2015\/05\/nina-abusada1.jpg\"><img data-recalc-dims=\"1\" loading=\"lazy\" decoding=\"async\" class=\"wp-image-58172 size-medium\" src=\"https:\/\/i0.wp.com\/www.eltrabajo.cl\/portal\/wp-content\/uploads\/2015\/05\/nina-abusada1-300x197.jpg?resize=300%2C197\" alt=\"La v\u00edctima luego de 10 a\u00f1os logr\u00f3 llevar a juicio al abusador sexual tras ser atentada en reiteradas ocasiones en la comuna de San Felipe, siendo hoy condenado por estos actos y beneficiado con una pena en libertad. (Foto referencial).\" width=\"300\" height=\"197\" srcset=\"https:\/\/i0.wp.com\/eltrabajo.cl\/portal\/wp-content\/uploads\/2015\/05\/nina-abusada1.jpg?resize=300%2C197&amp;ssl=1 300w, https:\/\/i0.wp.com\/eltrabajo.cl\/portal\/wp-content\/uploads\/2015\/05\/nina-abusada1.jpg?resize=200%2C131&amp;ssl=1 200w, https:\/\/i0.wp.com\/eltrabajo.cl\/portal\/wp-content\/uploads\/2015\/05\/nina-abusada1.jpg?resize=150%2C98&amp;ssl=1 150w, https:\/\/i0.wp.com\/eltrabajo.cl\/portal\/wp-content\/uploads\/2015\/05\/nina-abusada1.jpg?resize=400%2C263&amp;ssl=1 400w, https:\/\/i0.wp.com\/eltrabajo.cl\/portal\/wp-content\/uploads\/2015\/05\/nina-abusada1.jpg?w=530&amp;ssl=1 530w\" sizes=\"auto, (max-width: 300px) 100vw, 300px\" \/><\/a><figcaption id=\"caption-attachment-58172\" class=\"wp-caption-text\">La v\u00edctima luego de 10 a\u00f1os logr\u00f3 llevar a juicio al abusador sexual tras ser atentada en reiteradas ocasiones en la comuna de San Felipe, siendo hoy condenado por estos actos y beneficiado con una pena en libertad. (Foto referencial).<\/figcaption><\/figure>\n<p>Fue en el a\u00f1o 2005 cuando una ni\u00f1a de 12 a\u00f1os fue v\u00edctima de reiterados abusos sexuales por parte de la pareja de su madre, sufriendo en silencio estas graves y deleznables consecuencias por siete a\u00f1os, cuando espec\u00edficamente el 2012 la afectada, toda una adolescente, se atrevi\u00f3 a denunciar ante la Polic\u00eda a su agresor quien fue condenado la tarde de ayer martes por el Tribunal Oral en Lo Penal de San Felipe por este delito.<br \/>\nLuego de haber transcurrido 10 a\u00f1os de estos sucesos, la v\u00edctima pudo llevar a juicio a Luis Miguel Lizana Ojeda, detallando ante los jueces los abusos a los que fue sometida por el condenado, tras las investigaciones a cargo de la Fiscal\u00eda de San Felipe, quien acus\u00f3 los reiterados atentados hacia la v\u00edctima de actuales 20 a\u00f1os de edad.<br \/>\nEl Tribunal Oral en Lo Penal de San Felipe en su veredicto conden\u00f3 a Lizana Ojeda considerando la media prescripci\u00f3n desde la fecha de la ocurrencia del delito que lo benefici\u00f3, pese a las pruebas periciales y testimoniales de la v\u00edctima y funcionarios policiales de la Brigada de Delitos Sexuales de Los Andes y peritos psicol\u00f3gicos.<br \/>\nLos jueces determinaron aplicar una sentencia por abuso sexual reiterado de tres a\u00f1os con el beneficio de remisi\u00f3n condicional de la pena que le permite cumplirla en libertad.<br \/>\n<strong>Pablo Salinas Sald\u00edas<\/strong><\/p>\n","protected":false},"excerpt":{"rendered":"<p>Fue en el a\u00f1o 2005 cuando una ni\u00f1a de 12 a\u00f1os fue v\u00edctima de reiterados abusos sexuales por parte de la pareja de su madre, sufriendo en silencio estas graves y deleznables&#8230;<\/p>\n","protected":false},"author":482,"featured_media":58172,"comment_status":"open","ping_status":"open","sticky":false,"template":"","format":"standard","meta":{"advanced_seo_description":"","jetpack_seo_html_title":"","jetpack_seo_noindex":false,"_jetpack_memberships_contains_paid_content":false,"footnotes":""},"categories":[21],"tags":[],"class_list":["post-58171","post","type-post","status-publish","format-standard","has-post-thumbnail","hentry","category-policial"],"jetpack_featured_media_url":"https:\/\/i0.wp.com\/eltrabajo.cl\/portal\/wp-content\/uploads\/2015\/05\/nina-abusada1.jpg?fit=530%2C348&ssl=1","jetpack_sharing_enabled":true,"jetpack_likes_enabled":true,"jetpack-related-posts":[],"_links":{"self":[{"href":"https:\/\/eltrabajo.cl\/portal\/wp-json\/wp\/v2\/posts\/58171","targetHints":{"allow":["GET"]}}],"collection":[{"href":"https:\/\/eltrabajo.cl\/portal\/wp-json\/wp\/v2\/posts"}],"about":[{"href":"https:\/\/eltrabajo.cl\/portal\/wp-json\/wp\/v2\/types\/post"}],"author":[{"embeddable":true,"href":"https:\/\/eltrabajo.cl\/portal\/wp-json\/wp\/v2\/users\/482"}],"replies":[{"embeddable":true,"href":"https:\/\/eltrabajo.cl\/portal\/wp-json\/wp\/v2\/comments?post=58171"}],"version-history":[{"count":0,"href":"https:\/\/eltrabajo.cl\/portal\/wp-json\/wp\/v2\/posts\/58171\/revisions"}],"wp:featuredmedia":[{"embeddable":true,"href":"https:\/\/eltrabajo.cl\/portal\/wp-json\/wp\/v2\/media\/58172"}],"wp:attachment":[{"href":"https:\/\/eltrabajo.cl\/portal\/wp-json\/wp\/v2\/media?parent=58171"}],"wp:term":[{"taxonomy":"category","embeddable":true,"href":"https:\/\/eltrabajo.cl\/portal\/wp-json\/wp\/v2\/categories?post=58171"},{"taxonomy":"post_tag","embeddable":true,"href":"https:\/\/eltrabajo.cl\/portal\/wp-json\/wp\/v2\/tags?post=58171"}],"curies":[{"name":"wp","href":"https:\/\/api.w.org\/{rel}","templated":true}]}}