{"id":58174,"date":"2015-05-20T09:42:14","date_gmt":"2015-05-20T12:42:14","guid":{"rendered":"http:\/\/www.eltrabajo.cl\/portal\/?p=58174"},"modified":"2015-05-20T11:37:33","modified_gmt":"2015-05-20T14:37:33","slug":"investigan-muerte-de-obrero-fallecido-de-un-infarto-tras-ser-atendido-en-cesfam","status":"publish","type":"post","link":"https:\/\/eltrabajo.cl\/portal\/investigan-muerte-de-obrero-fallecido-de-un-infarto-tras-ser-atendido-en-cesfam\/","title":{"rendered":"Investigan muerte obrero fallecido de infarto tras ser atendido en Cesfam"},"content":{"rendered":"<figure id=\"attachment_58175\" aria-describedby=\"caption-attachment-58175\" style=\"width: 300px\" class=\"wp-caption alignleft\"><a href=\"https:\/\/i0.wp.com\/www.eltrabajo.cl\/portal\/wp-content\/uploads\/2015\/05\/Comisario-Gino-Gutierrez.jpg\"><img data-recalc-dims=\"1\" loading=\"lazy\" decoding=\"async\" class=\"wp-image-58175 size-medium\" src=\"https:\/\/i0.wp.com\/www.eltrabajo.cl\/portal\/wp-content\/uploads\/2015\/05\/Comisario-Gino-Gutierrez-300x197.jpg?resize=300%2C197\" alt=\"El Jefe de la Brigada de Homicidios de Los Andes, Comisario Gino Guti\u00e9rrez indic\u00f3 que se investigar\u00e1 el fallecimiento del obrero de 42 a\u00f1os a consecuencia de un infarto tras haber sido atendido en el Cesfam de Curim\u00f3n.\" width=\"300\" height=\"197\" srcset=\"https:\/\/i0.wp.com\/eltrabajo.cl\/portal\/wp-content\/uploads\/2015\/05\/Comisario-Gino-Gutierrez.jpg?resize=300%2C197&amp;ssl=1 300w, https:\/\/i0.wp.com\/eltrabajo.cl\/portal\/wp-content\/uploads\/2015\/05\/Comisario-Gino-Gutierrez.jpg?resize=200%2C131&amp;ssl=1 200w, https:\/\/i0.wp.com\/eltrabajo.cl\/portal\/wp-content\/uploads\/2015\/05\/Comisario-Gino-Gutierrez.jpg?resize=150%2C98&amp;ssl=1 150w, https:\/\/i0.wp.com\/eltrabajo.cl\/portal\/wp-content\/uploads\/2015\/05\/Comisario-Gino-Gutierrez.jpg?resize=400%2C263&amp;ssl=1 400w, https:\/\/i0.wp.com\/eltrabajo.cl\/portal\/wp-content\/uploads\/2015\/05\/Comisario-Gino-Gutierrez.jpg?w=530&amp;ssl=1 530w\" sizes=\"auto, (max-width: 300px) 100vw, 300px\" \/><\/a><figcaption id=\"caption-attachment-58175\" class=\"wp-caption-text\">El Jefe de la Brigada de Homicidios de Los Andes, Comisario Gino Guti\u00e9rrez indic\u00f3 que se investigar\u00e1 el fallecimiento del obrero de 42 a\u00f1os a consecuencia de un infarto tras haber sido atendido en el Cesfam de Curim\u00f3n.<\/figcaption><\/figure>\n<p>En pleno proceso de investigaci\u00f3n a cargo de la Brigada de Homicidios de Los Andes, se encuentra la muerte de un obrero agr\u00edcola de 42 a\u00f1os, identificado como Marcelo Alejandro Mu\u00f1oz Navarro, quien falleci\u00f3 producto de un infarto luego de haber sido atendido de urgencia en el Cesfam de Curim\u00f3n.<br \/>\nEl deceso se produjo minutos m\u00e1s tarde en su domicilio, por lo cual la polic\u00eda realiza diligencias para establecer si se cumplieron los protocolos de atenci\u00f3n del centro hospitalario hacia el paciente.<br \/>\nLos primeros informes policiales se\u00f1alan que Marcelo Mu\u00f1oz concurri\u00f3 hasta el Centro de Salud Familiar en el sector de Curim\u00f3n, el pasado lunes tras una fuerte dolencia en el pecho, en donde habr\u00eda sido atendido de urgencia por el m\u00e9dico de turno y se le habr\u00eda practicado un electrocardiograma, adem\u00e1s de medir su presi\u00f3n arterial.<\/p>\n<figure id=\"attachment_58176\" aria-describedby=\"caption-attachment-58176\" style=\"width: 300px\" class=\"wp-caption alignright\"><a href=\"https:\/\/i0.wp.com\/www.eltrabajo.cl\/portal\/wp-content\/uploads\/2015\/05\/marcela-brito.jpg\"><img data-recalc-dims=\"1\" loading=\"lazy\" decoding=\"async\" class=\"wp-image-58176 size-medium\" src=\"https:\/\/i0.wp.com\/www.eltrabajo.cl\/portal\/wp-content\/uploads\/2015\/05\/marcela-brito-300x197.jpg?resize=300%2C197\" alt=\"La Directora de Salud Municipal, Marcela Brito asegur\u00f3 que inici\u00f3 una investigaci\u00f3n sumaria para determinar si se aplicaron todos los protocolos de atenci\u00f3n hacia el paciente.\" width=\"300\" height=\"197\" srcset=\"https:\/\/i0.wp.com\/eltrabajo.cl\/portal\/wp-content\/uploads\/2015\/05\/marcela-brito.jpg?resize=300%2C197&amp;ssl=1 300w, https:\/\/i0.wp.com\/eltrabajo.cl\/portal\/wp-content\/uploads\/2015\/05\/marcela-brito.jpg?resize=200%2C131&amp;ssl=1 200w, https:\/\/i0.wp.com\/eltrabajo.cl\/portal\/wp-content\/uploads\/2015\/05\/marcela-brito.jpg?resize=150%2C98&amp;ssl=1 150w, https:\/\/i0.wp.com\/eltrabajo.cl\/portal\/wp-content\/uploads\/2015\/05\/marcela-brito.jpg?resize=400%2C263&amp;ssl=1 400w, https:\/\/i0.wp.com\/eltrabajo.cl\/portal\/wp-content\/uploads\/2015\/05\/marcela-brito.jpg?w=530&amp;ssl=1 530w\" sizes=\"auto, (max-width: 300px) 100vw, 300px\" \/><\/a><figcaption id=\"caption-attachment-58176\" class=\"wp-caption-text\">La Directora de Salud Municipal, Marcela Brito asegur\u00f3 que inici\u00f3 una investigaci\u00f3n sumaria para determinar si se aplicaron todos los protocolos de atenci\u00f3n hacia el paciente.<\/figcaption><\/figure>\n<p>Tras esta evaluaci\u00f3n m\u00e9dica, Mu\u00f1oz habr\u00eda sido dado de alta y enviado a su domicilio en el sector de San Rafael, donde minutos m\u00e1s tarde habr\u00eda sufrido una nueva descompensaci\u00f3n card\u00edaca, falleciendo de un infarto fulminante en presencia de su esposa quien aport\u00f3 los antecedentes a los efectivos policiales tras el lamentable deceso de su c\u00f3nyuge, padre de sus dos hijos.<br \/>\nUna investigaci\u00f3n policial buscar\u00e1 ahondar si la atenci\u00f3n m\u00e9dica fue oportuna hacia el paciente, despejar dudas si recibi\u00f3 alg\u00fan medicamento indicado o si abandon\u00f3 alg\u00fan tratamiento m\u00e9dico vinculado a dolencias pret\u00e9ritas, a fin de establecer o descartar eventuales responsabilidades sobre este hecho.<br \/>\n\u201cLa persona falleci\u00f3 de un infarto agudo al miocardio, que habr\u00eda ocurrido durante el d\u00eda en el Cesfam de Curim\u00f3n que fue atendido y luego en su domicilio le sobrevino una descompensaci\u00f3n que le caus\u00f3 el deceso. Los antecedentes dicen que le vino un dolor fuerte en el pecho y le habr\u00edan practicado unos ex\u00e1menes en el Cesfam, el resto es materia de investigaci\u00f3n que vamos a ahondar si es que la atenci\u00f3n fue oportuna, si la medicaci\u00f3n fue la adecuada, si el procedimiento fue incorrecto, todas esas instancias son parte de la investigaci\u00f3n\u201d, inform\u00f3 a Diario El Trabajo, el Jefe de la Brigada de Homicidios de la Polic\u00eda de Investigaciones, Comisario Gino Guti\u00e9rrez.<br \/>\nLos antecedentes del fallecimiento de Marcelo Mu\u00f1oz son de conocimiento por la Fiscal\u00eda de San Felipe, en donde se esperan los informes de autopsia emanados del Servicio M\u00e9dico Legal para determinar la causa basal de la muerte del paciente, agreg\u00f3 el oficial policial.<br \/>\n\u201cNosotros establecemos que en su momento el cad\u00e1ver no ten\u00eda presencia de acciones atribuibles a terceras personas y la causa de muerte fue un infarto al miocardio. Ahora, las causas precisas y necesarias que derivaron en esta situaci\u00f3n, ya sea de una atenci\u00f3n presta y oportuna, eso va a ser determinado a trav\u00e9s de la investigaci\u00f3n o si los protocolos se cumplieron respecto de la atenci\u00f3n que en el momento le otorgaron en el Cesfam, y eso necesariamente tiene que ser una investigaci\u00f3n emanada por la Fiscal\u00eda. Es parte de la investigaci\u00f3n saber qu\u00e9 ocurri\u00f3 antes, durante y posterior a los hechos. Establecer si hab\u00edan antecedentes previos, si hubo atenciones anteriores, si estaba medicado en ese momento y cumpl\u00eda alg\u00fan tratamiento m\u00e9dico\u201d, argument\u00f3 el Comisario Gino Guti\u00e9rrez.<br \/>\nEn tanto la Directora de Salud Municipal, Marcela Brito, indic\u00f3 a Diario El Trabajo que se inici\u00f3 una investigaci\u00f3n sumaria para determinar los protocolos de atenci\u00f3n al paciente desde el interior del Cesfam de Curim\u00f3n: \u201cPor parte del Municipio se est\u00e1n recabando todos los antecedentes que est\u00e9n relacionados con el proceso de atenci\u00f3n, porque el paciente s\u00ed fue atendido, pero no podemos asegurar por el momento qu\u00e9 es lo que ocurri\u00f3 y si fue a consecuencia de esa atenci\u00f3n, pero se va a tener consideraci\u00f3n una vez que se realicen todas las investigaciones pertinentes. Nosotros entregamos los antecedentes a la polic\u00eda que nos est\u00e1n pidiendo\u201d, concluy\u00f3.<br \/>\n<strong>Pablo Salinas Sald\u00edas<\/strong><\/p>\n","protected":false},"excerpt":{"rendered":"<p>En pleno proceso de investigaci\u00f3n a cargo de la Brigada de Homicidios de Los Andes, se encuentra la muerte de un obrero agr\u00edcola de 42 a\u00f1os, identificado como Marcelo Alejandro Mu\u00f1oz Navarro,&#8230;<\/p>\n","protected":false},"author":482,"featured_media":58175,"comment_status":"open","ping_status":"open","sticky":false,"template":"","format":"standard","meta":{"advanced_seo_description":"","jetpack_seo_html_title":"","jetpack_seo_noindex":false,"_jetpack_memberships_contains_paid_content":false,"footnotes":""},"categories":[21],"tags":[],"class_list":["post-58174","post","type-post","status-publish","format-standard","has-post-thumbnail","hentry","category-policial"],"jetpack_featured_media_url":"https:\/\/i0.wp.com\/eltrabajo.cl\/portal\/wp-content\/uploads\/2015\/05\/Comisario-Gino-Gutierrez.jpg?fit=530%2C348&ssl=1","jetpack_sharing_enabled":true,"jetpack_likes_enabled":true,"jetpack-related-posts":[],"_links":{"self":[{"href":"https:\/\/eltrabajo.cl\/portal\/wp-json\/wp\/v2\/posts\/58174","targetHints":{"allow":["GET"]}}],"collection":[{"href":"https:\/\/eltrabajo.cl\/portal\/wp-json\/wp\/v2\/posts"}],"about":[{"href":"https:\/\/eltrabajo.cl\/portal\/wp-json\/wp\/v2\/types\/post"}],"author":[{"embeddable":true,"href":"https:\/\/eltrabajo.cl\/portal\/wp-json\/wp\/v2\/users\/482"}],"replies":[{"embeddable":true,"href":"https:\/\/eltrabajo.cl\/portal\/wp-json\/wp\/v2\/comments?post=58174"}],"version-history":[{"count":0,"href":"https:\/\/eltrabajo.cl\/portal\/wp-json\/wp\/v2\/posts\/58174\/revisions"}],"wp:featuredmedia":[{"embeddable":true,"href":"https:\/\/eltrabajo.cl\/portal\/wp-json\/wp\/v2\/media\/58175"}],"wp:attachment":[{"href":"https:\/\/eltrabajo.cl\/portal\/wp-json\/wp\/v2\/media?parent=58174"}],"wp:term":[{"taxonomy":"category","embeddable":true,"href":"https:\/\/eltrabajo.cl\/portal\/wp-json\/wp\/v2\/categories?post=58174"},{"taxonomy":"post_tag","embeddable":true,"href":"https:\/\/eltrabajo.cl\/portal\/wp-json\/wp\/v2\/tags?post=58174"}],"curies":[{"name":"wp","href":"https:\/\/api.w.org\/{rel}","templated":true}]}}