{"id":58198,"date":"2015-05-22T09:24:08","date_gmt":"2015-05-22T12:24:08","guid":{"rendered":"http:\/\/www.eltrabajo.cl\/portal\/?p=58198"},"modified":"2015-05-22T14:22:39","modified_gmt":"2015-05-22T17:22:39","slug":"estudiantes-callelarguinos-reciben-computadores-por-programa-yo-elijo-mi-pc","status":"publish","type":"post","link":"https:\/\/eltrabajo.cl\/portal\/estudiantes-callelarguinos-reciben-computadores-por-programa-yo-elijo-mi-pc\/","title":{"rendered":"Estudiantes callelarguinos reciben computadores programa \u2018Yo elijo mi PC\u2019"},"content":{"rendered":"<figure id=\"attachment_58199\" aria-describedby=\"caption-attachment-58199\" style=\"width: 300px\" class=\"wp-caption alignleft\"><a href=\"https:\/\/i0.wp.com\/www.eltrabajo.cl\/portal\/wp-content\/uploads\/2015\/05\/Yo-eligo-mi-pc-Calle-Larga.jpg\"><img data-recalc-dims=\"1\" loading=\"lazy\" decoding=\"async\" class=\"wp-image-58199 size-medium\" src=\"https:\/\/i0.wp.com\/www.eltrabajo.cl\/portal\/wp-content\/uploads\/2015\/05\/Yo-eligo-mi-pc-Calle-Larga-300x198.jpg?resize=300%2C198\" alt=\"36 alumnos de establecimientos municipalizados de Calle Larga, fueron beneficiados por el programa \u2018Yo Elijo mi PC\u2019. \" width=\"300\" height=\"198\" srcset=\"https:\/\/i0.wp.com\/eltrabajo.cl\/portal\/wp-content\/uploads\/2015\/05\/Yo-eligo-mi-pc-Calle-Larga.jpg?resize=300%2C198&amp;ssl=1 300w, https:\/\/i0.wp.com\/eltrabajo.cl\/portal\/wp-content\/uploads\/2015\/05\/Yo-eligo-mi-pc-Calle-Larga.jpg?resize=200%2C132&amp;ssl=1 200w, https:\/\/i0.wp.com\/eltrabajo.cl\/portal\/wp-content\/uploads\/2015\/05\/Yo-eligo-mi-pc-Calle-Larga.jpg?resize=150%2C99&amp;ssl=1 150w, https:\/\/i0.wp.com\/eltrabajo.cl\/portal\/wp-content\/uploads\/2015\/05\/Yo-eligo-mi-pc-Calle-Larga.jpg?resize=400%2C264&amp;ssl=1 400w, https:\/\/i0.wp.com\/eltrabajo.cl\/portal\/wp-content\/uploads\/2015\/05\/Yo-eligo-mi-pc-Calle-Larga.jpg?w=530&amp;ssl=1 530w\" sizes=\"auto, (max-width: 300px) 100vw, 300px\" \/><\/a><figcaption id=\"caption-attachment-58199\" class=\"wp-caption-text\">36 alumnos de establecimientos municipalizados de Calle Larga, fueron beneficiados por el programa \u2018Yo Elijo mi PC\u2019.<\/figcaption><\/figure>\n<ul>\n<li><strong>36 estudiantes de 7\u00ba b\u00e1sico de establecimientos educacionales de la comuna recibieron este beneficio<\/strong><\/li>\n<\/ul>\n<p><strong>CALLE LARGA.<\/strong>&#8211; En el Gimnasio Municipal de Calle Larga se realiz\u00f3, la ma\u00f1ana del pasado mi\u00e9rcoles, la ceremonia de entrega de computadores a 36 estudiantes en el marco del programa \u2018Yo elijo mi PC\u2019, iniciativa del Ministerio de Educaci\u00f3n y Junaeb que busca aumentar los niveles de equidad y disminuir la brecha digital, favoreciendo a ni\u00f1os de 7\u00ba b\u00e1sico que destacan por su buen rendimiento acad\u00e9mico.<br \/>\nSobre esta entrega el alcalde de Calle Larga, Nelson Venegas, destac\u00f3 que \u201ceste es el sexto o s\u00e9ptimo a\u00f1o que se realiza esta iniciativa, la cual es un incentivo muy importante para los alumnos\u201d, manifest\u00f3 el alcalde Venegas.<br \/>\nPor su parte el director regional de la Junaeb, Marcelo G\u00f3ngora, destac\u00f3 la entrega de computadores en Calle Larga.<br \/>\n\u201cEste programa que fue impulsado por el Gobierno de la Presidenta Bachelet, nos permite hacer entrega de 30 equipos que fueron elegidos por los estudiantes, que vienen con internet gratis y que les permite hacer un rastreo en el caso de que lo pierdan. La Junaeb luego de cincuenta a\u00f1os de existencia, hoy se siente contenta de estar en Calle Larga y poder entregar estos equipos en la comuna\u201d, sostuvo Marcelo G\u00f3ngora.<br \/>\nTambi\u00e9n la Gobernadora de Los Andes, Mar\u00eda Victoria Rodr\u00edguez, expres\u00f3 su satisfacci\u00f3n por la entrega de los equipos computacionales a los estudiantes.<\/p>\n","protected":false},"excerpt":{"rendered":"<p>36 estudiantes de 7\u00ba b\u00e1sico de establecimientos educacionales de la comuna recibieron este beneficio CALLE LARGA.&#8211; En el Gimnasio Municipal de Calle Larga se realiz\u00f3, la ma\u00f1ana del pasado mi\u00e9rcoles, la ceremonia&#8230;<\/p>\n","protected":false},"author":482,"featured_media":58199,"comment_status":"open","ping_status":"open","sticky":false,"template":"","format":"standard","meta":{"advanced_seo_description":"","jetpack_seo_html_title":"","jetpack_seo_noindex":false,"_jetpack_memberships_contains_paid_content":false,"footnotes":""},"categories":[15],"tags":[],"class_list":["post-58198","post","type-post","status-publish","format-standard","has-post-thumbnail","hentry","category-comunidad"],"jetpack_featured_media_url":"https:\/\/i0.wp.com\/eltrabajo.cl\/portal\/wp-content\/uploads\/2015\/05\/Yo-eligo-mi-pc-Calle-Larga.jpg?fit=530%2C350&ssl=1","jetpack_sharing_enabled":true,"jetpack_likes_enabled":true,"jetpack-related-posts":[],"_links":{"self":[{"href":"https:\/\/eltrabajo.cl\/portal\/wp-json\/wp\/v2\/posts\/58198","targetHints":{"allow":["GET"]}}],"collection":[{"href":"https:\/\/eltrabajo.cl\/portal\/wp-json\/wp\/v2\/posts"}],"about":[{"href":"https:\/\/eltrabajo.cl\/portal\/wp-json\/wp\/v2\/types\/post"}],"author":[{"embeddable":true,"href":"https:\/\/eltrabajo.cl\/portal\/wp-json\/wp\/v2\/users\/482"}],"replies":[{"embeddable":true,"href":"https:\/\/eltrabajo.cl\/portal\/wp-json\/wp\/v2\/comments?post=58198"}],"version-history":[{"count":0,"href":"https:\/\/eltrabajo.cl\/portal\/wp-json\/wp\/v2\/posts\/58198\/revisions"}],"wp:featuredmedia":[{"embeddable":true,"href":"https:\/\/eltrabajo.cl\/portal\/wp-json\/wp\/v2\/media\/58199"}],"wp:attachment":[{"href":"https:\/\/eltrabajo.cl\/portal\/wp-json\/wp\/v2\/media?parent=58198"}],"wp:term":[{"taxonomy":"category","embeddable":true,"href":"https:\/\/eltrabajo.cl\/portal\/wp-json\/wp\/v2\/categories?post=58198"},{"taxonomy":"post_tag","embeddable":true,"href":"https:\/\/eltrabajo.cl\/portal\/wp-json\/wp\/v2\/tags?post=58198"}],"curies":[{"name":"wp","href":"https:\/\/api.w.org\/{rel}","templated":true}]}}