{"id":58201,"date":"2015-05-22T09:25:18","date_gmt":"2015-05-22T12:25:18","guid":{"rendered":"http:\/\/www.eltrabajo.cl\/portal\/?p=58201"},"modified":"2015-05-22T09:25:18","modified_gmt":"2015-05-22T12:25:18","slug":"carabineros-y-asociacion-de-comerciantes-realizan-reunion-por-alza-en-robos","status":"publish","type":"post","link":"https:\/\/eltrabajo.cl\/portal\/carabineros-y-asociacion-de-comerciantes-realizan-reunion-por-alza-en-robos\/","title":{"rendered":"Carabineros y Asociaci\u00f3n de Comerciantes realizan reuni\u00f3n por alza en robos"},"content":{"rendered":"<figure id=\"attachment_58202\" aria-describedby=\"caption-attachment-58202\" style=\"width: 300px\" class=\"wp-caption alignleft\"><a href=\"https:\/\/i0.wp.com\/www.eltrabajo.cl\/portal\/wp-content\/uploads\/2015\/05\/comerciantes_carabineros.jpg\"><img data-recalc-dims=\"1\" loading=\"lazy\" decoding=\"async\" class=\"wp-image-58202 size-medium\" src=\"https:\/\/i0.wp.com\/www.eltrabajo.cl\/portal\/wp-content\/uploads\/2015\/05\/comerciantes_carabineros-300x198.jpg?resize=300%2C198\" alt=\"En reuni\u00f3n con Carabineros de la Prefectura de Aconcagua, los representantes de la Asociaci\u00f3n de Comerciantes de la provincia manifestaron su preocupaci\u00f3n por el alza en los robos de la comuna.\" width=\"300\" height=\"198\" srcset=\"https:\/\/i0.wp.com\/eltrabajo.cl\/portal\/wp-content\/uploads\/2015\/05\/comerciantes_carabineros.jpg?resize=300%2C198&amp;ssl=1 300w, https:\/\/i0.wp.com\/eltrabajo.cl\/portal\/wp-content\/uploads\/2015\/05\/comerciantes_carabineros.jpg?resize=200%2C132&amp;ssl=1 200w, https:\/\/i0.wp.com\/eltrabajo.cl\/portal\/wp-content\/uploads\/2015\/05\/comerciantes_carabineros.jpg?resize=150%2C99&amp;ssl=1 150w, https:\/\/i0.wp.com\/eltrabajo.cl\/portal\/wp-content\/uploads\/2015\/05\/comerciantes_carabineros.jpg?resize=400%2C263&amp;ssl=1 400w, https:\/\/i0.wp.com\/eltrabajo.cl\/portal\/wp-content\/uploads\/2015\/05\/comerciantes_carabineros.jpg?w=530&amp;ssl=1 530w\" sizes=\"auto, (max-width: 300px) 100vw, 300px\" \/><\/a><figcaption id=\"caption-attachment-58202\" class=\"wp-caption-text\">En reuni\u00f3n con Carabineros de la Prefectura de Aconcagua, los representantes de la Asociaci\u00f3n de Comerciantes de la provincia manifestaron su preocupaci\u00f3n por el alza en los robos de la comuna.<\/figcaption><\/figure>\n<p>Las directivas de las Asociaciones de Comerciantes de Los Andes y San Felipe se reunieron con el alto mando de la Prefectura de Carabineros de Aconcagua, encabezado por el Coronel Marcelo Dur\u00e1n, a fin de manifestarles la preocupaci\u00f3n del gremio por la ola de robos que se han venido registrando desde hace semanas en el centro de ambas ciudades.<br \/>\nLos comerciantes aconcag\u00fcinos expusieron sus inquietudes al respecto e hicieron algunas peticiones para mejorar la seguridad.<br \/>\nEn tal sentido, el Presidente de la Asociaci\u00f3n de Comerciantes de Los Andes, Marco Eriza, indic\u00f3 que existe inquietud del gremio por el constante robo de locales comerciales y tambi\u00e9n del comercio ilegal en las calles.<br \/>\n\u201cHacemos un llamado a que la gente para que haga sus denuncias formales cuando sean afectados por alguna il\u00edcito, porque es la \u00fanica manera de que Carabineros cuantifiquen y dimensionen, d\u00f3nde y cu\u00e1ndo se est\u00e1n cometiendo los delitos\u201d, expuso el dirigente.<br \/>\nAgreg\u00f3 que s\u00f3lo de esa forma Carabineros puede focalizar de mejor forma sus recursos humanos y t\u00e9cnicos.<br \/>\nAl mismo tiempo, destac\u00f3 la realizaci\u00f3n de estas reuniones a fin de ordenar amabas ciudades para hacerlas m\u00e1s seguras y con una mejor calidad de vida para todos.<\/p>\n","protected":false},"excerpt":{"rendered":"<p>Las directivas de las Asociaciones de Comerciantes de Los Andes y San Felipe se reunieron con el alto mando de la Prefectura de Carabineros de Aconcagua, encabezado por el Coronel Marcelo Dur\u00e1n,&#8230;<\/p>\n","protected":false},"author":482,"featured_media":58202,"comment_status":"open","ping_status":"open","sticky":false,"template":"","format":"standard","meta":{"advanced_seo_description":"","jetpack_seo_html_title":"","jetpack_seo_noindex":false,"_jetpack_memberships_contains_paid_content":false,"footnotes":""},"categories":[15],"tags":[],"class_list":["post-58201","post","type-post","status-publish","format-standard","has-post-thumbnail","hentry","category-comunidad"],"jetpack_featured_media_url":"https:\/\/i0.wp.com\/eltrabajo.cl\/portal\/wp-content\/uploads\/2015\/05\/comerciantes_carabineros.jpg?fit=530%2C349&ssl=1","jetpack_sharing_enabled":true,"jetpack_likes_enabled":true,"jetpack-related-posts":[],"_links":{"self":[{"href":"https:\/\/eltrabajo.cl\/portal\/wp-json\/wp\/v2\/posts\/58201","targetHints":{"allow":["GET"]}}],"collection":[{"href":"https:\/\/eltrabajo.cl\/portal\/wp-json\/wp\/v2\/posts"}],"about":[{"href":"https:\/\/eltrabajo.cl\/portal\/wp-json\/wp\/v2\/types\/post"}],"author":[{"embeddable":true,"href":"https:\/\/eltrabajo.cl\/portal\/wp-json\/wp\/v2\/users\/482"}],"replies":[{"embeddable":true,"href":"https:\/\/eltrabajo.cl\/portal\/wp-json\/wp\/v2\/comments?post=58201"}],"version-history":[{"count":0,"href":"https:\/\/eltrabajo.cl\/portal\/wp-json\/wp\/v2\/posts\/58201\/revisions"}],"wp:featuredmedia":[{"embeddable":true,"href":"https:\/\/eltrabajo.cl\/portal\/wp-json\/wp\/v2\/media\/58202"}],"wp:attachment":[{"href":"https:\/\/eltrabajo.cl\/portal\/wp-json\/wp\/v2\/media?parent=58201"}],"wp:term":[{"taxonomy":"category","embeddable":true,"href":"https:\/\/eltrabajo.cl\/portal\/wp-json\/wp\/v2\/categories?post=58201"},{"taxonomy":"post_tag","embeddable":true,"href":"https:\/\/eltrabajo.cl\/portal\/wp-json\/wp\/v2\/tags?post=58201"}],"curies":[{"name":"wp","href":"https:\/\/api.w.org\/{rel}","templated":true}]}}