{"id":58204,"date":"2015-05-22T09:27:22","date_gmt":"2015-05-22T12:27:22","guid":{"rendered":"http:\/\/www.eltrabajo.cl\/portal\/?p=58204"},"modified":"2015-05-22T09:27:22","modified_gmt":"2015-05-22T12:27:22","slug":"suplementeros-de-chile-pronto-tendran-sede-nueva-en-santiago","status":"publish","type":"post","link":"https:\/\/eltrabajo.cl\/portal\/suplementeros-de-chile-pronto-tendran-sede-nueva-en-santiago\/","title":{"rendered":"Suplementeros de Chile pronto tendr\u00e1n sede nueva en Santiago"},"content":{"rendered":"<figure id=\"attachment_58205\" aria-describedby=\"caption-attachment-58205\" style=\"width: 300px\" class=\"wp-caption alignleft\"><a href=\"https:\/\/i0.wp.com\/www.eltrabajo.cl\/portal\/wp-content\/uploads\/2015\/05\/Augusto-Trincado.jpg\"><img data-recalc-dims=\"1\" loading=\"lazy\" decoding=\"async\" class=\"wp-image-58205 size-medium\" src=\"https:\/\/i0.wp.com\/www.eltrabajo.cl\/portal\/wp-content\/uploads\/2015\/05\/Augusto-Trincado-300x198.jpg?resize=300%2C198\" alt=\"Augusto Trincado, presidente de la filial San Felipe de la Confederaci\u00f3n Nacional de Suplementeros de Chile.\" width=\"300\" height=\"198\" srcset=\"https:\/\/i0.wp.com\/eltrabajo.cl\/portal\/wp-content\/uploads\/2015\/05\/Augusto-Trincado.jpg?resize=300%2C198&amp;ssl=1 300w, https:\/\/i0.wp.com\/eltrabajo.cl\/portal\/wp-content\/uploads\/2015\/05\/Augusto-Trincado.jpg?resize=200%2C132&amp;ssl=1 200w, https:\/\/i0.wp.com\/eltrabajo.cl\/portal\/wp-content\/uploads\/2015\/05\/Augusto-Trincado.jpg?resize=150%2C99&amp;ssl=1 150w, https:\/\/i0.wp.com\/eltrabajo.cl\/portal\/wp-content\/uploads\/2015\/05\/Augusto-Trincado.jpg?resize=400%2C264&amp;ssl=1 400w, https:\/\/i0.wp.com\/eltrabajo.cl\/portal\/wp-content\/uploads\/2015\/05\/Augusto-Trincado.jpg?w=530&amp;ssl=1 530w\" sizes=\"auto, (max-width: 300px) 100vw, 300px\" \/><\/a><figcaption id=\"caption-attachment-58205\" class=\"wp-caption-text\">Augusto Trincado, presidente de la filial San Felipe de la Confederaci\u00f3n Nacional de Suplementeros de Chile.<\/figcaption><\/figure>\n<p>Los m\u00e1s de 6.000 suplementeros de Chile, quienes existen como gremio desde el domingo 25 de mayo de 1947 en la figura de la Confederaci\u00f3n Nacional de Suplementeros de Chile, desde hace mucho tiempo acarician el sue\u00f1o, muy pronto realizable, de contar con una sede propia para el desarrollo de sus actividades gremiales.<br \/>\nY decimos \u2018realizable\u2019, porque aleda\u00f1o a la actual sede ubicada en calle Tucapel Jim\u00e9nez de Santiago, ser\u00e1 construida la nueva casa de suplementeros. Diario El Trabajo habl\u00f3 en San Felipe con el presidente, desde hace 25 a\u00f1os de la filial San Felipe de la Confederaci\u00f3n Nacional de Suplementeros de Chile, Augusto Trincado Ibarra, quien explic\u00f3 que \u00abes muy importante que nuestros 35 asociados en San Felipe asistan este s\u00e1bado a la reuni\u00f3n general que tendremos en nuestra sede, Carlos Condell 260, a las 18:00 horas, para tratar temas muy importantes e informar con detalles los logros obtenidos durante este a\u00f1o, tanto a nivel local como nacional\u00bb.<br \/>\nSobre las caracter\u00edsticas que tendr\u00e1 la nueva sede en Santiago, Trincado explic\u00f3 que \u00abel primer piso estar\u00e1 destinado a las oficinas y salas que tienen con la confederaci\u00f3n. El segundo piso ser\u00e1 para una sala de eventos y en el tercero, habr\u00e1 habitaciones para ser usadas por los socios de regiones lejanas cuando tengan que venir a la capital por razones de salud\u00bb, agreg\u00f3 el presidente del gremio en San Felipe.<br \/>\nLa Confederaci\u00f3n Nacional de Suplementeros de Chile est\u00e1 muy pr\u00f3xima a recibir la \u00fanica firma que falta para poder tener su fecha de celebraci\u00f3n institucionalizada, la de la presidenta Michelle Bachelet. Seg\u00fan se supo, en julio pr\u00f3ximo podr\u00edan iniciarse las obras de esta sede central, gracias a fondos propios y a pr\u00e9stamos ya aprobados, que suman unos 450 millones de pesos.<br \/>\n\u00abQuiero agradecer por medio de Diario El Trabajo, todo el apoyo que portantos a\u00f1os los suplementeros sanfelipe\u00f1os hemos recibido de la gente, de las autoridades y del comercio, muchas gracias\u00bb.<br \/>\n<strong>Roberto Gonz\u00e1lez Short<\/strong><br \/>\nrgonzalez@eltrabajo.cl<\/p>\n","protected":false},"excerpt":{"rendered":"<p>Los m\u00e1s de 6.000 suplementeros de Chile, quienes existen como gremio desde el domingo 25 de mayo de 1947 en la figura de la Confederaci\u00f3n Nacional de Suplementeros de Chile, desde hace&#8230;<\/p>\n","protected":false},"author":482,"featured_media":58205,"comment_status":"open","ping_status":"open","sticky":false,"template":"","format":"standard","meta":{"advanced_seo_description":"","jetpack_seo_html_title":"","jetpack_seo_noindex":false,"_jetpack_memberships_contains_paid_content":false,"footnotes":""},"categories":[15],"tags":[],"class_list":["post-58204","post","type-post","status-publish","format-standard","has-post-thumbnail","hentry","category-comunidad"],"jetpack_featured_media_url":"https:\/\/i0.wp.com\/eltrabajo.cl\/portal\/wp-content\/uploads\/2015\/05\/Augusto-Trincado.jpg?fit=530%2C350&ssl=1","jetpack_sharing_enabled":true,"jetpack_likes_enabled":true,"jetpack-related-posts":[],"_links":{"self":[{"href":"https:\/\/eltrabajo.cl\/portal\/wp-json\/wp\/v2\/posts\/58204","targetHints":{"allow":["GET"]}}],"collection":[{"href":"https:\/\/eltrabajo.cl\/portal\/wp-json\/wp\/v2\/posts"}],"about":[{"href":"https:\/\/eltrabajo.cl\/portal\/wp-json\/wp\/v2\/types\/post"}],"author":[{"embeddable":true,"href":"https:\/\/eltrabajo.cl\/portal\/wp-json\/wp\/v2\/users\/482"}],"replies":[{"embeddable":true,"href":"https:\/\/eltrabajo.cl\/portal\/wp-json\/wp\/v2\/comments?post=58204"}],"version-history":[{"count":0,"href":"https:\/\/eltrabajo.cl\/portal\/wp-json\/wp\/v2\/posts\/58204\/revisions"}],"wp:featuredmedia":[{"embeddable":true,"href":"https:\/\/eltrabajo.cl\/portal\/wp-json\/wp\/v2\/media\/58205"}],"wp:attachment":[{"href":"https:\/\/eltrabajo.cl\/portal\/wp-json\/wp\/v2\/media?parent=58204"}],"wp:term":[{"taxonomy":"category","embeddable":true,"href":"https:\/\/eltrabajo.cl\/portal\/wp-json\/wp\/v2\/categories?post=58204"},{"taxonomy":"post_tag","embeddable":true,"href":"https:\/\/eltrabajo.cl\/portal\/wp-json\/wp\/v2\/tags?post=58204"}],"curies":[{"name":"wp","href":"https:\/\/api.w.org\/{rel}","templated":true}]}}