{"id":58228,"date":"2015-05-22T09:44:27","date_gmt":"2015-05-22T12:44:27","guid":{"rendered":"http:\/\/www.eltrabajo.cl\/portal\/?p=58228"},"modified":"2015-05-22T09:44:27","modified_gmt":"2015-05-22T12:44:27","slug":"vecinos-aprueban-llegada-de-proyecto-minero-al-interior-de-los-patos","status":"publish","type":"post","link":"https:\/\/eltrabajo.cl\/portal\/vecinos-aprueban-llegada-de-proyecto-minero-al-interior-de-los-patos\/","title":{"rendered":"Vecinos aprueban llegada de proyecto minero al interior de Los Patos"},"content":{"rendered":"<figure id=\"attachment_58229\" aria-describedby=\"caption-attachment-58229\" style=\"width: 300px\" class=\"wp-caption alignleft\"><a href=\"https:\/\/i0.wp.com\/www.eltrabajo.cl\/portal\/wp-content\/uploads\/2015\/05\/LUIS-Y-MARCELO.jpg\"><img data-recalc-dims=\"1\" loading=\"lazy\" decoding=\"async\" class=\"wp-image-58229 size-medium\" src=\"https:\/\/i0.wp.com\/www.eltrabajo.cl\/portal\/wp-content\/uploads\/2015\/05\/LUIS-Y-MARCELO-300x198.jpg?resize=300%2C198\" alt=\"Vecinos aprueban llegada de proyectos mineros en Los Patos y afirman representar a m\u00e1s personas que los apoyar\u00edan.\" width=\"300\" height=\"198\" srcset=\"https:\/\/i0.wp.com\/eltrabajo.cl\/portal\/wp-content\/uploads\/2015\/05\/LUIS-Y-MARCELO.jpg?resize=300%2C198&amp;ssl=1 300w, https:\/\/i0.wp.com\/eltrabajo.cl\/portal\/wp-content\/uploads\/2015\/05\/LUIS-Y-MARCELO.jpg?resize=200%2C132&amp;ssl=1 200w, https:\/\/i0.wp.com\/eltrabajo.cl\/portal\/wp-content\/uploads\/2015\/05\/LUIS-Y-MARCELO.jpg?resize=150%2C99&amp;ssl=1 150w, https:\/\/i0.wp.com\/eltrabajo.cl\/portal\/wp-content\/uploads\/2015\/05\/LUIS-Y-MARCELO.jpg?resize=400%2C263&amp;ssl=1 400w, https:\/\/i0.wp.com\/eltrabajo.cl\/portal\/wp-content\/uploads\/2015\/05\/LUIS-Y-MARCELO.jpg?w=530&amp;ssl=1 530w\" sizes=\"auto, (max-width: 300px) 100vw, 300px\" \/><\/a><figcaption id=\"caption-attachment-58229\" class=\"wp-caption-text\">Vecinos aprueban llegada de proyectos mineros en Los Patos y afirman representar a m\u00e1s personas que los apoyar\u00edan.<\/figcaption><\/figure>\n<ul>\n<li><strong>Son vecinos del sector de Guzmanes<\/strong><\/li>\n<\/ul>\n<p><strong>PUTAENDO.-<\/strong> Algunos vecinos del sector Guzmanes han comenzado a manifestar su aprobaci\u00f3n a la llegada del proyecto minero que se pretende instalar al interior de Los Patos.<br \/>\nEstos vecinos se contactaron con nuestro medio y pidieron formalmente ser entrevistados, a prop\u00f3sito de los \u00faltimos hechos que han marcado la agenda noticiosa en cuanto a la negativa de una organizaci\u00f3n que ha mostrado su oposici\u00f3n al proyecto minero.<br \/>\nMarco Lazcano Pizarro, indic\u00f3 que en su caso tiene familiares que est\u00e1n en contra de este proyecto minero, pero tambi\u00e9n otros familiares que est\u00e1n trabajando en minas del norte del pa\u00eds, por lo que sostuvo que hoy lo que est\u00e1n pidiendo es una mayor informaci\u00f3n y participaci\u00f3n, adem\u00e1s de ser considerados por la autoridad comunal, pues est\u00e1n conscientes y comparten plenamente con el resto de la comunidad que el tema medioambiental no se puede tranzar, aunque precis\u00f3 que es importante dar la oportunidad a un proyecto minero que seg\u00fan dijo, traer\u00e1 progreso y trabajo a Putaendo, asegurando que no toda la miner\u00eda es tan mala como la hacen ver, ante lo cual expres\u00f3 que esperan que las autoridades les consideren y tambi\u00e9n esperan que Andes Cooper pueda mostrar con claridad el proyecto.<br \/>\nPor su parte, Luis L\u00f3pez Gallardo, se\u00f1al\u00f3 que hace un par de d\u00edas participaron m\u00e1s de 20 vecinos en una reuni\u00f3n de la Junta de Vecinos de La Orilla y en su mayor\u00eda todos se manifestaron favorables a que llegue un proyecto minero que permita dar trabajo y estabilidad, pero tambi\u00e9n que resguarde el medioambiente de la comuna, sobre todo el agua.<br \/>\nL\u00f3pez asegur\u00f3 que en su caso hoy est\u00e1 cesante despu\u00e9s de haber trabajado dos a\u00f1os en la construcci\u00f3n del Embalse Chacrillas, y dijo que son muchos los vecinos de Guzmanes que en esta \u00e9poca del a\u00f1o son golpeados fuertemente por la falta de trabajo, por lo que indic\u00f3 que son muchos los residentes del sector que ven de buena manera que llegue un proyecto minero que otorgue progreso a la comuna.<br \/>\nMiriam M\u00e9ndez sostuvo que en su caso trabaj\u00f3 por casi siete a\u00f1os en la Minera El Tesoro del norte del pa\u00eds cumpliendo labores de aseo en turno de 10&#215;10, ya que la situaci\u00f3n en la agricultura de Putaendo para los temporeros siempre fue y ha sido cr\u00edtica, lo que la oblig\u00f3 a buscar trabajo en la gran miner\u00eda, e indic\u00f3 que gracias a eso pudo mejorar la calidad de vida de ella y su familia, pero decidi\u00f3 no seguir trabajando debido a lo extenso de los viajes y el tiempo que pasaba lejos de su familia, agregando que hoy s\u00f3lo en Guzmanes hay entre 18 y 25 personas que est\u00e1n trabajando en distintos minerales del norte y que podr\u00edan encontrar trabajo en Putaendo con la llegada de este proyecto minero.<br \/>\nM\u00e9ndez declar\u00f3 que tambi\u00e9n est\u00e1 preocupada de la situaci\u00f3n medioambiental, pero asegur\u00f3 que su experiencia como trabajadora en el norte vio como no tan s\u00f3lo se capacitaba a los trabajadores, sino que tambi\u00e9n como la comunidad exigi\u00f3 medidas de mitigaci\u00f3n en lo relacionado al medioambiente y tambi\u00e9n lleg\u00f3 el progreso.<br \/>\nEstos tres vecinos se\u00f1alaron que son muchos m\u00e1s los que est\u00e1n mostr\u00e1ndose a favor de la gran miner\u00eda, y justamente algunos de ellos prefirieron resguardar su identidad, pero pudimos constatar que dirigentes de juntas de vecinos y de otras instituciones se han mostrado partidarios a conocer en mayor profundidad el proyecto y a no negarse a la posibilidad que llegue un proyecto minero de las caracter\u00edsticas que se pretende realizar al interior de Los Patos.<br \/>\n<strong>Patricio Gallardo M.<\/strong><\/p>\n","protected":false},"excerpt":{"rendered":"<p>Son vecinos del sector de Guzmanes PUTAENDO.- Algunos vecinos del sector Guzmanes han comenzado a manifestar su aprobaci\u00f3n a la llegada del proyecto minero que se pretende instalar al interior de Los&#8230;<\/p>\n","protected":false},"author":482,"featured_media":58229,"comment_status":"open","ping_status":"open","sticky":false,"template":"","format":"standard","meta":{"advanced_seo_description":"","jetpack_seo_html_title":"","jetpack_seo_noindex":false,"_jetpack_memberships_contains_paid_content":false,"footnotes":""},"categories":[15],"tags":[],"class_list":["post-58228","post","type-post","status-publish","format-standard","has-post-thumbnail","hentry","category-comunidad"],"jetpack_featured_media_url":"https:\/\/i0.wp.com\/eltrabajo.cl\/portal\/wp-content\/uploads\/2015\/05\/LUIS-Y-MARCELO.jpg?fit=530%2C349&ssl=1","jetpack_sharing_enabled":true,"jetpack_likes_enabled":true,"jetpack-related-posts":[],"_links":{"self":[{"href":"https:\/\/eltrabajo.cl\/portal\/wp-json\/wp\/v2\/posts\/58228","targetHints":{"allow":["GET"]}}],"collection":[{"href":"https:\/\/eltrabajo.cl\/portal\/wp-json\/wp\/v2\/posts"}],"about":[{"href":"https:\/\/eltrabajo.cl\/portal\/wp-json\/wp\/v2\/types\/post"}],"author":[{"embeddable":true,"href":"https:\/\/eltrabajo.cl\/portal\/wp-json\/wp\/v2\/users\/482"}],"replies":[{"embeddable":true,"href":"https:\/\/eltrabajo.cl\/portal\/wp-json\/wp\/v2\/comments?post=58228"}],"version-history":[{"count":0,"href":"https:\/\/eltrabajo.cl\/portal\/wp-json\/wp\/v2\/posts\/58228\/revisions"}],"wp:featuredmedia":[{"embeddable":true,"href":"https:\/\/eltrabajo.cl\/portal\/wp-json\/wp\/v2\/media\/58229"}],"wp:attachment":[{"href":"https:\/\/eltrabajo.cl\/portal\/wp-json\/wp\/v2\/media?parent=58228"}],"wp:term":[{"taxonomy":"category","embeddable":true,"href":"https:\/\/eltrabajo.cl\/portal\/wp-json\/wp\/v2\/categories?post=58228"},{"taxonomy":"post_tag","embeddable":true,"href":"https:\/\/eltrabajo.cl\/portal\/wp-json\/wp\/v2\/tags?post=58228"}],"curies":[{"name":"wp","href":"https:\/\/api.w.org\/{rel}","templated":true}]}}