{"id":58237,"date":"2015-05-22T09:51:00","date_gmt":"2015-05-22T12:51:00","guid":{"rendered":"http:\/\/www.eltrabajo.cl\/portal\/?p=58237"},"modified":"2015-05-22T12:43:23","modified_gmt":"2015-05-22T15:43:23","slug":"gracias-a-su-celular-cazador-pudo-ser-rescatado-tras-lesionarse-en-cerro-las-bandurrias","status":"publish","type":"post","link":"https:\/\/eltrabajo.cl\/portal\/gracias-a-su-celular-cazador-pudo-ser-rescatado-tras-lesionarse-en-cerro-las-bandurrias\/","title":{"rendered":"Gracias a celular pudo ser rescatado al lesionarse en Cerro Las Bandurrias"},"content":{"rendered":"<figure id=\"attachment_58238\" aria-describedby=\"caption-attachment-58238\" style=\"width: 300px\" class=\"wp-caption alignleft\"><a href=\"https:\/\/i0.wp.com\/www.eltrabajo.cl\/portal\/wp-content\/uploads\/2015\/05\/Mayor-Maureen-Espinoza1.jpg\"><img data-recalc-dims=\"1\" loading=\"lazy\" decoding=\"async\" class=\"wp-image-58238 size-medium\" src=\"https:\/\/i0.wp.com\/www.eltrabajo.cl\/portal\/wp-content\/uploads\/2015\/05\/Mayor-Maureen-Espinoza1-300x198.jpg?resize=300%2C198\" alt=\"La Comisario de Carabineros, Mayor Maureen Espinoza inform\u00f3 sobre el amplio operativo de rescate del vecino cazador.\" width=\"300\" height=\"198\" srcset=\"https:\/\/i0.wp.com\/eltrabajo.cl\/portal\/wp-content\/uploads\/2015\/05\/Mayor-Maureen-Espinoza1.jpg?resize=300%2C198&amp;ssl=1 300w, https:\/\/i0.wp.com\/eltrabajo.cl\/portal\/wp-content\/uploads\/2015\/05\/Mayor-Maureen-Espinoza1.jpg?resize=200%2C132&amp;ssl=1 200w, https:\/\/i0.wp.com\/eltrabajo.cl\/portal\/wp-content\/uploads\/2015\/05\/Mayor-Maureen-Espinoza1.jpg?resize=150%2C99&amp;ssl=1 150w, https:\/\/i0.wp.com\/eltrabajo.cl\/portal\/wp-content\/uploads\/2015\/05\/Mayor-Maureen-Espinoza1.jpg?resize=400%2C263&amp;ssl=1 400w, https:\/\/i0.wp.com\/eltrabajo.cl\/portal\/wp-content\/uploads\/2015\/05\/Mayor-Maureen-Espinoza1.jpg?w=530&amp;ssl=1 530w\" sizes=\"auto, (max-width: 300px) 100vw, 300px\" \/><\/a><figcaption id=\"caption-attachment-58238\" class=\"wp-caption-text\">La Comisario de Carabineros, Mayor Maureen Espinoza inform\u00f3 sobre el amplio operativo de rescate del vecino cazador.<\/figcaption><\/figure>\n<p>Un amplio operativo de rescate a cargo de personal de Bomberos y Carabineros se debi\u00f3 desplegar desde la noche del martes hasta la madrugada del mi\u00e9rcoles, en una intensa b\u00fasqueda de Luis Vergara L\u00f3pez de 41 a\u00f1os de edad, quien sufri\u00f3 el desgarro en una de sus piernas tras haberse internado en el Cerro Las Bandurrias en el sector Las Chilcas de Llay Llay, para practicar la caza de manera solitaria.<br \/>\nLos intensos operativos se iniciaron luego que Luis Vergara sufriera una lesi\u00f3n en su pierna, lo que le impidi\u00f3 movilizarse por s\u00ed solo en medio de la oscuridad. En esas circunstancias, logr\u00f3 tomar contacto con Bomberos de la comuna de Llay Llay, indicando que se encontraba en las inmediaciones del cerro Las Bandurrias, pero con datos imprecisos.<\/p>\n<figure id=\"attachment_58239\" aria-describedby=\"caption-attachment-58239\" style=\"width: 300px\" class=\"wp-caption alignright\"><a href=\"https:\/\/i0.wp.com\/www.eltrabajo.cl\/portal\/wp-content\/uploads\/2015\/05\/Cerro-Las-Bandurrias.jpg\"><img data-recalc-dims=\"1\" loading=\"lazy\" decoding=\"async\" class=\"wp-image-58239 size-medium\" src=\"https:\/\/i0.wp.com\/www.eltrabajo.cl\/portal\/wp-content\/uploads\/2015\/05\/Cerro-Las-Bandurrias-300x199.jpg?resize=300%2C199\" alt=\"El cerro Las Bandurrias se ubica en el sector Las Chilcas de Llay Llay en donde se extravi\u00f3 un cazador que fue rescatado por Bomberos y Carabineros.\" width=\"300\" height=\"199\" srcset=\"https:\/\/i0.wp.com\/eltrabajo.cl\/portal\/wp-content\/uploads\/2015\/05\/Cerro-Las-Bandurrias.jpg?resize=300%2C199&amp;ssl=1 300w, https:\/\/i0.wp.com\/eltrabajo.cl\/portal\/wp-content\/uploads\/2015\/05\/Cerro-Las-Bandurrias.jpg?resize=200%2C133&amp;ssl=1 200w, https:\/\/i0.wp.com\/eltrabajo.cl\/portal\/wp-content\/uploads\/2015\/05\/Cerro-Las-Bandurrias.jpg?resize=150%2C99&amp;ssl=1 150w, https:\/\/i0.wp.com\/eltrabajo.cl\/portal\/wp-content\/uploads\/2015\/05\/Cerro-Las-Bandurrias.jpg?resize=400%2C265&amp;ssl=1 400w, https:\/\/i0.wp.com\/eltrabajo.cl\/portal\/wp-content\/uploads\/2015\/05\/Cerro-Las-Bandurrias.jpg?w=528&amp;ssl=1 528w\" sizes=\"auto, (max-width: 300px) 100vw, 300px\" \/><\/a><figcaption id=\"caption-attachment-58239\" class=\"wp-caption-text\">El cerro Las Bandurrias se ubica en el sector Las Chilcas de Llay Llay en donde se extravi\u00f3 un cazador que fue rescatado por Bomberos y Carabineros.<\/figcaption><\/figure>\n<p>La unidad de rescate de Bomberos en conjunto con Carabineros, se trasladaron hasta ese sector de dif\u00edcil acceso vehicular, logrando establecer un nuevo contacto con la v\u00edctima por medio de su celular para esclarecer el punto exacto en d\u00f3nde se encontraba y as\u00ed poder llegar hasta ese sitio.<br \/>\nDurante la emergencia, que se fue extendiendo por largas horas, oblig\u00f3 a Bomberos a requerir ayuda de otras unidades de las comunas de Llay Llay y Panquehue, realizando las diligencias en coordinaci\u00f3n para la b\u00fasqueda de Luis Vergara que esperaba ansioso ser rescatado.<br \/>\nTras los anuncios del extrav\u00edo de este vecino en las redes sociales, un grupo de lugare\u00f1os y conocidos de la v\u00edctima no dudaron en participar en esta intensa b\u00fasqueda prestando colaboraci\u00f3n a Bomberos y Carabineros para lograr ingresar en medio de la oscuridad y soledad del cerro Las Bandurrias.<br \/>\nA fin de establecer un punto ubicable en el rescate, la v\u00edctima logr\u00f3 acercarse hasta las inmediaciones de una antena celular para asegurar su ubicaci\u00f3n, lugar desde donde pudo ser salvado por los Bomberos y lugare\u00f1os que concurrieron en su b\u00fasqueda a eso de las 3:30 horas de la madrugada del mi\u00e9rcoles, seg\u00fan inform\u00f3 la Comisario de Carabineros, Mayor Maureen Espinoza.<br \/>\n\u201cPudo ser rescatado en buen estado de salud gracias a los lugare\u00f1os que conocen el sector del cerro. Al parecer esta persona se habr\u00eda quedado dormido y al despertar se encontr\u00f3 con que hab\u00eda oscurecido, presentaba un desgarro en su pierna que lo inmoviliz\u00f3\u201d.<br \/>\nLuis Vergara L\u00f3pez, desconcertado con la emergencia, fue trasladado hasta el Hospital de Llay Llay para ser evaluado por el m\u00e9dico de turno de las lesiones sufridas luego de ser exitosamente rescatado sano y salvo.<br \/>\n<strong>Pablo Salinas Sald\u00edas<\/strong><\/p>\n","protected":false},"excerpt":{"rendered":"<p>Un amplio operativo de rescate a cargo de personal de Bomberos y Carabineros se debi\u00f3 desplegar desde la noche del martes hasta la madrugada del mi\u00e9rcoles, en una intensa b\u00fasqueda de Luis&#8230;<\/p>\n","protected":false},"author":482,"featured_media":58238,"comment_status":"open","ping_status":"open","sticky":false,"template":"","format":"standard","meta":{"advanced_seo_description":"","jetpack_seo_html_title":"","jetpack_seo_noindex":false,"_jetpack_memberships_contains_paid_content":false,"footnotes":""},"categories":[21],"tags":[],"class_list":["post-58237","post","type-post","status-publish","format-standard","has-post-thumbnail","hentry","category-policial"],"jetpack_featured_media_url":"https:\/\/i0.wp.com\/eltrabajo.cl\/portal\/wp-content\/uploads\/2015\/05\/Mayor-Maureen-Espinoza1.jpg?fit=530%2C349&ssl=1","jetpack_sharing_enabled":true,"jetpack_likes_enabled":true,"jetpack-related-posts":[],"_links":{"self":[{"href":"https:\/\/eltrabajo.cl\/portal\/wp-json\/wp\/v2\/posts\/58237","targetHints":{"allow":["GET"]}}],"collection":[{"href":"https:\/\/eltrabajo.cl\/portal\/wp-json\/wp\/v2\/posts"}],"about":[{"href":"https:\/\/eltrabajo.cl\/portal\/wp-json\/wp\/v2\/types\/post"}],"author":[{"embeddable":true,"href":"https:\/\/eltrabajo.cl\/portal\/wp-json\/wp\/v2\/users\/482"}],"replies":[{"embeddable":true,"href":"https:\/\/eltrabajo.cl\/portal\/wp-json\/wp\/v2\/comments?post=58237"}],"version-history":[{"count":0,"href":"https:\/\/eltrabajo.cl\/portal\/wp-json\/wp\/v2\/posts\/58237\/revisions"}],"wp:featuredmedia":[{"embeddable":true,"href":"https:\/\/eltrabajo.cl\/portal\/wp-json\/wp\/v2\/media\/58238"}],"wp:attachment":[{"href":"https:\/\/eltrabajo.cl\/portal\/wp-json\/wp\/v2\/media?parent=58237"}],"wp:term":[{"taxonomy":"category","embeddable":true,"href":"https:\/\/eltrabajo.cl\/portal\/wp-json\/wp\/v2\/categories?post=58237"},{"taxonomy":"post_tag","embeddable":true,"href":"https:\/\/eltrabajo.cl\/portal\/wp-json\/wp\/v2\/tags?post=58237"}],"curies":[{"name":"wp","href":"https:\/\/api.w.org\/{rel}","templated":true}]}}