{"id":58259,"date":"2015-05-25T09:32:28","date_gmt":"2015-05-25T12:32:28","guid":{"rendered":"http:\/\/www.eltrabajo.cl\/portal\/?p=58259"},"modified":"2015-05-25T09:32:28","modified_gmt":"2015-05-25T12:32:28","slug":"titularan-a-primera-generacion-de-alumnos-de-liceo-polivalente-chagres","status":"publish","type":"post","link":"https:\/\/eltrabajo.cl\/portal\/titularan-a-primera-generacion-de-alumnos-de-liceo-polivalente-chagres\/","title":{"rendered":"Titular\u00e1n a primera generaci\u00f3n de alumnos de Liceo Polivalente Chagres"},"content":{"rendered":"<figure id=\"attachment_58260\" aria-describedby=\"caption-attachment-58260\" style=\"width: 300px\" class=\"wp-caption alignleft\"><a href=\"https:\/\/i0.wp.com\/www.eltrabajo.cl\/portal\/wp-content\/uploads\/2015\/05\/Titulacion-Liceo-Polivalente-Chagres.jpg\"><img data-recalc-dims=\"1\" loading=\"lazy\" decoding=\"async\" class=\"wp-image-58260 size-medium\" src=\"https:\/\/i0.wp.com\/www.eltrabajo.cl\/portal\/wp-content\/uploads\/2015\/05\/Titulacion-Liceo-Polivalente-Chagres-300x198.jpg?resize=300%2C198\" alt=\"El pr\u00f3ximo 18 de mayo se realizar\u00e1 la primera titulaci\u00f3n de los 21 alumnos egresados de las carreras t\u00e9cnicas que ofrece el Liceo Polivalente Chagres. (Archivo).\" width=\"300\" height=\"198\" srcset=\"https:\/\/i0.wp.com\/eltrabajo.cl\/portal\/wp-content\/uploads\/2015\/05\/Titulacion-Liceo-Polivalente-Chagres.jpg?resize=300%2C198&amp;ssl=1 300w, https:\/\/i0.wp.com\/eltrabajo.cl\/portal\/wp-content\/uploads\/2015\/05\/Titulacion-Liceo-Polivalente-Chagres.jpg?resize=200%2C132&amp;ssl=1 200w, https:\/\/i0.wp.com\/eltrabajo.cl\/portal\/wp-content\/uploads\/2015\/05\/Titulacion-Liceo-Polivalente-Chagres.jpg?resize=228%2C150&amp;ssl=1 228w, https:\/\/i0.wp.com\/eltrabajo.cl\/portal\/wp-content\/uploads\/2015\/05\/Titulacion-Liceo-Polivalente-Chagres.jpg?resize=400%2C263&amp;ssl=1 400w, https:\/\/i0.wp.com\/eltrabajo.cl\/portal\/wp-content\/uploads\/2015\/05\/Titulacion-Liceo-Polivalente-Chagres.jpg?w=530&amp;ssl=1 530w\" sizes=\"auto, (max-width: 300px) 100vw, 300px\" \/><\/a><figcaption id=\"caption-attachment-58260\" class=\"wp-caption-text\">El pr\u00f3ximo 18 de mayo se realizar\u00e1 la primera titulaci\u00f3n de los 21 alumnos egresados de las carreras t\u00e9cnicas que ofrece el Liceo Polivalente Chagres. (Archivo).<\/figcaption><\/figure>\n<p><strong>CATEMU<\/strong>.- El pr\u00f3ximo 28 de mayo sin duda alguna ser\u00e1 una fecha hist\u00f3rica para la educaci\u00f3n catemina, pues ese d\u00eda 21 j\u00f3venes egresados de las carreras t\u00e9cnicas en Construcciones Met\u00e1licas, Laboratorista Qu\u00edmico y Electricidad recibir\u00e1n, del director del establecimiento, don Fernando Silva Castell\u00f3n, y las autoridades comunales, el anhelado t\u00edtulo que los valida como t\u00e9cnico en nivel medio en las especialidades antes mencionadas.<br \/>\nEstos j\u00f3venes, luego de rendir su pr\u00e1ctica profesional de 450 horas en diferentes empresas de la regi\u00f3n, gozar\u00e1n del ansiado t\u00edtulo que los habilita para desempe\u00f1arse en la vida laboral con una herramienta t\u00e9cnica que por primera vez se da en la comuna de Catemu.<br \/>\nPara alcanzar este momento hist\u00f3rico sin duda las autoridades tuvieron que bregar mucho para poder obtener el reconocimiento oficial por parte del ministerio educaci\u00f3n y convertir el Liceo Chagres en un establecimiento polivalente que diera oportunidades a los j\u00f3venes de la comuna en carreras t\u00e9cnicas y continuar con el plan cient\u00edfico humanista.<br \/>\nTodo esto ha significado que las matr\u00edculas en la comuna han ido creciendo considerablemente en todos los colegios p\u00fablicos, especialmente en el Liceo Chagres, llegando este a\u00f1o a tener un promedio de 456 alumnos, mientras que a nivel comunal se tiene una matr\u00edcula que bordea los 1.500 alumnos.<br \/>\nEs importante destacar tambi\u00e9n todo el empe\u00f1o que ha puesto su director con su equipo para darle un nuevo rumbo a este establecimiento y permitir que los apoderados creyeran de una vez la oportunidad que se les brindaba a los alumnos y a las familias de la comuna, y de otras comunas vecinas que ya no tiene que esforzarse en enviar a sus hijos a estudiar a otros lados, pues hoy se cuenta con un establecimiento educacional que re\u00fane las condiciones para brindar una educaci\u00f3n t\u00e9cnica y cient\u00edfico humanista de calidad.<br \/>\nEste es un hito que quedar\u00e1 marcado en la historia de Catemu, tan importante como fue en su momento la creaci\u00f3n de la primera escuela b\u00e1sica.<\/p>\n","protected":false},"excerpt":{"rendered":"<p>CATEMU.- El pr\u00f3ximo 28 de mayo sin duda alguna ser\u00e1 una fecha hist\u00f3rica para la educaci\u00f3n catemina, pues ese d\u00eda 21 j\u00f3venes egresados de las carreras t\u00e9cnicas en Construcciones Met\u00e1licas, Laboratorista Qu\u00edmico&#8230;<\/p>\n","protected":false},"author":482,"featured_media":58260,"comment_status":"open","ping_status":"open","sticky":false,"template":"","format":"standard","meta":{"advanced_seo_description":"","jetpack_seo_html_title":"","jetpack_seo_noindex":false,"_jetpack_memberships_contains_paid_content":false,"footnotes":""},"categories":[15],"tags":[],"class_list":["post-58259","post","type-post","status-publish","format-standard","has-post-thumbnail","hentry","category-comunidad"],"jetpack_featured_media_url":"https:\/\/i0.wp.com\/eltrabajo.cl\/portal\/wp-content\/uploads\/2015\/05\/Titulacion-Liceo-Polivalente-Chagres.jpg?fit=530%2C349&ssl=1","jetpack_sharing_enabled":true,"jetpack_likes_enabled":true,"jetpack-related-posts":[],"_links":{"self":[{"href":"https:\/\/eltrabajo.cl\/portal\/wp-json\/wp\/v2\/posts\/58259","targetHints":{"allow":["GET"]}}],"collection":[{"href":"https:\/\/eltrabajo.cl\/portal\/wp-json\/wp\/v2\/posts"}],"about":[{"href":"https:\/\/eltrabajo.cl\/portal\/wp-json\/wp\/v2\/types\/post"}],"author":[{"embeddable":true,"href":"https:\/\/eltrabajo.cl\/portal\/wp-json\/wp\/v2\/users\/482"}],"replies":[{"embeddable":true,"href":"https:\/\/eltrabajo.cl\/portal\/wp-json\/wp\/v2\/comments?post=58259"}],"version-history":[{"count":0,"href":"https:\/\/eltrabajo.cl\/portal\/wp-json\/wp\/v2\/posts\/58259\/revisions"}],"wp:featuredmedia":[{"embeddable":true,"href":"https:\/\/eltrabajo.cl\/portal\/wp-json\/wp\/v2\/media\/58260"}],"wp:attachment":[{"href":"https:\/\/eltrabajo.cl\/portal\/wp-json\/wp\/v2\/media?parent=58259"}],"wp:term":[{"taxonomy":"category","embeddable":true,"href":"https:\/\/eltrabajo.cl\/portal\/wp-json\/wp\/v2\/categories?post=58259"},{"taxonomy":"post_tag","embeddable":true,"href":"https:\/\/eltrabajo.cl\/portal\/wp-json\/wp\/v2\/tags?post=58259"}],"curies":[{"name":"wp","href":"https:\/\/api.w.org\/{rel}","templated":true}]}}