{"id":58262,"date":"2015-05-25T09:34:40","date_gmt":"2015-05-25T12:34:40","guid":{"rendered":"http:\/\/www.eltrabajo.cl\/portal\/?p=58262"},"modified":"2015-05-25T09:34:40","modified_gmt":"2015-05-25T12:34:40","slug":"vecinos-sector-los-rosales-en-pie-de-guerra-contra-embalse-pocuro-alto","status":"publish","type":"post","link":"https:\/\/eltrabajo.cl\/portal\/vecinos-sector-los-rosales-en-pie-de-guerra-contra-embalse-pocuro-alto\/","title":{"rendered":"Vecinos sector Los Rosales en pie de guerra contra embalse Pocuro Alto"},"content":{"rendered":"<figure id=\"attachment_58263\" aria-describedby=\"caption-attachment-58263\" style=\"width: 300px\" class=\"wp-caption alignleft\"><a href=\"https:\/\/i0.wp.com\/www.eltrabajo.cl\/portal\/wp-content\/uploads\/2015\/05\/no-embalse2a.jpg\"><img data-recalc-dims=\"1\" loading=\"lazy\" decoding=\"async\" class=\"wp-image-58263 size-medium\" src=\"https:\/\/i0.wp.com\/www.eltrabajo.cl\/portal\/wp-content\/uploads\/2015\/05\/no-embalse2a-300x197.jpg?resize=300%2C197\" alt=\"Vecinos iniciaron campa\u00f1a que busca sensibilizar sobre la construcci\u00f3n del embalse Pocuro alto y las repercusiones que tendr\u00e1 en la comunidad.\" width=\"300\" height=\"197\" srcset=\"https:\/\/i0.wp.com\/eltrabajo.cl\/portal\/wp-content\/uploads\/2015\/05\/no-embalse2a.jpg?resize=300%2C197&amp;ssl=1 300w, https:\/\/i0.wp.com\/eltrabajo.cl\/portal\/wp-content\/uploads\/2015\/05\/no-embalse2a.jpg?resize=200%2C131&amp;ssl=1 200w, https:\/\/i0.wp.com\/eltrabajo.cl\/portal\/wp-content\/uploads\/2015\/05\/no-embalse2a.jpg?resize=228%2C150&amp;ssl=1 228w, https:\/\/i0.wp.com\/eltrabajo.cl\/portal\/wp-content\/uploads\/2015\/05\/no-embalse2a.jpg?resize=400%2C263&amp;ssl=1 400w, https:\/\/i0.wp.com\/eltrabajo.cl\/portal\/wp-content\/uploads\/2015\/05\/no-embalse2a.jpg?w=530&amp;ssl=1 530w\" sizes=\"auto, (max-width: 300px) 100vw, 300px\" \/><\/a><figcaption id=\"caption-attachment-58263\" class=\"wp-caption-text\">Vecinos iniciaron campa\u00f1a que busca sensibilizar sobre la construcci\u00f3n del embalse Pocuro alto y las repercusiones que tendr\u00e1 en la comunidad.<\/figcaption><\/figure>\n<p><strong>CALLE LARGA<\/strong>.- Con una campa\u00f1a de recolecci\u00f3n de firmas los vecinos del sector de San Vicente, Pocuro y Los Rosales dieron inicio al trabajo de sensibilizaci\u00f3n de toda la comunidad de la provincia para impedir la construcci\u00f3n del embalse \u2018Pocuro Alto\u2019 anunciado por el gobierno.<br \/>\nTeresa de la Hoz, vecina y coordinadora de los residentes del sector de Los Rosales, afirm\u00f3 que la idea es que la comunidad del valle tome consciencia de los riesgos que implica la construcci\u00f3n del embalse en ese sector, el que adem\u00e1s aseguran, no beneficiar\u00e1 a los agricultores locales.<br \/>\n\u201cAdem\u00e1s van a erradicar vecinos nuestros que no saben qu\u00e9 ser\u00e1 de su futuro y estamos hablando de una obra gigantesca que se estar\u00eda construyendo, lo que no nos garantiza que esa obra de tal magnitud puede ser segura, sobre todo porque nuestra zona es una zona s\u00edsmica y me imagino cuando haya un terremoto como va colapsar la comuna\u201d, expres\u00f3.<br \/>\nDe la Hoz sostuvo que la comuna de Calle Larga est\u00e1 presentando un desarrollo inmobiliario muy grande y la gente est\u00e1 comprando casas a precios elevad\u00edsimos, \u201cpero con la construcci\u00f3n del embalse la plusval\u00eda va a bajar mucho y eso sin duda nos afecta porque las inmobiliarias no van a querer seguir invirtiendo\u201d.<br \/>\nRecord\u00f3 que cuando se construy\u00f3 el by pass El Sauce Auco, se habl\u00f3 de un polo de desarrollo para la comuna, cosa que nunca sucedi\u00f3 y por eso no creen en las medidas compensatorias que anuncia el MOP.<br \/>\nEn tanto, Gloria Le\u00f3n, vocera de los vecinos de Los Rosales, critic\u00f3 el hecho que solamente se enteraron por la prensa de que se construir\u00eda el embalse en la comuna, \u201cy cuando vino el Seremi ni siquiera trajo una presentaci\u00f3n, entonces lo que nosotros queremos es que ellos se presenten con plano y proyectos para ver la situaci\u00f3n, porque nosotros estamos conscientes del tema del agua e incluso se podr\u00edan construir embalses m\u00e1s chicos que nos beneficien a nosotros, pero no que se lleven el agua para Quillota\u201d.<br \/>\nLa vocera acus\u00f3 que personeros de gobierno est\u00e1n visitando el sector de manera clandestina a fin de levantar catastros que sean utilizados para las futuras expropiaciones, \u201cy nosotros nos dimos cuenta de eso y no los atendimos\u201d.<br \/>\nAsimismo, quieren que se lleve adelante un estudio externo serio debido a que, en donde se pretende levantar la cortina del embalse existe una falla geol\u00f3gica.<br \/>\nGloria Le\u00f3n coment\u00f3 que esperan juntar 10 mil firmar para ser presentadas al gobierno central rechazando de plano la construcci\u00f3n de este embalse en la comuna.<br \/>\nFinalmente, el vecino Jos\u00e9 Leiva Mu\u00f1oz, destac\u00f3 la unidad que existe de todos los vecinos del sector, no obstante que hay gente del sector que a su juicio no est\u00e1 bien informada del tema del embalse, \u201cporque este embalse favorece a los ricos y no a los pobres, y doy como ejemplo el embalse de Chacrillas en Putaendo donde la gente del sector se est\u00e1 quedando sin agua, porque el agua est\u00e1 siendo desviada para Cabildo y Petorca, entonces nos va pasar lo mismo a nosotros\u201d.<br \/>\nPor ello advirti\u00f3 que van a generar medidas de fuerza como tomas de camino para exigir respuestas del gobierno, \u201cporque esa es la \u00fanica forma de hacernos escuchar por las autoridades\u201d.<\/p>\n","protected":false},"excerpt":{"rendered":"<p>CALLE LARGA.- Con una campa\u00f1a de recolecci\u00f3n de firmas los vecinos del sector de San Vicente, Pocuro y Los Rosales dieron inicio al trabajo de sensibilizaci\u00f3n de toda la comunidad de la&#8230;<\/p>\n","protected":false},"author":482,"featured_media":58263,"comment_status":"open","ping_status":"open","sticky":false,"template":"","format":"standard","meta":{"advanced_seo_description":"","jetpack_seo_html_title":"","jetpack_seo_noindex":false,"_jetpack_memberships_contains_paid_content":false,"footnotes":""},"categories":[15],"tags":[],"class_list":["post-58262","post","type-post","status-publish","format-standard","has-post-thumbnail","hentry","category-comunidad"],"jetpack_featured_media_url":"https:\/\/i0.wp.com\/eltrabajo.cl\/portal\/wp-content\/uploads\/2015\/05\/no-embalse2a.jpg?fit=530%2C348&ssl=1","jetpack_sharing_enabled":true,"jetpack_likes_enabled":true,"jetpack-related-posts":[],"_links":{"self":[{"href":"https:\/\/eltrabajo.cl\/portal\/wp-json\/wp\/v2\/posts\/58262","targetHints":{"allow":["GET"]}}],"collection":[{"href":"https:\/\/eltrabajo.cl\/portal\/wp-json\/wp\/v2\/posts"}],"about":[{"href":"https:\/\/eltrabajo.cl\/portal\/wp-json\/wp\/v2\/types\/post"}],"author":[{"embeddable":true,"href":"https:\/\/eltrabajo.cl\/portal\/wp-json\/wp\/v2\/users\/482"}],"replies":[{"embeddable":true,"href":"https:\/\/eltrabajo.cl\/portal\/wp-json\/wp\/v2\/comments?post=58262"}],"version-history":[{"count":0,"href":"https:\/\/eltrabajo.cl\/portal\/wp-json\/wp\/v2\/posts\/58262\/revisions"}],"wp:featuredmedia":[{"embeddable":true,"href":"https:\/\/eltrabajo.cl\/portal\/wp-json\/wp\/v2\/media\/58263"}],"wp:attachment":[{"href":"https:\/\/eltrabajo.cl\/portal\/wp-json\/wp\/v2\/media?parent=58262"}],"wp:term":[{"taxonomy":"category","embeddable":true,"href":"https:\/\/eltrabajo.cl\/portal\/wp-json\/wp\/v2\/categories?post=58262"},{"taxonomy":"post_tag","embeddable":true,"href":"https:\/\/eltrabajo.cl\/portal\/wp-json\/wp\/v2\/tags?post=58262"}],"curies":[{"name":"wp","href":"https:\/\/api.w.org\/{rel}","templated":true}]}}