{"id":58279,"date":"2015-05-25T09:45:36","date_gmt":"2015-05-25T12:45:36","guid":{"rendered":"http:\/\/www.eltrabajo.cl\/portal\/?p=58279"},"modified":"2015-05-25T09:45:36","modified_gmt":"2015-05-25T12:45:36","slug":"zumbaton-recaudo-246-350-para-pagar-su-nuevo-implante-de-piel","status":"publish","type":"post","link":"https:\/\/eltrabajo.cl\/portal\/zumbaton-recaudo-246-350-para-pagar-su-nuevo-implante-de-piel\/","title":{"rendered":"Zumbat\u00f3n recaud\u00f3 $246.350 para pagar su nuevo implante de piel"},"content":{"rendered":"<figure id=\"attachment_58280\" aria-describedby=\"caption-attachment-58280\" style=\"width: 300px\" class=\"wp-caption alignleft\"><a href=\"https:\/\/i0.wp.com\/www.eltrabajo.cl\/portal\/wp-content\/uploads\/2015\/05\/Zumba1.jpg\"><img data-recalc-dims=\"1\" loading=\"lazy\" decoding=\"async\" class=\"wp-image-58280 size-medium\" src=\"https:\/\/i0.wp.com\/www.eltrabajo.cl\/portal\/wp-content\/uploads\/2015\/05\/Zumba1-300x198.jpg?resize=300%2C198\" alt=\"MART\u00cdN Y SUS AMIGOS.- Una zumbat\u00f3n solidaria para apoyar al peque\u00f1o Mart\u00edn, es la que se realiz\u00f3 el s\u00e1bado en el gimnasio del Liceo Mixto. Se recaudaron $246.350.\" width=\"300\" height=\"198\" srcset=\"https:\/\/i0.wp.com\/eltrabajo.cl\/portal\/wp-content\/uploads\/2015\/05\/Zumba1.jpg?resize=300%2C198&amp;ssl=1 300w, https:\/\/i0.wp.com\/eltrabajo.cl\/portal\/wp-content\/uploads\/2015\/05\/Zumba1.jpg?resize=200%2C132&amp;ssl=1 200w, https:\/\/i0.wp.com\/eltrabajo.cl\/portal\/wp-content\/uploads\/2015\/05\/Zumba1.jpg?resize=227%2C150&amp;ssl=1 227w, https:\/\/i0.wp.com\/eltrabajo.cl\/portal\/wp-content\/uploads\/2015\/05\/Zumba1.jpg?resize=400%2C264&amp;ssl=1 400w, https:\/\/i0.wp.com\/eltrabajo.cl\/portal\/wp-content\/uploads\/2015\/05\/Zumba1.jpg?w=530&amp;ssl=1 530w\" sizes=\"auto, (max-width: 300px) 100vw, 300px\" \/><\/a><figcaption id=\"caption-attachment-58280\" class=\"wp-caption-text\">MART\u00cdN Y SUS AMIGOS.- Una zumbat\u00f3n solidaria para apoyar al peque\u00f1o Mart\u00edn, es la que se realiz\u00f3 el s\u00e1bado en el gimnasio del Liceo Mixto. Se recaudaron $246.350.<\/figcaption><\/figure>\n<p>Al ritmo electrizante de cuatro instructores que se dieron cita en el gimnasio del Liceo Mixto de San Felipe la tarde del s\u00e1bado, m\u00e1s de 130 personas sudaron la gota alegre a ritmo de zumba con la finalidad no solamente de pasarla bien, sino tambi\u00e9n con el objetivo de colectar fondos econ\u00f3micos para que la familia del ni\u00f1o de diez a\u00f1os, Mart\u00edn Fern\u00e1ndez Labra, pueda comprarle al peque\u00f1o la segunda placa de piel para su cuerpo quemado.<br \/>\nLos instructores de zumba que movieron la tarde-noche son: Pablo Osorio, Diego Branco, Cristian Henr\u00edquez y Diego Lillo, pues su juventud y explosiva energ\u00eda fueron determinantes para lograr la meta propuesta. La entrada cost\u00f3 $2.500 por persona, y una donaci\u00f3n voluntaria que los ni\u00f1os participantes dieron por entrar en la zumba.<\/p>\n<p><strong>PADRES AGRADECIDOS<\/strong><br \/>\n\u00abFue una jornada muy positiva, tuvimos pocos d\u00edas para organizar el evento, pues se nos cambiaron las fechas, sin embargo estamos muy agradecidos con todos aquellos que apoyaron a mi hijo Mart\u00edn. En total recaudamos $246.350, ya con eso podremos avanzar un poco m\u00e1s, nuevamente gracias\u00bb, coment\u00f3 a Diario El Trabajo el pap\u00e1 de Mart\u00edn, Christian Fern\u00e1ndez Vicencio.<br \/>\nLa mam\u00e1 de Mart\u00edn, do\u00f1a Betzab\u00e9 Labra Contreras, coment\u00f3 a nuestro medio que \u00abs\u00f3lo tengo palabras de agradecimiento para tantas personas que llegaron y pagaron su entrada a la zumba, tambi\u00e9n doy las gracias a otras personas, quienes pagaron los $2.500, pero no asistieron, lo que quer\u00edan era apoyar\u00bb.<br \/>\nEl cierre de la zumbat\u00f3n estuvo a cargo de Leonardo Navarrete, Patricio Leiva y Mauricio Gonz\u00e1lez de Comando Leyvoz de San Felipe, tr\u00edo de reggaetoneros locales que hizo estremecer las piernas de los deportistas en escena.<\/p>\n<p><strong>ES INSUFICIENTE<\/strong><br \/>\nGracias a este dinero y del resto que puedan colectar en los siguientes meses, Mart\u00edn ser\u00e1 sometido a una operaci\u00f3n tres en uno, porque, a diferencia de la vez anterior, se reducir\u00e1n las operaciones, en donde pr\u00e1cticamente se debe intervenir tres veces y en esta oportunidad s\u00f3lo ser\u00e1 una vez, as\u00ed como tambi\u00e9n el tiempo de rehabilitaci\u00f3n, si bien son procesos largos, alrededor de cuatro meses, \u00e9stas se puede reducir a s\u00f3lo tres meses desde que es operado hasta el alta m\u00e9dica. Son operaciones complejas de gran envergadura, ya que la piel es el \u00f3rgano m\u00e1s extenso de nuestro cuerpo y por este mismo tema est\u00e1 m\u00e1s propenso a tener complicaciones como infecciones y rechazos.<br \/>\n<strong>Roberto Gonz\u00e1lez Short<\/strong><br \/>\nrgonzalez@eltrabajo.cl<\/p>\n<div class=\"tiled-gallery type-rectangular tiled-gallery-unresized\" data-original-width=\"640\" data-carousel-extra='null' itemscope itemtype=\"http:\/\/schema.org\/ImageGallery\" > <div class=\"gallery-row\" style=\"width: 640px; height: 283px;\" data-original-width=\"640\" data-original-height=\"283\" > <div class=\"gallery-group images-1\" style=\"width: 428px; height: 283px;\" data-original-width=\"428\" data-original-height=\"283\" > <div class=\"tiled-gallery-item tiled-gallery-item-large\" itemprop=\"associatedMedia\" itemscope itemtype=\"http:\/\/schema.org\/ImageObject\"> <a href=\"https:\/\/eltrabajo.cl\/portal\/zumbaton-recaudo-246-350-para-pagar-su-nuevo-implante-de-piel\/zumba3\/\" border=\"0\" itemprop=\"url\"> <meta itemprop=\"width\" content=\"424\"> <meta itemprop=\"height\" content=\"279\"> <img decoding=\"async\" class=\"\" data-attachment-id=\"58284\" data-orig-file=\"https:\/\/eltrabajo.cl\/portal\/wp-content\/uploads\/2015\/05\/Zumba3.jpg\" data-orig-size=\"530,349\" data-comments-opened=\"1\" data-image-meta=\"{&quot;aperture&quot;:&quot;0&quot;,&quot;credit&quot;:&quot;&quot;,&quot;camera&quot;:&quot;&quot;,&quot;caption&quot;:&quot;&quot;,&quot;created_timestamp&quot;:&quot;0&quot;,&quot;copyright&quot;:&quot;&quot;,&quot;focal_length&quot;:&quot;0&quot;,&quot;iso&quot;:&quot;0&quot;,&quot;shutter_speed&quot;:&quot;0&quot;,&quot;title&quot;:&quot;&quot;,&quot;orientation&quot;:&quot;0&quot;}\" data-image-title=\"Zumba3\" data-image-description=\"&lt;p&gt;PURA ENERG\u00cdA.- Estos deportistas no pararon durante mucho rato, su energ\u00eda positiva atrajo a otras personas, quienes se unieron a la zumbat\u00f3n.&lt;\/p&gt; \" data-medium-file=\"https:\/\/i0.wp.com\/eltrabajo.cl\/portal\/wp-content\/uploads\/2015\/05\/Zumba3.jpg?fit=300%2C198&#038;ssl=1\" data-large-file=\"https:\/\/i0.wp.com\/eltrabajo.cl\/portal\/wp-content\/uploads\/2015\/05\/Zumba3.jpg?fit=530%2C349&#038;ssl=1\" src=\"https:\/\/i0.wp.com\/eltrabajo.cl\/portal\/wp-content\/uploads\/2015\/05\/Zumba3.jpg?w=424&#038;h=279&#038;ssl=1\" srcset=\"https:\/\/i0.wp.com\/eltrabajo.cl\/portal\/wp-content\/uploads\/2015\/05\/Zumba3.jpg?w=530&amp;ssl=1 530w, https:\/\/i0.wp.com\/eltrabajo.cl\/portal\/wp-content\/uploads\/2015\/05\/Zumba3.jpg?resize=200%2C132&amp;ssl=1 200w, https:\/\/i0.wp.com\/eltrabajo.cl\/portal\/wp-content\/uploads\/2015\/05\/Zumba3.jpg?resize=300%2C198&amp;ssl=1 300w, https:\/\/i0.wp.com\/eltrabajo.cl\/portal\/wp-content\/uploads\/2015\/05\/Zumba3.jpg?resize=228%2C150&amp;ssl=1 228w, https:\/\/i0.wp.com\/eltrabajo.cl\/portal\/wp-content\/uploads\/2015\/05\/Zumba3.jpg?resize=400%2C263&amp;ssl=1 400w\" width=\"424\" height=\"279\" loading=\"lazy\" data-original-width=\"424\" data-original-height=\"279\" itemprop=\"http:\/\/schema.org\/image\" title=\"Zumba3\" alt=\"PURA ENERG\u00cdA.- Estos deportistas no pararon durante mucho rato, su energ\u00eda positiva atrajo a otras personas, quienes se unieron a la zumbat\u00f3n.\" style=\"width: 424px; height: 279px;\" \/> <\/a> <div class=\"tiled-gallery-caption\" itemprop=\"caption description\"> PURA ENERG\u00cdA.- Estos deportistas no pararon durante mucho rato, su energ\u00eda positiva atrajo a otras personas, quienes se unieron a la zumbat\u00f3n. <\/div> <\/div> <\/div> <!-- close group --> <div class=\"gallery-group images-2\" style=\"width: 212px; height: 283px;\" data-original-width=\"212\" data-original-height=\"283\" > <div class=\"tiled-gallery-item tiled-gallery-item-small\" itemprop=\"associatedMedia\" itemscope itemtype=\"http:\/\/schema.org\/ImageObject\"> <a href=\"https:\/\/eltrabajo.cl\/portal\/zumbaton-recaudo-246-350-para-pagar-su-nuevo-implante-de-piel\/zumba2-2\/\" border=\"0\" itemprop=\"url\"> <meta itemprop=\"width\" content=\"208\"> <meta itemprop=\"height\" content=\"138\"> <img decoding=\"async\" class=\"\" data-attachment-id=\"58283\" data-orig-file=\"https:\/\/eltrabajo.cl\/portal\/wp-content\/uploads\/2015\/05\/Zumba2.jpg\" data-orig-size=\"530,350\" data-comments-opened=\"1\" data-image-meta=\"{&quot;aperture&quot;:&quot;0&quot;,&quot;credit&quot;:&quot;&quot;,&quot;camera&quot;:&quot;&quot;,&quot;caption&quot;:&quot;&quot;,&quot;created_timestamp&quot;:&quot;0&quot;,&quot;copyright&quot;:&quot;&quot;,&quot;focal_length&quot;:&quot;0&quot;,&quot;iso&quot;:&quot;0&quot;,&quot;shutter_speed&quot;:&quot;0&quot;,&quot;title&quot;:&quot;&quot;,&quot;orientation&quot;:&quot;0&quot;}\" data-image-title=\"Zumba2\" data-image-description=\"&lt;p&gt;EXPLOSIVOS.- Ellos son Pablo Osorio, Diego Branco, Cristian Henr\u00edquez y Diego Lillo, pues su juventud y explosiva energ\u00eda fueron determinantes para lograr la meta propuesta.&lt;\/p&gt; \" data-medium-file=\"https:\/\/i0.wp.com\/eltrabajo.cl\/portal\/wp-content\/uploads\/2015\/05\/Zumba2.jpg?fit=300%2C198&#038;ssl=1\" data-large-file=\"https:\/\/i0.wp.com\/eltrabajo.cl\/portal\/wp-content\/uploads\/2015\/05\/Zumba2.jpg?fit=530%2C350&#038;ssl=1\" src=\"https:\/\/i0.wp.com\/eltrabajo.cl\/portal\/wp-content\/uploads\/2015\/05\/Zumba2.jpg?w=208&#038;h=138&#038;ssl=1\" srcset=\"https:\/\/i0.wp.com\/eltrabajo.cl\/portal\/wp-content\/uploads\/2015\/05\/Zumba2.jpg?w=530&amp;ssl=1 530w, https:\/\/i0.wp.com\/eltrabajo.cl\/portal\/wp-content\/uploads\/2015\/05\/Zumba2.jpg?resize=200%2C132&amp;ssl=1 200w, https:\/\/i0.wp.com\/eltrabajo.cl\/portal\/wp-content\/uploads\/2015\/05\/Zumba2.jpg?resize=300%2C198&amp;ssl=1 300w, https:\/\/i0.wp.com\/eltrabajo.cl\/portal\/wp-content\/uploads\/2015\/05\/Zumba2.jpg?resize=227%2C150&amp;ssl=1 227w, https:\/\/i0.wp.com\/eltrabajo.cl\/portal\/wp-content\/uploads\/2015\/05\/Zumba2.jpg?resize=400%2C264&amp;ssl=1 400w\" width=\"208\" height=\"138\" loading=\"lazy\" data-original-width=\"208\" data-original-height=\"138\" itemprop=\"http:\/\/schema.org\/image\" title=\"Zumba2\" alt=\"EXPLOSIVOS.- Ellos son Pablo Osorio, Diego Branco, Cristian Henr\u00edquez y Diego Lillo, pues su juventud y explosiva energ\u00eda fueron determinantes para lograr la meta propuesta.\" style=\"width: 208px; height: 138px;\" \/> <\/a> <div class=\"tiled-gallery-caption\" itemprop=\"caption description\"> EXPLOSIVOS.- Ellos son Pablo Osorio, Diego Branco, Cristian Henr\u00edquez y Diego Lillo, pues su juventud y explosiva energ\u00eda fueron determinantes para lograr la meta propuesta. <\/div> <\/div> <div class=\"tiled-gallery-item tiled-gallery-item-small\" itemprop=\"associatedMedia\" itemscope itemtype=\"http:\/\/schema.org\/ImageObject\"> <a href=\"https:\/\/eltrabajo.cl\/portal\/zumbaton-recaudo-246-350-para-pagar-su-nuevo-implante-de-piel\/familiar1-5\/\" border=\"0\" itemprop=\"url\"> <meta itemprop=\"width\" content=\"208\"> <meta itemprop=\"height\" content=\"137\"> <img decoding=\"async\" class=\"\" data-attachment-id=\"58281\" data-orig-file=\"https:\/\/eltrabajo.cl\/portal\/wp-content\/uploads\/2015\/05\/Familiar1.jpg\" data-orig-size=\"530,349\" data-comments-opened=\"1\" data-image-meta=\"{&quot;aperture&quot;:&quot;0&quot;,&quot;credit&quot;:&quot;&quot;,&quot;camera&quot;:&quot;&quot;,&quot;caption&quot;:&quot;&quot;,&quot;created_timestamp&quot;:&quot;0&quot;,&quot;copyright&quot;:&quot;&quot;,&quot;focal_length&quot;:&quot;0&quot;,&quot;iso&quot;:&quot;0&quot;,&quot;shutter_speed&quot;:&quot;0&quot;,&quot;title&quot;:&quot;&quot;,&quot;orientation&quot;:&quot;0&quot;}\" data-image-title=\"Familiar1\" data-image-description=\"&lt;p&gt;REGALONEADO.- Ellos son los pap\u00e1s de Mart\u00edn, Christian Fern\u00e1ndez Vicencio y su madre Betzab\u00e9 Labra Contreras.&lt;\/p&gt; \" data-medium-file=\"https:\/\/i0.wp.com\/eltrabajo.cl\/portal\/wp-content\/uploads\/2015\/05\/Familiar1.jpg?fit=300%2C198&#038;ssl=1\" data-large-file=\"https:\/\/i0.wp.com\/eltrabajo.cl\/portal\/wp-content\/uploads\/2015\/05\/Familiar1.jpg?fit=530%2C349&#038;ssl=1\" src=\"https:\/\/i0.wp.com\/eltrabajo.cl\/portal\/wp-content\/uploads\/2015\/05\/Familiar1.jpg?w=208&#038;h=137&#038;ssl=1\" srcset=\"https:\/\/i0.wp.com\/eltrabajo.cl\/portal\/wp-content\/uploads\/2015\/05\/Familiar1.jpg?w=530&amp;ssl=1 530w, https:\/\/i0.wp.com\/eltrabajo.cl\/portal\/wp-content\/uploads\/2015\/05\/Familiar1.jpg?resize=200%2C132&amp;ssl=1 200w, https:\/\/i0.wp.com\/eltrabajo.cl\/portal\/wp-content\/uploads\/2015\/05\/Familiar1.jpg?resize=300%2C198&amp;ssl=1 300w, https:\/\/i0.wp.com\/eltrabajo.cl\/portal\/wp-content\/uploads\/2015\/05\/Familiar1.jpg?resize=228%2C150&amp;ssl=1 228w, https:\/\/i0.wp.com\/eltrabajo.cl\/portal\/wp-content\/uploads\/2015\/05\/Familiar1.jpg?resize=400%2C263&amp;ssl=1 400w\" width=\"208\" height=\"137\" loading=\"lazy\" data-original-width=\"208\" data-original-height=\"137\" itemprop=\"http:\/\/schema.org\/image\" title=\"Familiar1\" alt=\"REGALONEADO.- Ellos son los pap\u00e1s de Mart\u00edn, Christian Fern\u00e1ndez Vicencio y su madre Betzab\u00e9 Labra Contreras.\" style=\"width: 208px; height: 137px;\" \/> <\/a> <div class=\"tiled-gallery-caption\" itemprop=\"caption description\"> REGALONEADO.- Ellos son los pap\u00e1s de Mart\u00edn, Christian Fern\u00e1ndez Vicencio y su madre Betzab\u00e9 Labra Contreras. <\/div> <\/div> <\/div> <!-- close group --> <\/div> <!-- close row --> <div class=\"gallery-row\" style=\"width: 640px; height: 212px;\" data-original-width=\"640\" data-original-height=\"212\" > <div class=\"gallery-group images-1\" style=\"width: 320px; height: 212px;\" data-original-width=\"320\" data-original-height=\"212\" > <div class=\"tiled-gallery-item tiled-gallery-item-large\" itemprop=\"associatedMedia\" itemscope itemtype=\"http:\/\/schema.org\/ImageObject\"> <a href=\"https:\/\/eltrabajo.cl\/portal\/zumbaton-recaudo-246-350-para-pagar-su-nuevo-implante-de-piel\/leyvoz\/\" border=\"0\" itemprop=\"url\"> <meta itemprop=\"width\" content=\"316\"> <meta itemprop=\"height\" content=\"208\"> <img decoding=\"async\" class=\"\" data-attachment-id=\"58282\" data-orig-file=\"https:\/\/eltrabajo.cl\/portal\/wp-content\/uploads\/2015\/05\/Leyvoz.jpg\" data-orig-size=\"530,349\" data-comments-opened=\"1\" data-image-meta=\"{&quot;aperture&quot;:&quot;0&quot;,&quot;credit&quot;:&quot;&quot;,&quot;camera&quot;:&quot;&quot;,&quot;caption&quot;:&quot;&quot;,&quot;created_timestamp&quot;:&quot;0&quot;,&quot;copyright&quot;:&quot;&quot;,&quot;focal_length&quot;:&quot;0&quot;,&quot;iso&quot;:&quot;0&quot;,&quot;shutter_speed&quot;:&quot;0&quot;,&quot;title&quot;:&quot;&quot;,&quot;orientation&quot;:&quot;0&quot;}\" data-image-title=\"Leyvoz\" data-image-description=\"&lt;p&gt;COMANDO LEYVOZ.- El cierre de la zumbat\u00f3n estuvo a cargo de Leonardo Navarrete, Patricio Leiva y Mauricio Gonz\u00e1lez de Comando Leyvoz de San Felipe.&lt;\/p&gt; \" data-medium-file=\"https:\/\/i0.wp.com\/eltrabajo.cl\/portal\/wp-content\/uploads\/2015\/05\/Leyvoz.jpg?fit=300%2C198&#038;ssl=1\" data-large-file=\"https:\/\/i0.wp.com\/eltrabajo.cl\/portal\/wp-content\/uploads\/2015\/05\/Leyvoz.jpg?fit=530%2C349&#038;ssl=1\" src=\"https:\/\/i0.wp.com\/eltrabajo.cl\/portal\/wp-content\/uploads\/2015\/05\/Leyvoz.jpg?w=316&#038;h=208&#038;ssl=1\" srcset=\"https:\/\/i0.wp.com\/eltrabajo.cl\/portal\/wp-content\/uploads\/2015\/05\/Leyvoz.jpg?w=530&amp;ssl=1 530w, https:\/\/i0.wp.com\/eltrabajo.cl\/portal\/wp-content\/uploads\/2015\/05\/Leyvoz.jpg?resize=200%2C132&amp;ssl=1 200w, https:\/\/i0.wp.com\/eltrabajo.cl\/portal\/wp-content\/uploads\/2015\/05\/Leyvoz.jpg?resize=300%2C198&amp;ssl=1 300w, https:\/\/i0.wp.com\/eltrabajo.cl\/portal\/wp-content\/uploads\/2015\/05\/Leyvoz.jpg?resize=228%2C150&amp;ssl=1 228w, https:\/\/i0.wp.com\/eltrabajo.cl\/portal\/wp-content\/uploads\/2015\/05\/Leyvoz.jpg?resize=400%2C263&amp;ssl=1 400w\" width=\"316\" height=\"208\" loading=\"lazy\" data-original-width=\"316\" data-original-height=\"208\" itemprop=\"http:\/\/schema.org\/image\" title=\"Leyvoz\" alt=\"COMANDO LEYVOZ.- El cierre de la zumbat\u00f3n estuvo a cargo de Leonardo Navarrete, Patricio Leiva y Mauricio Gonz\u00e1lez de Comando Leyvoz de San Felipe.\" style=\"width: 316px; height: 208px;\" \/> <\/a> <div class=\"tiled-gallery-caption\" itemprop=\"caption description\"> COMANDO LEYVOZ.- El cierre de la zumbat\u00f3n estuvo a cargo de Leonardo Navarrete, Patricio Leiva y Mauricio Gonz\u00e1lez de Comando Leyvoz de San Felipe. <\/div> <\/div> <\/div> <!-- close group --> <div class=\"gallery-group images-1\" style=\"width: 320px; height: 212px;\" data-original-width=\"320\" data-original-height=\"212\" > <div class=\"tiled-gallery-item tiled-gallery-item-large\" itemprop=\"associatedMedia\" itemscope itemtype=\"http:\/\/schema.org\/ImageObject\"> <a href=\"https:\/\/eltrabajo.cl\/portal\/zumbaton-recaudo-246-350-para-pagar-su-nuevo-implante-de-piel\/zumba4\/\" border=\"0\" itemprop=\"url\"> <meta itemprop=\"width\" content=\"316\"> <meta itemprop=\"height\" content=\"208\"> <img decoding=\"async\" class=\"\" data-attachment-id=\"58285\" data-orig-file=\"https:\/\/eltrabajo.cl\/portal\/wp-content\/uploads\/2015\/05\/Zumba4.jpg\" data-orig-size=\"530,349\" data-comments-opened=\"1\" data-image-meta=\"{&quot;aperture&quot;:&quot;0&quot;,&quot;credit&quot;:&quot;&quot;,&quot;camera&quot;:&quot;&quot;,&quot;caption&quot;:&quot;&quot;,&quot;created_timestamp&quot;:&quot;0&quot;,&quot;copyright&quot;:&quot;&quot;,&quot;focal_length&quot;:&quot;0&quot;,&quot;iso&quot;:&quot;0&quot;,&quot;shutter_speed&quot;:&quot;0&quot;,&quot;title&quot;:&quot;&quot;,&quot;orientation&quot;:&quot;0&quot;}\" data-image-title=\"Zumba4\" data-image-description=\"&lt;p&gt;ZUMBA Y BELLEZA .- La belleza y juventud de esta chica parec\u00eda un volc\u00e1n en medio de quienes segu\u00edan el paso de los \u2018profes\u2019 de la zumbat\u00f3n.&lt;\/p&gt; \" data-medium-file=\"https:\/\/i0.wp.com\/eltrabajo.cl\/portal\/wp-content\/uploads\/2015\/05\/Zumba4.jpg?fit=300%2C198&#038;ssl=1\" data-large-file=\"https:\/\/i0.wp.com\/eltrabajo.cl\/portal\/wp-content\/uploads\/2015\/05\/Zumba4.jpg?fit=530%2C349&#038;ssl=1\" src=\"https:\/\/i0.wp.com\/eltrabajo.cl\/portal\/wp-content\/uploads\/2015\/05\/Zumba4.jpg?w=316&#038;h=208&#038;ssl=1\" srcset=\"https:\/\/i0.wp.com\/eltrabajo.cl\/portal\/wp-content\/uploads\/2015\/05\/Zumba4.jpg?w=530&amp;ssl=1 530w, https:\/\/i0.wp.com\/eltrabajo.cl\/portal\/wp-content\/uploads\/2015\/05\/Zumba4.jpg?resize=200%2C132&amp;ssl=1 200w, https:\/\/i0.wp.com\/eltrabajo.cl\/portal\/wp-content\/uploads\/2015\/05\/Zumba4.jpg?resize=300%2C198&amp;ssl=1 300w, https:\/\/i0.wp.com\/eltrabajo.cl\/portal\/wp-content\/uploads\/2015\/05\/Zumba4.jpg?resize=228%2C150&amp;ssl=1 228w, https:\/\/i0.wp.com\/eltrabajo.cl\/portal\/wp-content\/uploads\/2015\/05\/Zumba4.jpg?resize=400%2C263&amp;ssl=1 400w\" width=\"316\" height=\"208\" loading=\"lazy\" data-original-width=\"316\" data-original-height=\"208\" itemprop=\"http:\/\/schema.org\/image\" title=\"Zumba4\" alt=\"ZUMBA Y BELLEZA .- La belleza y juventud de esta chica parec\u00eda un volc\u00e1n en medio de quienes segu\u00edan el paso de los \u2018profes\u2019 de la zumbat\u00f3n.\" style=\"width: 316px; height: 208px;\" \/> <\/a> <div class=\"tiled-gallery-caption\" itemprop=\"caption description\"> ZUMBA Y BELLEZA .- La belleza y juventud de esta chica parec\u00eda un volc\u00e1n en medio de quienes segu\u00edan el paso de los \u2018profes\u2019 de la zumbat\u00f3n. <\/div> <\/div> <\/div> <!-- close group --> <\/div> <!-- close row --> <\/div>\n","protected":false},"excerpt":{"rendered":"<p>Al ritmo electrizante de cuatro instructores que se dieron cita en el gimnasio del Liceo Mixto de San Felipe la tarde del s\u00e1bado, m\u00e1s de 130 personas sudaron la gota alegre a&#8230;<\/p>\n","protected":false},"author":482,"featured_media":58280,"comment_status":"open","ping_status":"open","sticky":false,"template":"","format":"standard","meta":{"advanced_seo_description":"","jetpack_seo_html_title":"","jetpack_seo_noindex":false,"_jetpack_memberships_contains_paid_content":false,"footnotes":""},"categories":[15],"tags":[],"class_list":["post-58279","post","type-post","status-publish","format-standard","has-post-thumbnail","hentry","category-comunidad"],"jetpack_featured_media_url":"https:\/\/i0.wp.com\/eltrabajo.cl\/portal\/wp-content\/uploads\/2015\/05\/Zumba1.jpg?fit=530%2C350&ssl=1","jetpack_sharing_enabled":true,"jetpack_likes_enabled":true,"jetpack-related-posts":[],"_links":{"self":[{"href":"https:\/\/eltrabajo.cl\/portal\/wp-json\/wp\/v2\/posts\/58279","targetHints":{"allow":["GET"]}}],"collection":[{"href":"https:\/\/eltrabajo.cl\/portal\/wp-json\/wp\/v2\/posts"}],"about":[{"href":"https:\/\/eltrabajo.cl\/portal\/wp-json\/wp\/v2\/types\/post"}],"author":[{"embeddable":true,"href":"https:\/\/eltrabajo.cl\/portal\/wp-json\/wp\/v2\/users\/482"}],"replies":[{"embeddable":true,"href":"https:\/\/eltrabajo.cl\/portal\/wp-json\/wp\/v2\/comments?post=58279"}],"version-history":[{"count":0,"href":"https:\/\/eltrabajo.cl\/portal\/wp-json\/wp\/v2\/posts\/58279\/revisions"}],"wp:featuredmedia":[{"embeddable":true,"href":"https:\/\/eltrabajo.cl\/portal\/wp-json\/wp\/v2\/media\/58280"}],"wp:attachment":[{"href":"https:\/\/eltrabajo.cl\/portal\/wp-json\/wp\/v2\/media?parent=58279"}],"wp:term":[{"taxonomy":"category","embeddable":true,"href":"https:\/\/eltrabajo.cl\/portal\/wp-json\/wp\/v2\/categories?post=58279"},{"taxonomy":"post_tag","embeddable":true,"href":"https:\/\/eltrabajo.cl\/portal\/wp-json\/wp\/v2\/tags?post=58279"}],"curies":[{"name":"wp","href":"https:\/\/api.w.org\/{rel}","templated":true}]}}