{"id":58287,"date":"2015-05-25T09:48:25","date_gmt":"2015-05-25T12:48:25","guid":{"rendered":"http:\/\/www.eltrabajo.cl\/portal\/?p=58287"},"modified":"2015-05-25T09:48:25","modified_gmt":"2015-05-25T12:48:25","slug":"piden-20-anos-de-carcel-para-acusado-de-violacion-y-homicidio-de-indigente","status":"publish","type":"post","link":"https:\/\/eltrabajo.cl\/portal\/piden-20-anos-de-carcel-para-acusado-de-violacion-y-homicidio-de-indigente\/","title":{"rendered":"Piden 20 a\u00f1os de c\u00e1rcel para acusado de violaci\u00f3n y homicidio de indigente"},"content":{"rendered":"<figure id=\"attachment_58288\" aria-describedby=\"caption-attachment-58288\" style=\"width: 300px\" class=\"wp-caption alignleft\"><a href=\"https:\/\/i0.wp.com\/www.eltrabajo.cl\/portal\/wp-content\/uploads\/2015\/05\/caquemono11.jpg\"><img data-recalc-dims=\"1\" loading=\"lazy\" decoding=\"async\" class=\"wp-image-58288 size-medium\" src=\"https:\/\/i0.wp.com\/www.eltrabajo.cl\/portal\/wp-content\/uploads\/2015\/05\/caquemono11-300x197.jpg?resize=300%2C197\" alt=\"La v\u00edctima, Juan Manuel Fredes Valenzuela (68 a\u00f1os).\" width=\"300\" height=\"197\" srcset=\"https:\/\/i0.wp.com\/eltrabajo.cl\/portal\/wp-content\/uploads\/2015\/05\/caquemono11.jpg?resize=300%2C197&amp;ssl=1 300w, https:\/\/i0.wp.com\/eltrabajo.cl\/portal\/wp-content\/uploads\/2015\/05\/caquemono11.jpg?resize=200%2C131&amp;ssl=1 200w, https:\/\/i0.wp.com\/eltrabajo.cl\/portal\/wp-content\/uploads\/2015\/05\/caquemono11.jpg?resize=228%2C150&amp;ssl=1 228w, https:\/\/i0.wp.com\/eltrabajo.cl\/portal\/wp-content\/uploads\/2015\/05\/caquemono11.jpg?resize=400%2C263&amp;ssl=1 400w, https:\/\/i0.wp.com\/eltrabajo.cl\/portal\/wp-content\/uploads\/2015\/05\/caquemono11.jpg?w=530&amp;ssl=1 530w\" sizes=\"auto, (max-width: 300px) 100vw, 300px\" \/><\/a><figcaption id=\"caption-attachment-58288\" class=\"wp-caption-text\">La v\u00edctima, Juan Manuel Fredes Valenzuela (68 a\u00f1os).<\/figcaption><\/figure>\n<p><strong>LOS ANDES.-<\/strong> El fiscal especialista en delitos sexuales Alberto Gertosio pidi\u00f3 una condena de 20 a\u00f1os de presidio perpetuo simple en contra de Robinson Fuenzalida G\u00f3mez (49) como autor del delito de homicidio con violaci\u00f3n en contra de Juan Manuel Fredes Valenzuela (68), alias \u2018El Caquemono\u2019, hecho ocurrido en enero de 2014 a un costado de la l\u00ednea f\u00e9rrea, frente a la parte posterior del Hospital San Juan de Dios de Los Andes.<br \/>\nEl persecutor solicit\u00f3 la pena en el inicio del juicio oral en contra de Fuenzalida G\u00f3mez, quien actualmente se encuentra sujeto a la medida cautelar de prisi\u00f3n preventiva.<br \/>\nConforme a los hechos de la acusaci\u00f3n, la noche del s\u00e1bado 11 de enero de ese a\u00f1o \u2018El Caquemono\u2019, se encontraba ingiriendo bebidas alcoh\u00f3licas en Maip\u00fa con Avenida Argentina, junt\u00e1ndose en alg\u00fan momento con Fuenzalida para seguir bebiendo.<br \/>\nYa en horas de la madrugada del domingo 12, ambos hombres se dirigieron hasta el lugar en donde pernoctaba Fredes, que corresponde a una higuera que se ubica a un costado de la l\u00ednea ferrea colindante con los terrenos de la PDI, entre las calles Papudo Norte y Hermanos Clark, en donde continuaron bebiendo y fumando pasta base.<\/p>\n<figure id=\"attachment_58289\" aria-describedby=\"caption-attachment-58289\" style=\"width: 300px\" class=\"wp-caption alignright\"><a href=\"https:\/\/i0.wp.com\/www.eltrabajo.cl\/portal\/wp-content\/uploads\/2015\/05\/caquemono_reconstitucion52.jpg\"><img data-recalc-dims=\"1\" loading=\"lazy\" decoding=\"async\" class=\"wp-image-58289 size-medium\" src=\"https:\/\/i0.wp.com\/www.eltrabajo.cl\/portal\/wp-content\/uploads\/2015\/05\/caquemono_reconstitucion52-300x198.jpg?resize=300%2C198\" alt=\"Robinson Fuenzalida G\u00f3mez, en la reconstituci\u00f3n de escena, sindicado como autor del delito de homicidio con violaci\u00f3n de un indigente apodado \u2018El Caquemono\u2019.\" width=\"300\" height=\"198\" srcset=\"https:\/\/i0.wp.com\/eltrabajo.cl\/portal\/wp-content\/uploads\/2015\/05\/caquemono_reconstitucion52.jpg?resize=300%2C198&amp;ssl=1 300w, https:\/\/i0.wp.com\/eltrabajo.cl\/portal\/wp-content\/uploads\/2015\/05\/caquemono_reconstitucion52.jpg?resize=200%2C132&amp;ssl=1 200w, https:\/\/i0.wp.com\/eltrabajo.cl\/portal\/wp-content\/uploads\/2015\/05\/caquemono_reconstitucion52.jpg?resize=228%2C150&amp;ssl=1 228w, https:\/\/i0.wp.com\/eltrabajo.cl\/portal\/wp-content\/uploads\/2015\/05\/caquemono_reconstitucion52.jpg?resize=400%2C263&amp;ssl=1 400w, https:\/\/i0.wp.com\/eltrabajo.cl\/portal\/wp-content\/uploads\/2015\/05\/caquemono_reconstitucion52.jpg?w=530&amp;ssl=1 530w\" sizes=\"auto, (max-width: 300px) 100vw, 300px\" \/><\/a><figcaption id=\"caption-attachment-58289\" class=\"wp-caption-text\">Robinson Fuenzalida G\u00f3mez, en la reconstituci\u00f3n de escena, sindicado como autor del delito de homicidio con violaci\u00f3n de un indigente apodado \u2018El Caquemono\u2019.<\/figcaption><\/figure>\n<p>De acuerdo a los antecedentes expuestos en la carpeta investigativa, en un momento el imputado comenz\u00f3 a dar golpes de pu\u00f1o a la v\u00edctima en el rostro, para luego bajarle los pantalones, subirle la polera y amarrarlo por los pies a la higuera, para posteriormente proceder a violarlo analmente.<br \/>\nDurante la golpiza la v\u00edctima habr\u00eda gritado, alertando a otros indigentes que viven en unas casas de material ligero cercanas la l\u00ednea.<br \/>\nJustamente la testigo clave de iniciales J.O.U. se habr\u00eda acercado hasta el lugar acompa\u00f1ada de un amigo de su pareja y al iluminar la higuera con su celular observ\u00f3 a los dos hombres teniendo relaciones sexuales, estando Fuenzalida sobre Fredes.<br \/>\nEste \u00faltimo le habr\u00eda dicho que se fueran del lugar porque eran due\u00f1os de hacer lo que quisieran.<br \/>\nLa mujer y su acompa\u00f1ante se fueron del lugar pensando que ambos sujetos estaban teniendo un encuentro sexual.<br \/>\nPosteriormente Fuenzalida habr\u00eda ahorcado con sus manos a Fredes para evitar que este continuara gritando, huyendo luego del lugar esa misma madrugada.<br \/>\nA causa de la golpiza, Fredes result\u00f3 con fractura nasal, traumatismo cr\u00e1neo facial, dislocaci\u00f3n mandibular y \u201ccon bordes revertidos de la zona anal con signos compatibles con penetraci\u00f3n forzada, siendo la causa de la muerte la asfixia por estrangulamiento de tipo homicida\u201d.<\/p>\n<p><strong>DEFENSA PIDE ABSOLUCI\u00d3N<\/strong><br \/>\nSin embargo, la abogada defensora de Fuenzalida, Paola Zapata, pidi\u00f3 al tribunal la absoluci\u00f3n de su representado, primero por negar la existencia de violaci\u00f3n al no existir prueba cient\u00edfica que acredite este delito y tambi\u00e9n la causa de muerte, adem\u00e1s de que existe solamente una testigo que sit\u00faa al acusado en el lugar de los hechos la madrugada de ese d\u00eda, en circunstancias que la data de muerte de la v\u00edctima fue posterior.<br \/>\nAsimismo, record\u00f3 que \u2018El Caquemono\u2019 hab\u00eda sido condenado en septiembre de 2010 por un delito de violaci\u00f3n a un menor de edad, \u201cpor lo que su muerte tiene una clara connotaci\u00f3n sexual al ser colgado de sus extremidades inferiores dejando expuesto la parte trasera de su cuerpo para que todos los vieran\u201d.<br \/>\nAl mismo tiempo, afirm\u00f3 que causa de la lesi\u00f3n del ano revertido no tiene explicaci\u00f3n desde el punto de vista de la ciencia, toda vez que ello no pudo ser causado por el pene de un hombre.<br \/>\nEn tal sentido, record\u00f3 que el ADN que fue encontrado en el cobertor que ten\u00eda la v\u00edctima no es corresponde al del acusado y la confesi\u00f3n que hizo del crimen ante la PDI fue inducida debido a que se encontraba en estado de ebriedad, ya que asegura no haber estado nunca en el lugar del crimen ni conocer a Fredes Valenzuela.<br \/>\nEl Tribunal de Juicio Oral en lo penal integrado por las magistrados Alessandra Tubino Tassara, Pamela Peralta Ferrugia y Mar\u00eda Pilar Valladares deber\u00e1n resolver sobre el fondo del caso y determinar si existe o no culpabilidad del acusado.<\/p>\n","protected":false},"excerpt":{"rendered":"<p>LOS ANDES.- El fiscal especialista en delitos sexuales Alberto Gertosio pidi\u00f3 una condena de 20 a\u00f1os de presidio perpetuo simple en contra de Robinson Fuenzalida G\u00f3mez (49) como autor del delito de&#8230;<\/p>\n","protected":false},"author":482,"featured_media":58288,"comment_status":"open","ping_status":"open","sticky":false,"template":"","format":"standard","meta":{"advanced_seo_description":"","jetpack_seo_html_title":"","jetpack_seo_noindex":false,"_jetpack_memberships_contains_paid_content":false,"footnotes":""},"categories":[21],"tags":[],"class_list":["post-58287","post","type-post","status-publish","format-standard","has-post-thumbnail","hentry","category-policial"],"jetpack_featured_media_url":"https:\/\/i0.wp.com\/eltrabajo.cl\/portal\/wp-content\/uploads\/2015\/05\/caquemono11.jpg?fit=530%2C348&ssl=1","jetpack_sharing_enabled":true,"jetpack_likes_enabled":true,"jetpack-related-posts":[],"_links":{"self":[{"href":"https:\/\/eltrabajo.cl\/portal\/wp-json\/wp\/v2\/posts\/58287","targetHints":{"allow":["GET"]}}],"collection":[{"href":"https:\/\/eltrabajo.cl\/portal\/wp-json\/wp\/v2\/posts"}],"about":[{"href":"https:\/\/eltrabajo.cl\/portal\/wp-json\/wp\/v2\/types\/post"}],"author":[{"embeddable":true,"href":"https:\/\/eltrabajo.cl\/portal\/wp-json\/wp\/v2\/users\/482"}],"replies":[{"embeddable":true,"href":"https:\/\/eltrabajo.cl\/portal\/wp-json\/wp\/v2\/comments?post=58287"}],"version-history":[{"count":0,"href":"https:\/\/eltrabajo.cl\/portal\/wp-json\/wp\/v2\/posts\/58287\/revisions"}],"wp:featuredmedia":[{"embeddable":true,"href":"https:\/\/eltrabajo.cl\/portal\/wp-json\/wp\/v2\/media\/58288"}],"wp:attachment":[{"href":"https:\/\/eltrabajo.cl\/portal\/wp-json\/wp\/v2\/media?parent=58287"}],"wp:term":[{"taxonomy":"category","embeddable":true,"href":"https:\/\/eltrabajo.cl\/portal\/wp-json\/wp\/v2\/categories?post=58287"},{"taxonomy":"post_tag","embeddable":true,"href":"https:\/\/eltrabajo.cl\/portal\/wp-json\/wp\/v2\/tags?post=58287"}],"curies":[{"name":"wp","href":"https:\/\/api.w.org\/{rel}","templated":true}]}}