{"id":58313,"date":"2015-05-26T09:11:52","date_gmt":"2015-05-26T12:11:52","guid":{"rendered":"http:\/\/www.eltrabajo.cl\/portal\/?p=58313"},"modified":"2015-05-26T09:11:52","modified_gmt":"2015-05-26T12:11:52","slug":"exhibiran-tabla-periodica-interactiva-en-centro-cultural-presidente-pedro-aguirre-cerda","status":"publish","type":"post","link":"https:\/\/eltrabajo.cl\/portal\/exhibiran-tabla-periodica-interactiva-en-centro-cultural-presidente-pedro-aguirre-cerda\/","title":{"rendered":"Exhibir\u00e1n \u2018Tabla Peri\u00f3dica Interactiva\u2019 en Centro Cultural Presidente Pedro Aguirre Cerda"},"content":{"rendered":"<figure id=\"attachment_58314\" aria-describedby=\"caption-attachment-58314\" style=\"width: 300px\" class=\"wp-caption alignleft\"><a href=\"https:\/\/i0.wp.com\/www.eltrabajo.cl\/portal\/wp-content\/uploads\/2015\/05\/Tabla-Periodica-Interactiva-Calle-Larga-2.jpg\"><img data-recalc-dims=\"1\" loading=\"lazy\" decoding=\"async\" class=\"wp-image-58314 size-medium\" src=\"https:\/\/i0.wp.com\/www.eltrabajo.cl\/portal\/wp-content\/uploads\/2015\/05\/Tabla-Periodica-Interactiva-Calle-Larga-2-300x198.jpg?resize=300%2C198\" alt=\"Desde el 27 de mayo estar\u00e1 abierta al p\u00fablico la exposici\u00f3n \u2018Tabla Peri\u00f3dica Interactiva\u2019 en el Centro Cultural Presidente Pedro Aguirre Cerda de Calle Larga.\" width=\"300\" height=\"198\" srcset=\"https:\/\/i0.wp.com\/eltrabajo.cl\/portal\/wp-content\/uploads\/2015\/05\/Tabla-Periodica-Interactiva-Calle-Larga-2.jpg?resize=300%2C198&amp;ssl=1 300w, https:\/\/i0.wp.com\/eltrabajo.cl\/portal\/wp-content\/uploads\/2015\/05\/Tabla-Periodica-Interactiva-Calle-Larga-2.jpg?resize=200%2C132&amp;ssl=1 200w, https:\/\/i0.wp.com\/eltrabajo.cl\/portal\/wp-content\/uploads\/2015\/05\/Tabla-Periodica-Interactiva-Calle-Larga-2.jpg?resize=228%2C150&amp;ssl=1 228w, https:\/\/i0.wp.com\/eltrabajo.cl\/portal\/wp-content\/uploads\/2015\/05\/Tabla-Periodica-Interactiva-Calle-Larga-2.jpg?resize=400%2C263&amp;ssl=1 400w, https:\/\/i0.wp.com\/eltrabajo.cl\/portal\/wp-content\/uploads\/2015\/05\/Tabla-Periodica-Interactiva-Calle-Larga-2.jpg?w=530&amp;ssl=1 530w\" sizes=\"auto, (max-width: 300px) 100vw, 300px\" \/><\/a><figcaption id=\"caption-attachment-58314\" class=\"wp-caption-text\">Desde el 27 de mayo estar\u00e1 abierta al p\u00fablico la exposici\u00f3n \u2018Tabla Peri\u00f3dica Interactiva\u2019 en el Centro Cultural Presidente Pedro Aguirre Cerda de Calle Larga.<\/figcaption><\/figure>\n<p><strong>CALLE LARGA.-<\/strong> Desde ma\u00f1ana 27 de mayo las escuelas, colegios y liceos de la provincia pueden visitar la exposici\u00f3n interactiva en el CCPAC.<br \/>\nLos habitantes de la provincia de Los Andes podr\u00e1n divertirse aprendiendo qu\u00edmica gracias a la exhibici\u00f3n de la Tabla Peri\u00f3dica Interactiva en el Centro Cultural Pedro Aguirre Cerda CCPAC. Esta exposici\u00f3n invita a la comunidad a conocer la relaci\u00f3n diaria que mantiene con elementos qu\u00edmicos que le rodean y quiz\u00e1s desconoce.<br \/>\nEsta exhibici\u00f3n posee m\u00f3dulos con los diferentes elementos qu\u00edmicos, su clasificaci\u00f3n, uso, cantidad disponible en la Tierra y las aplicaciones que tiene en la vida real con ejemplos visibles y cotidianos.<br \/>\nEsta exposici\u00f3n fue desarrollada por el Centro Interactivo de las Ciencias, las Artes y la Tecnolog\u00eda (Cicat) y dise\u00f1ada por docentes de la Facultad de Ciencias Qu\u00edmicas de la Universidad de Concepci\u00f3n, en un trabajo en conjunto que cont\u00f3 con el auspicio de la Sociedad Chilena de Qu\u00edmica.<br \/>\nLa itinerancia de \u00e9sta y otras exposiciones Explora forma parte de un esfuerzo permanente para la apropiaci\u00f3n del conocimiento en ciencia y tecnolog\u00eda en la regi\u00f3n y se debe al trabajo conjunto del Proyecto Asociativo Regional Explora Valpara\u00edso con la Red de Cultura Cient\u00edfica, la que agrupa a museos, centros culturales y organismos comprometidos con la circulaci\u00f3n de contenidos cient\u00edficos y culturales.<br \/>\nEn este contexto, la colaboraci\u00f3n entre Explora y el Centro Cultural Presidente Pedro Aguirre Cerda, ha hecho posible traer esta atractiva y did\u00e1ctica exposici\u00f3n, la que se suma a otras que han sido exhibidas recientemente y que fueron visitadas por cientos de personas como es el caso de \u2018Aves del litoral\u2019 y \u2018Aves de la zona central\u2019, esta \u00faltima muestra que da cuenta de las caracter\u00edsticas de las aves m\u00e1s comunes de la zona central de nuestro pa\u00eds, ha sido donada por Explora al CCPAC fortaleciendo esta relaci\u00f3n y enriqueciendo la colecci\u00f3n de este espacio cultural.<br \/>\nPara concertar visitas, llamar al tel\u00e9fono 34-2462012 o al correo mangelicazamora@ccpac.cl y la entrada es liberada.<\/p>\n","protected":false},"excerpt":{"rendered":"<p>CALLE LARGA.- Desde ma\u00f1ana 27 de mayo las escuelas, colegios y liceos de la provincia pueden visitar la exposici\u00f3n interactiva en el CCPAC. Los habitantes de la provincia de Los Andes podr\u00e1n&#8230;<\/p>\n","protected":false},"author":482,"featured_media":58314,"comment_status":"open","ping_status":"open","sticky":false,"template":"","format":"standard","meta":{"advanced_seo_description":"","jetpack_seo_html_title":"","jetpack_seo_noindex":false,"_jetpack_memberships_contains_paid_content":false,"footnotes":""},"categories":[15],"tags":[],"class_list":["post-58313","post","type-post","status-publish","format-standard","has-post-thumbnail","hentry","category-comunidad"],"jetpack_featured_media_url":"https:\/\/i0.wp.com\/eltrabajo.cl\/portal\/wp-content\/uploads\/2015\/05\/Tabla-Periodica-Interactiva-Calle-Larga-2.jpg?fit=530%2C349&ssl=1","jetpack_sharing_enabled":true,"jetpack_likes_enabled":true,"jetpack-related-posts":[],"_links":{"self":[{"href":"https:\/\/eltrabajo.cl\/portal\/wp-json\/wp\/v2\/posts\/58313","targetHints":{"allow":["GET"]}}],"collection":[{"href":"https:\/\/eltrabajo.cl\/portal\/wp-json\/wp\/v2\/posts"}],"about":[{"href":"https:\/\/eltrabajo.cl\/portal\/wp-json\/wp\/v2\/types\/post"}],"author":[{"embeddable":true,"href":"https:\/\/eltrabajo.cl\/portal\/wp-json\/wp\/v2\/users\/482"}],"replies":[{"embeddable":true,"href":"https:\/\/eltrabajo.cl\/portal\/wp-json\/wp\/v2\/comments?post=58313"}],"version-history":[{"count":0,"href":"https:\/\/eltrabajo.cl\/portal\/wp-json\/wp\/v2\/posts\/58313\/revisions"}],"wp:featuredmedia":[{"embeddable":true,"href":"https:\/\/eltrabajo.cl\/portal\/wp-json\/wp\/v2\/media\/58314"}],"wp:attachment":[{"href":"https:\/\/eltrabajo.cl\/portal\/wp-json\/wp\/v2\/media?parent=58313"}],"wp:term":[{"taxonomy":"category","embeddable":true,"href":"https:\/\/eltrabajo.cl\/portal\/wp-json\/wp\/v2\/categories?post=58313"},{"taxonomy":"post_tag","embeddable":true,"href":"https:\/\/eltrabajo.cl\/portal\/wp-json\/wp\/v2\/tags?post=58313"}],"curies":[{"name":"wp","href":"https:\/\/api.w.org\/{rel}","templated":true}]}}