{"id":58322,"date":"2015-05-26T09:21:40","date_gmt":"2015-05-26T12:21:40","guid":{"rendered":"http:\/\/www.eltrabajo.cl\/portal\/?p=58322"},"modified":"2015-05-26T09:21:40","modified_gmt":"2015-05-26T12:21:40","slug":"peques-de-la-escuela-san-jose-entre-los-mas-organizados-de-la-comuna","status":"publish","type":"post","link":"https:\/\/eltrabajo.cl\/portal\/peques-de-la-escuela-san-jose-entre-los-mas-organizados-de-la-comuna\/","title":{"rendered":"Peques de la Escuela San Jos\u00e9 entre los m\u00e1s organizados de la comuna"},"content":{"rendered":"<figure id=\"attachment_58323\" aria-describedby=\"caption-attachment-58323\" style=\"width: 300px\" class=\"wp-caption alignleft\"><a href=\"https:\/\/i0.wp.com\/www.eltrabajo.cl\/portal\/wp-content\/uploads\/2015\/05\/Unicornio1.jpg\"><img data-recalc-dims=\"1\" loading=\"lazy\" decoding=\"async\" class=\"wp-image-58323 size-medium\" src=\"https:\/\/i0.wp.com\/www.eltrabajo.cl\/portal\/wp-content\/uploads\/2015\/05\/Unicornio1-300x198.jpg?resize=300%2C198\" alt=\"UNICORNIO DE MASCOTA.- Los ni\u00f1os de la Escuela San Jos\u00e9 de Catemu, muestran orgullosos su Unicornio blanco.\" width=\"300\" height=\"198\" srcset=\"https:\/\/i0.wp.com\/eltrabajo.cl\/portal\/wp-content\/uploads\/2015\/05\/Unicornio1.jpg?resize=300%2C198&amp;ssl=1 300w, https:\/\/i0.wp.com\/eltrabajo.cl\/portal\/wp-content\/uploads\/2015\/05\/Unicornio1.jpg?resize=200%2C132&amp;ssl=1 200w, https:\/\/i0.wp.com\/eltrabajo.cl\/portal\/wp-content\/uploads\/2015\/05\/Unicornio1.jpg?resize=227%2C150&amp;ssl=1 227w, https:\/\/i0.wp.com\/eltrabajo.cl\/portal\/wp-content\/uploads\/2015\/05\/Unicornio1.jpg?resize=400%2C264&amp;ssl=1 400w, https:\/\/i0.wp.com\/eltrabajo.cl\/portal\/wp-content\/uploads\/2015\/05\/Unicornio1.jpg?w=530&amp;ssl=1 530w\" sizes=\"auto, (max-width: 300px) 100vw, 300px\" \/><\/a><figcaption id=\"caption-attachment-58323\" class=\"wp-caption-text\">UNICORNIO DE MASCOTA.- Los ni\u00f1os de la Escuela San Jos\u00e9 de Catemu, muestran orgullosos su Unicornio blanco.<\/figcaption><\/figure>\n<p><strong>CATEMU.<\/strong>&#8211; Ayer lunes la C\u00e1mara Viajera de Diario El Trabajo visit\u00f3 la Escuela San Jos\u00e9, ubicada en la poblaci\u00f3n del mismo nombre. Los ni\u00f1os y profesores atendieron con alegr\u00eda a nuestro medio, mientras que nos acompa\u00f1aron en un recorrido por el interior del establecimiento.<br \/>\nUna de las sorpresas, fue encontrarnos con otra mascota escolar, pues la semana pasada fue un \u2018Caballo de Troya\u2019 el que nos dio la bienvenida en otra escuela de la comuna, ahora fue un Unicornio blanco. Este entretenido artilugio fue creado para los carros aleg\u00f3ricos de octubre de 2014, fecha en que se celebr\u00f3 el Mes de la Familia.<\/p>\n<p><strong>BUENOS LECTORES<\/strong><br \/>\nFue el director de la misma, el profesor Eugenio Celis Vega, quien explic\u00f3 que \u00abnuestro proyecto m\u00e1s ambicioso a nivel Escuela, es el Plan Lector (lectura domiciliaria), que desde hace dos a\u00f1os compromete facilitar al menos un libro al mes a cada ni\u00f1o participante. Tenemos registro de mejoras en el nivel de comprensi\u00f3n de la lectura en la mayor\u00eda de estudiantes\u00bb, los libros de este plan de lectura son aquellos que el Mineduc aprueba como ideales seg\u00fan el nivel de cada chico.<br \/>\nEste programa se sostiene gracias a los recursos SEP (Subvenci\u00f3n Escolar Preferencial) que mes a mes le representa a esta escuela un aproximado de $5.000.000.<\/p>\n<p><strong>HUERTO PROPIO<\/strong><br \/>\nPero no s\u00f3lo hay libros para leer en esta escuela catemina, seg\u00fan lo que nos explic\u00f3 el Profesor Celis, \u00abtambi\u00e9n los estudiantes han desarrollado un sano sentido de pertenencia, ya que ellos mismos cultivan las hortalizas que consumen en la escuela, al menos lo hacen como proyecto agr\u00edcola a fin de aprender c\u00f3mo plantar un huerto\u00bb.<\/p>\n<p><strong>BRIGADA ESCOLAR<\/strong><br \/>\nLos chicos del Club Lector Escolar tambi\u00e9n mostraron a Diario El Trabajo su sala de lectura, en donde cuentan con miles de textos a su disposici\u00f3n, as\u00ed como juegos de ajedrez y otras din\u00e1micas de aprendizaje.<br \/>\nTambi\u00e9n posaron para nuestras c\u00e1maras, varios estudiantes de distintos cursos, ellos pertenecen a la Brigada Escolar, unidad de convivencia que les permite a desarrollar sus propios niveles de tolerancia y orden estudiantil.<br \/>\nLa Escuela San Jos\u00e9 cuenta con un taller de Folklore; 143 estudiantes; 36 personas en lo referente a personal docente; un taller de Cuerdas. El director de la escuela tiene 28 a\u00f1os como profesor y cinco como director escolar.<br \/>\n<strong>Roberto Gonz\u00e1lez Short<\/strong><br \/>\nENVIADO ESPECIAL<br \/>\nrgonzalez@eltrabajo.cl<\/p>\n<div class=\"tiled-gallery type-rectangular tiled-gallery-unresized\" data-original-width=\"640\" data-carousel-extra='null' itemscope itemtype=\"http:\/\/schema.org\/ImageGallery\" > <div class=\"gallery-row\" style=\"width: 640px; height: 492px;\" data-original-width=\"640\" data-original-height=\"492\" > <div class=\"gallery-group images-3\" style=\"width: 247px; height: 492px;\" data-original-width=\"247\" data-original-height=\"492\" > <div class=\"tiled-gallery-item tiled-gallery-item-small\" itemprop=\"associatedMedia\" itemscope itemtype=\"http:\/\/schema.org\/ImageObject\"> <a href=\"https:\/\/eltrabajo.cl\/portal\/peques-de-la-escuela-san-jose-entre-los-mas-organizados-de-la-comuna\/profes1-9\/\" border=\"0\" itemprop=\"url\"> <meta itemprop=\"width\" content=\"243\"> <meta itemprop=\"height\" content=\"160\"> <img decoding=\"async\" class=\"\" data-attachment-id=\"58327\" data-orig-file=\"https:\/\/eltrabajo.cl\/portal\/wp-content\/uploads\/2015\/05\/Profes11.jpg\" data-orig-size=\"530,349\" data-comments-opened=\"1\" data-image-meta=\"{&quot;aperture&quot;:&quot;0&quot;,&quot;credit&quot;:&quot;&quot;,&quot;camera&quot;:&quot;&quot;,&quot;caption&quot;:&quot;&quot;,&quot;created_timestamp&quot;:&quot;0&quot;,&quot;copyright&quot;:&quot;&quot;,&quot;focal_length&quot;:&quot;0&quot;,&quot;iso&quot;:&quot;0&quot;,&quot;shutter_speed&quot;:&quot;0&quot;,&quot;title&quot;:&quot;&quot;,&quot;orientation&quot;:&quot;0&quot;}\" data-image-title=\"Profes1\" data-image-description=\"&lt;p&gt;LOS PROFES.- Ellos son parte del profesorado de esta colorida escuela catemina, quienes orgullosos posaron para nuestras c\u00e1maras.&lt;\/p&gt; \" data-medium-file=\"https:\/\/i0.wp.com\/eltrabajo.cl\/portal\/wp-content\/uploads\/2015\/05\/Profes11.jpg?fit=300%2C198&#038;ssl=1\" data-large-file=\"https:\/\/i0.wp.com\/eltrabajo.cl\/portal\/wp-content\/uploads\/2015\/05\/Profes11.jpg?fit=530%2C349&#038;ssl=1\" src=\"https:\/\/i0.wp.com\/eltrabajo.cl\/portal\/wp-content\/uploads\/2015\/05\/Profes11.jpg?w=243&#038;h=160&#038;ssl=1\" srcset=\"https:\/\/i0.wp.com\/eltrabajo.cl\/portal\/wp-content\/uploads\/2015\/05\/Profes11.jpg?w=530&amp;ssl=1 530w, https:\/\/i0.wp.com\/eltrabajo.cl\/portal\/wp-content\/uploads\/2015\/05\/Profes11.jpg?resize=200%2C132&amp;ssl=1 200w, https:\/\/i0.wp.com\/eltrabajo.cl\/portal\/wp-content\/uploads\/2015\/05\/Profes11.jpg?resize=300%2C198&amp;ssl=1 300w, https:\/\/i0.wp.com\/eltrabajo.cl\/portal\/wp-content\/uploads\/2015\/05\/Profes11.jpg?resize=228%2C150&amp;ssl=1 228w, https:\/\/i0.wp.com\/eltrabajo.cl\/portal\/wp-content\/uploads\/2015\/05\/Profes11.jpg?resize=400%2C263&amp;ssl=1 400w\" width=\"243\" height=\"160\" loading=\"lazy\" data-original-width=\"243\" data-original-height=\"160\" itemprop=\"http:\/\/schema.org\/image\" title=\"Profes1\" alt=\"LOS PROFES.- Ellos son parte del profesorado de esta colorida escuela catemina, quienes orgullosos posaron para nuestras c\u00e1maras.\" style=\"width: 243px; height: 160px;\" \/> <\/a> <div class=\"tiled-gallery-caption\" itemprop=\"caption description\"> LOS PROFES.- Ellos son parte del profesorado de esta colorida escuela catemina, quienes orgullosos posaron para nuestras c\u00e1maras. <\/div> <\/div> <div class=\"tiled-gallery-item tiled-gallery-item-small\" itemprop=\"associatedMedia\" itemscope itemtype=\"http:\/\/schema.org\/ImageObject\"> <a href=\"https:\/\/eltrabajo.cl\/portal\/peques-de-la-escuela-san-jose-entre-los-mas-organizados-de-la-comuna\/brigada1-3\/\" border=\"0\" itemprop=\"url\"> <meta itemprop=\"width\" content=\"243\"> <meta itemprop=\"height\" content=\"160\"> <img decoding=\"async\" class=\"\" data-attachment-id=\"58324\" data-orig-file=\"https:\/\/eltrabajo.cl\/portal\/wp-content\/uploads\/2015\/05\/Brigada1.jpg\" data-orig-size=\"530,349\" data-comments-opened=\"1\" data-image-meta=\"{&quot;aperture&quot;:&quot;0&quot;,&quot;credit&quot;:&quot;&quot;,&quot;camera&quot;:&quot;&quot;,&quot;caption&quot;:&quot;&quot;,&quot;created_timestamp&quot;:&quot;0&quot;,&quot;copyright&quot;:&quot;&quot;,&quot;focal_length&quot;:&quot;0&quot;,&quot;iso&quot;:&quot;0&quot;,&quot;shutter_speed&quot;:&quot;0&quot;,&quot;title&quot;:&quot;&quot;,&quot;orientation&quot;:&quot;0&quot;}\" data-image-title=\"Brigada1\" data-image-description=\"&lt;p&gt;BRIGADA ESCOLAR.- Ellos pertenecen a la Brigada Escolar, unidad de convivencia que les permite a desarrollar sus propios niveles de tolerancia y orden estudiantil.&lt;\/p&gt; \" data-medium-file=\"https:\/\/i0.wp.com\/eltrabajo.cl\/portal\/wp-content\/uploads\/2015\/05\/Brigada1.jpg?fit=300%2C198&#038;ssl=1\" data-large-file=\"https:\/\/i0.wp.com\/eltrabajo.cl\/portal\/wp-content\/uploads\/2015\/05\/Brigada1.jpg?fit=530%2C349&#038;ssl=1\" src=\"https:\/\/i0.wp.com\/eltrabajo.cl\/portal\/wp-content\/uploads\/2015\/05\/Brigada1.jpg?w=243&#038;h=160&#038;ssl=1\" srcset=\"https:\/\/i0.wp.com\/eltrabajo.cl\/portal\/wp-content\/uploads\/2015\/05\/Brigada1.jpg?w=530&amp;ssl=1 530w, https:\/\/i0.wp.com\/eltrabajo.cl\/portal\/wp-content\/uploads\/2015\/05\/Brigada1.jpg?resize=200%2C132&amp;ssl=1 200w, https:\/\/i0.wp.com\/eltrabajo.cl\/portal\/wp-content\/uploads\/2015\/05\/Brigada1.jpg?resize=300%2C198&amp;ssl=1 300w, https:\/\/i0.wp.com\/eltrabajo.cl\/portal\/wp-content\/uploads\/2015\/05\/Brigada1.jpg?resize=228%2C150&amp;ssl=1 228w, https:\/\/i0.wp.com\/eltrabajo.cl\/portal\/wp-content\/uploads\/2015\/05\/Brigada1.jpg?resize=400%2C263&amp;ssl=1 400w\" width=\"243\" height=\"160\" loading=\"lazy\" data-original-width=\"243\" data-original-height=\"160\" itemprop=\"http:\/\/schema.org\/image\" title=\"Brigada1\" alt=\"BRIGADA ESCOLAR.- Ellos pertenecen a la Brigada Escolar, unidad de convivencia que les permite a desarrollar sus propios niveles de tolerancia y orden estudiantil.\" style=\"width: 243px; height: 160px;\" \/> <\/a> <div class=\"tiled-gallery-caption\" itemprop=\"caption description\"> BRIGADA ESCOLAR.- Ellos pertenecen a la Brigada Escolar, unidad de convivencia que les permite a desarrollar sus propios niveles de tolerancia y orden estudiantil. <\/div> <\/div> <div class=\"tiled-gallery-item tiled-gallery-item-small\" itemprop=\"associatedMedia\" itemscope itemtype=\"http:\/\/schema.org\/ImageObject\"> <a href=\"https:\/\/eltrabajo.cl\/portal\/peques-de-la-escuela-san-jose-entre-los-mas-organizados-de-la-comuna\/lectores1\/\" border=\"0\" itemprop=\"url\"> <meta itemprop=\"width\" content=\"243\"> <meta itemprop=\"height\" content=\"160\"> <img decoding=\"async\" class=\"\" data-attachment-id=\"58326\" data-orig-file=\"https:\/\/eltrabajo.cl\/portal\/wp-content\/uploads\/2015\/05\/Lectores1.jpg\" data-orig-size=\"530,348\" data-comments-opened=\"1\" data-image-meta=\"{&quot;aperture&quot;:&quot;0&quot;,&quot;credit&quot;:&quot;&quot;,&quot;camera&quot;:&quot;&quot;,&quot;caption&quot;:&quot;&quot;,&quot;created_timestamp&quot;:&quot;0&quot;,&quot;copyright&quot;:&quot;&quot;,&quot;focal_length&quot;:&quot;0&quot;,&quot;iso&quot;:&quot;0&quot;,&quot;shutter_speed&quot;:&quot;0&quot;,&quot;title&quot;:&quot;&quot;,&quot;orientation&quot;:&quot;0&quot;}\" data-image-title=\"Lectores1\" data-image-description=\"&lt;p&gt;CLUB LECTOR.- Los chicos del Club Lector Escolar mostraron a Diario El Trabajo su sala de lectura.&lt;\/p&gt; \" data-medium-file=\"https:\/\/i0.wp.com\/eltrabajo.cl\/portal\/wp-content\/uploads\/2015\/05\/Lectores1.jpg?fit=300%2C197&#038;ssl=1\" data-large-file=\"https:\/\/i0.wp.com\/eltrabajo.cl\/portal\/wp-content\/uploads\/2015\/05\/Lectores1.jpg?fit=530%2C348&#038;ssl=1\" src=\"https:\/\/i0.wp.com\/eltrabajo.cl\/portal\/wp-content\/uploads\/2015\/05\/Lectores1.jpg?w=243&#038;h=160&#038;ssl=1\" srcset=\"https:\/\/i0.wp.com\/eltrabajo.cl\/portal\/wp-content\/uploads\/2015\/05\/Lectores1.jpg?w=530&amp;ssl=1 530w, https:\/\/i0.wp.com\/eltrabajo.cl\/portal\/wp-content\/uploads\/2015\/05\/Lectores1.jpg?resize=200%2C131&amp;ssl=1 200w, https:\/\/i0.wp.com\/eltrabajo.cl\/portal\/wp-content\/uploads\/2015\/05\/Lectores1.jpg?resize=300%2C197&amp;ssl=1 300w, https:\/\/i0.wp.com\/eltrabajo.cl\/portal\/wp-content\/uploads\/2015\/05\/Lectores1.jpg?resize=228%2C150&amp;ssl=1 228w, https:\/\/i0.wp.com\/eltrabajo.cl\/portal\/wp-content\/uploads\/2015\/05\/Lectores1.jpg?resize=400%2C263&amp;ssl=1 400w\" width=\"243\" height=\"160\" loading=\"lazy\" data-original-width=\"243\" data-original-height=\"160\" itemprop=\"http:\/\/schema.org\/image\" title=\"Lectores1\" alt=\"CLUB LECTOR.- Los chicos del Club Lector Escolar mostraron a Diario El Trabajo su sala de lectura.\" style=\"width: 243px; height: 160px;\" \/> <\/a> <div class=\"tiled-gallery-caption\" itemprop=\"caption description\"> CLUB LECTOR.- Los chicos del Club Lector Escolar mostraron a Diario El Trabajo su sala de lectura. <\/div> <\/div> <\/div> <!-- close group --> <div class=\"gallery-group images-1\" style=\"width: 393px; height: 492px;\" data-original-width=\"393\" data-original-height=\"492\" > <div class=\"tiled-gallery-item tiled-gallery-item-large\" itemprop=\"associatedMedia\" itemscope itemtype=\"http:\/\/schema.org\/ImageObject\"> <a href=\"https:\/\/eltrabajo.cl\/portal\/peques-de-la-escuela-san-jose-entre-los-mas-organizados-de-la-comuna\/huerta-cole\/\" border=\"0\" itemprop=\"url\"> <meta itemprop=\"width\" content=\"389\"> <meta itemprop=\"height\" content=\"488\"> <img decoding=\"async\" class=\"\" data-attachment-id=\"58328\" data-orig-file=\"https:\/\/eltrabajo.cl\/portal\/wp-content\/uploads\/2015\/05\/HUERTA-COLE.jpg\" data-orig-size=\"529,665\" data-comments-opened=\"1\" data-image-meta=\"{&quot;aperture&quot;:&quot;0&quot;,&quot;credit&quot;:&quot;&quot;,&quot;camera&quot;:&quot;&quot;,&quot;caption&quot;:&quot;&quot;,&quot;created_timestamp&quot;:&quot;0&quot;,&quot;copyright&quot;:&quot;&quot;,&quot;focal_length&quot;:&quot;0&quot;,&quot;iso&quot;:&quot;0&quot;,&quot;shutter_speed&quot;:&quot;0&quot;,&quot;title&quot;:&quot;&quot;,&quot;orientation&quot;:&quot;0&quot;}\" data-image-title=\"HUERTA COLE\" data-image-description=\"&lt;p&gt;AGRICULTURA.- Esta es parte de la peque\u00f1a huerta escolar en donde los chicos aprenden a cultivar algunos alimentos.&lt;\/p&gt; \" data-medium-file=\"https:\/\/i0.wp.com\/eltrabajo.cl\/portal\/wp-content\/uploads\/2015\/05\/HUERTA-COLE.jpg?fit=239%2C300&#038;ssl=1\" data-large-file=\"https:\/\/i0.wp.com\/eltrabajo.cl\/portal\/wp-content\/uploads\/2015\/05\/HUERTA-COLE.jpg?fit=529%2C665&#038;ssl=1\" src=\"https:\/\/i0.wp.com\/eltrabajo.cl\/portal\/wp-content\/uploads\/2015\/05\/HUERTA-COLE.jpg?w=389&#038;h=488&#038;ssl=1\" srcset=\"https:\/\/i0.wp.com\/eltrabajo.cl\/portal\/wp-content\/uploads\/2015\/05\/HUERTA-COLE.jpg?w=529&amp;ssl=1 529w, https:\/\/i0.wp.com\/eltrabajo.cl\/portal\/wp-content\/uploads\/2015\/05\/HUERTA-COLE.jpg?resize=119%2C150&amp;ssl=1 119w, https:\/\/i0.wp.com\/eltrabajo.cl\/portal\/wp-content\/uploads\/2015\/05\/HUERTA-COLE.jpg?resize=239%2C300&amp;ssl=1 239w, https:\/\/i0.wp.com\/eltrabajo.cl\/portal\/wp-content\/uploads\/2015\/05\/HUERTA-COLE.jpg?resize=400%2C503&amp;ssl=1 400w\" width=\"389\" height=\"488\" loading=\"lazy\" data-original-width=\"389\" data-original-height=\"488\" itemprop=\"http:\/\/schema.org\/image\" title=\"HUERTA COLE\" alt=\"AGRICULTURA.- Esta es parte de la peque\u00f1a huerta escolar en donde los chicos aprenden a cultivar algunos alimentos.\" style=\"width: 389px; height: 488px;\" \/> <\/a> <div class=\"tiled-gallery-caption\" itemprop=\"caption description\"> AGRICULTURA.- Esta es parte de la peque\u00f1a huerta escolar en donde los chicos aprenden a cultivar algunos alimentos. <\/div> <\/div> <\/div> <!-- close group --> <\/div> <!-- close row --> <div class=\"gallery-row\" style=\"width: 640px; height: 422px;\" data-original-width=\"640\" data-original-height=\"422\" > <div class=\"gallery-group images-1\" style=\"width: 640px; height: 422px;\" data-original-width=\"640\" data-original-height=\"422\" > <div class=\"tiled-gallery-item tiled-gallery-item-large\" itemprop=\"associatedMedia\" itemscope itemtype=\"http:\/\/schema.org\/ImageObject\"> <a href=\"https:\/\/eltrabajo.cl\/portal\/peques-de-la-escuela-san-jose-entre-los-mas-organizados-de-la-comuna\/eugenio-celis\/\" border=\"0\" itemprop=\"url\"> <meta itemprop=\"width\" content=\"636\"> <meta itemprop=\"height\" content=\"418\"> <img decoding=\"async\" class=\"\" data-attachment-id=\"58325\" data-orig-file=\"https:\/\/eltrabajo.cl\/portal\/wp-content\/uploads\/2015\/05\/Eugenio-Celis.jpg\" data-orig-size=\"530,348\" data-comments-opened=\"1\" data-image-meta=\"{&quot;aperture&quot;:&quot;0&quot;,&quot;credit&quot;:&quot;&quot;,&quot;camera&quot;:&quot;&quot;,&quot;caption&quot;:&quot;&quot;,&quot;created_timestamp&quot;:&quot;0&quot;,&quot;copyright&quot;:&quot;&quot;,&quot;focal_length&quot;:&quot;0&quot;,&quot;iso&quot;:&quot;0&quot;,&quot;shutter_speed&quot;:&quot;0&quot;,&quot;title&quot;:&quot;&quot;,&quot;orientation&quot;:&quot;0&quot;}\" data-image-title=\"Eugenio Celis\" data-image-description=\"&lt;p&gt;Profesor Eugenio Celis Vega, director de la Escuela San Jos\u00e9 de Catemu.&lt;\/p&gt; \" data-medium-file=\"https:\/\/i0.wp.com\/eltrabajo.cl\/portal\/wp-content\/uploads\/2015\/05\/Eugenio-Celis.jpg?fit=300%2C197&#038;ssl=1\" data-large-file=\"https:\/\/i0.wp.com\/eltrabajo.cl\/portal\/wp-content\/uploads\/2015\/05\/Eugenio-Celis.jpg?fit=530%2C348&#038;ssl=1\" src=\"https:\/\/i0.wp.com\/eltrabajo.cl\/portal\/wp-content\/uploads\/2015\/05\/Eugenio-Celis.jpg?w=636&#038;h=418&#038;ssl=1\" srcset=\"https:\/\/i0.wp.com\/eltrabajo.cl\/portal\/wp-content\/uploads\/2015\/05\/Eugenio-Celis.jpg?w=530&amp;ssl=1 530w, https:\/\/i0.wp.com\/eltrabajo.cl\/portal\/wp-content\/uploads\/2015\/05\/Eugenio-Celis.jpg?resize=200%2C131&amp;ssl=1 200w, https:\/\/i0.wp.com\/eltrabajo.cl\/portal\/wp-content\/uploads\/2015\/05\/Eugenio-Celis.jpg?resize=300%2C197&amp;ssl=1 300w, https:\/\/i0.wp.com\/eltrabajo.cl\/portal\/wp-content\/uploads\/2015\/05\/Eugenio-Celis.jpg?resize=228%2C150&amp;ssl=1 228w, https:\/\/i0.wp.com\/eltrabajo.cl\/portal\/wp-content\/uploads\/2015\/05\/Eugenio-Celis.jpg?resize=400%2C263&amp;ssl=1 400w\" width=\"636\" height=\"418\" loading=\"lazy\" data-original-width=\"636\" data-original-height=\"418\" itemprop=\"http:\/\/schema.org\/image\" title=\"Eugenio Celis\" alt=\"Profesor Eugenio Celis Vega, director de la Escuela San Jos\u00e9 de Catemu.\" style=\"width: 636px; height: 418px;\" \/> <\/a> <div class=\"tiled-gallery-caption\" itemprop=\"caption description\"> Profesor Eugenio Celis Vega, director de la Escuela San Jos\u00e9 de Catemu. <\/div> <\/div> <\/div> <!-- close group --> <\/div> <!-- close row --> <\/div>\n","protected":false},"excerpt":{"rendered":"<p>CATEMU.&#8211; Ayer lunes la C\u00e1mara Viajera de Diario El Trabajo visit\u00f3 la Escuela San Jos\u00e9, ubicada en la poblaci\u00f3n del mismo nombre. Los ni\u00f1os y profesores atendieron con alegr\u00eda a nuestro medio,&#8230;<\/p>\n","protected":false},"author":482,"featured_media":58323,"comment_status":"open","ping_status":"open","sticky":false,"template":"","format":"standard","meta":{"advanced_seo_description":"","jetpack_seo_html_title":"","jetpack_seo_noindex":false,"_jetpack_memberships_contains_paid_content":false,"footnotes":""},"categories":[15],"tags":[],"class_list":["post-58322","post","type-post","status-publish","format-standard","has-post-thumbnail","hentry","category-comunidad"],"jetpack_featured_media_url":"https:\/\/i0.wp.com\/eltrabajo.cl\/portal\/wp-content\/uploads\/2015\/05\/Unicornio1.jpg?fit=530%2C350&ssl=1","jetpack_sharing_enabled":true,"jetpack_likes_enabled":true,"jetpack-related-posts":[],"_links":{"self":[{"href":"https:\/\/eltrabajo.cl\/portal\/wp-json\/wp\/v2\/posts\/58322","targetHints":{"allow":["GET"]}}],"collection":[{"href":"https:\/\/eltrabajo.cl\/portal\/wp-json\/wp\/v2\/posts"}],"about":[{"href":"https:\/\/eltrabajo.cl\/portal\/wp-json\/wp\/v2\/types\/post"}],"author":[{"embeddable":true,"href":"https:\/\/eltrabajo.cl\/portal\/wp-json\/wp\/v2\/users\/482"}],"replies":[{"embeddable":true,"href":"https:\/\/eltrabajo.cl\/portal\/wp-json\/wp\/v2\/comments?post=58322"}],"version-history":[{"count":0,"href":"https:\/\/eltrabajo.cl\/portal\/wp-json\/wp\/v2\/posts\/58322\/revisions"}],"wp:featuredmedia":[{"embeddable":true,"href":"https:\/\/eltrabajo.cl\/portal\/wp-json\/wp\/v2\/media\/58323"}],"wp:attachment":[{"href":"https:\/\/eltrabajo.cl\/portal\/wp-json\/wp\/v2\/media?parent=58322"}],"wp:term":[{"taxonomy":"category","embeddable":true,"href":"https:\/\/eltrabajo.cl\/portal\/wp-json\/wp\/v2\/categories?post=58322"},{"taxonomy":"post_tag","embeddable":true,"href":"https:\/\/eltrabajo.cl\/portal\/wp-json\/wp\/v2\/tags?post=58322"}],"curies":[{"name":"wp","href":"https:\/\/api.w.org\/{rel}","templated":true}]}}