{"id":58334,"date":"2015-05-26T09:25:23","date_gmt":"2015-05-26T12:25:23","guid":{"rendered":"http:\/\/www.eltrabajo.cl\/portal\/?p=58334"},"modified":"2015-05-26T09:25:23","modified_gmt":"2015-05-26T12:25:23","slug":"realizan-significativos-avances-en-trabajos-de-pavimentacion-y-veredas-en-sector-del-patagual","status":"publish","type":"post","link":"https:\/\/eltrabajo.cl\/portal\/realizan-significativos-avances-en-trabajos-de-pavimentacion-y-veredas-en-sector-del-patagual\/","title":{"rendered":"Realizan significativos avances en trabajos de pavimentaci\u00f3n y veredas en sector del Patagual"},"content":{"rendered":"<figure id=\"attachment_58335\" aria-describedby=\"caption-attachment-58335\" style=\"width: 300px\" class=\"wp-caption alignleft\"><a href=\"https:\/\/i0.wp.com\/www.eltrabajo.cl\/portal\/wp-content\/uploads\/2015\/05\/Pavimentos-Rinconada.jpg\"><img data-recalc-dims=\"1\" loading=\"lazy\" decoding=\"async\" class=\"wp-image-58335 size-medium\" src=\"https:\/\/i0.wp.com\/www.eltrabajo.cl\/portal\/wp-content\/uploads\/2015\/05\/Pavimentos-Rinconada-300x198.jpg?resize=300%2C198\" alt=\"El municipio est\u00e1 realizando diferentes obras, tanto en veredas como pavimentos, para que los vecinos del Patagual puedan esperar el invierno con mejor \u00e1nimo.\" width=\"300\" height=\"198\" srcset=\"https:\/\/i0.wp.com\/eltrabajo.cl\/portal\/wp-content\/uploads\/2015\/05\/Pavimentos-Rinconada.jpg?resize=300%2C198&amp;ssl=1 300w, https:\/\/i0.wp.com\/eltrabajo.cl\/portal\/wp-content\/uploads\/2015\/05\/Pavimentos-Rinconada.jpg?resize=200%2C132&amp;ssl=1 200w, https:\/\/i0.wp.com\/eltrabajo.cl\/portal\/wp-content\/uploads\/2015\/05\/Pavimentos-Rinconada.jpg?resize=227%2C150&amp;ssl=1 227w, https:\/\/i0.wp.com\/eltrabajo.cl\/portal\/wp-content\/uploads\/2015\/05\/Pavimentos-Rinconada.jpg?resize=400%2C264&amp;ssl=1 400w, https:\/\/i0.wp.com\/eltrabajo.cl\/portal\/wp-content\/uploads\/2015\/05\/Pavimentos-Rinconada.jpg?w=530&amp;ssl=1 530w\" sizes=\"auto, (max-width: 300px) 100vw, 300px\" \/><\/a><figcaption id=\"caption-attachment-58335\" class=\"wp-caption-text\">El municipio est\u00e1 realizando diferentes obras, tanto en veredas como pavimentos, para que los vecinos del Patagual puedan esperar el invierno con mejor \u00e1nimo.<\/figcaption><\/figure>\n<p><strong>RINCONADA.<\/strong>&#8211; Hace poco m\u00e1s de un mes comenzaron las obras de mejoramiento de calles en el sector del Patagual y ya presentan significativos avances. Autoridades visitaron el sector, manifestando que en unos 40 d\u00edas la pavimentaci\u00f3n deber\u00eda estar entregada por parte de la empresa, mientras que las veredas en un plazo de 20 d\u00edas.<br \/>\nLo que se realiza son obras de pavimentaci\u00f3n, colocaci\u00f3n de veredas, cambio de postes y en un par de semanas m\u00e1s el regado asf\u00e1ltico.<br \/>\nSi bien los vecinos han esperado por a\u00f1os cambios en el lugar donde viven, ahora est\u00e1n muy contentos pese a que los trabajos no est\u00e9n terminados, ya que el sector hoy se presenta de manera diferente. Los beneficiados manifiestan que en el verano deb\u00edan lidiar con el polvo que hasta entraba a sus casas, mientras que en el invierno, el barro los imposibilitaba de salir, sobre todo a los ni\u00f1os y adem\u00e1s ocasionaba accidentes.<br \/>\nUno de los vecinos del sector manifest\u00f3 que anteriormente se produc\u00edan muchos accidentes debido al barro y escombros y era una pasada muy inc\u00f3moda para los ni\u00f1os que iban a clases en per\u00edodo de invierno.<br \/>\n\u201cEl tema de la pavimentaci\u00f3n deber\u00eda estar listo por parte de la empresa en unos 30 o 40 d\u00edas, las veredas en unos 20 ya terminadas y el riego asf\u00e1ltico deber\u00eda comenzar en unos 30 d\u00edas m\u00e1s\u201d, sentenci\u00f3 Pedro Caballer\u00eda.<br \/>\nEstos trabajos mejoran considerablemente la calidad de vida de estos vecinos. Conversamos con Pedro Sanjurjo, residente del Patagual, quien manifest\u00f3 \u201ctodo esto me parece fant\u00e1stico, muchos a\u00f1os aguantamos el polvo y la tierra. Hoy esto est\u00e1 quedando maravilloso. Un tiempo atr\u00e1s mi nuera se fractur\u00f3 un pie producto del barro, hoy gracias a Dios no vamos a lamentar eso. Estamos contentos los vecinos ac\u00e1. Creo que se est\u00e1n usando bien los recursos, pero ha costado, el polvo entraba hasta las mismas casas. Ha sido bueno, esto es un progreso para toda la comunidad\u201d.<br \/>\nLos vecinos se\u00f1alan que estas obras de pavimentaci\u00f3n le dan un valor agregado a las casas, hasta se ve m\u00e1s ordenado. \u201cEste es un barrio humilde, de gente trabajadora, por algo uno vota por sus autoridades para que hagan algo por la comunidad\u201d, enfatiz\u00f3 Pedro Sanjurjo. Se espera que en un plazo m\u00e1ximo de dos meses est\u00e9 todo completamente terminado, antes de que lleguen las lluvias y que los vecinos del Patagual puedan disfrutar de manera distinta este invierno.<\/p>\n","protected":false},"excerpt":{"rendered":"<p>RINCONADA.&#8211; Hace poco m\u00e1s de un mes comenzaron las obras de mejoramiento de calles en el sector del Patagual y ya presentan significativos avances. Autoridades visitaron el sector, manifestando que en unos&#8230;<\/p>\n","protected":false},"author":482,"featured_media":58335,"comment_status":"open","ping_status":"open","sticky":false,"template":"","format":"standard","meta":{"advanced_seo_description":"","jetpack_seo_html_title":"","jetpack_seo_noindex":false,"_jetpack_memberships_contains_paid_content":false,"footnotes":""},"categories":[15],"tags":[],"class_list":["post-58334","post","type-post","status-publish","format-standard","has-post-thumbnail","hentry","category-comunidad"],"jetpack_featured_media_url":"https:\/\/i0.wp.com\/eltrabajo.cl\/portal\/wp-content\/uploads\/2015\/05\/Pavimentos-Rinconada.jpg?fit=530%2C350&ssl=1","jetpack_sharing_enabled":true,"jetpack_likes_enabled":true,"jetpack-related-posts":[],"_links":{"self":[{"href":"https:\/\/eltrabajo.cl\/portal\/wp-json\/wp\/v2\/posts\/58334","targetHints":{"allow":["GET"]}}],"collection":[{"href":"https:\/\/eltrabajo.cl\/portal\/wp-json\/wp\/v2\/posts"}],"about":[{"href":"https:\/\/eltrabajo.cl\/portal\/wp-json\/wp\/v2\/types\/post"}],"author":[{"embeddable":true,"href":"https:\/\/eltrabajo.cl\/portal\/wp-json\/wp\/v2\/users\/482"}],"replies":[{"embeddable":true,"href":"https:\/\/eltrabajo.cl\/portal\/wp-json\/wp\/v2\/comments?post=58334"}],"version-history":[{"count":0,"href":"https:\/\/eltrabajo.cl\/portal\/wp-json\/wp\/v2\/posts\/58334\/revisions"}],"wp:featuredmedia":[{"embeddable":true,"href":"https:\/\/eltrabajo.cl\/portal\/wp-json\/wp\/v2\/media\/58335"}],"wp:attachment":[{"href":"https:\/\/eltrabajo.cl\/portal\/wp-json\/wp\/v2\/media?parent=58334"}],"wp:term":[{"taxonomy":"category","embeddable":true,"href":"https:\/\/eltrabajo.cl\/portal\/wp-json\/wp\/v2\/categories?post=58334"},{"taxonomy":"post_tag","embeddable":true,"href":"https:\/\/eltrabajo.cl\/portal\/wp-json\/wp\/v2\/tags?post=58334"}],"curies":[{"name":"wp","href":"https:\/\/api.w.org\/{rel}","templated":true}]}}