{"id":58337,"date":"2015-05-26T09:27:27","date_gmt":"2015-05-26T12:27:27","guid":{"rendered":"http:\/\/www.eltrabajo.cl\/portal\/?p=58337"},"modified":"2015-05-26T09:27:27","modified_gmt":"2015-05-26T12:27:27","slug":"subvencion-presidencial-asigna-30-millones-para-limpiar-fosas-en-poblacion-pablo-neruda","status":"publish","type":"post","link":"https:\/\/eltrabajo.cl\/portal\/subvencion-presidencial-asigna-30-millones-para-limpiar-fosas-en-poblacion-pablo-neruda\/","title":{"rendered":"Subvenci\u00f3n presidencial asigna $30 millones para limpiar fosas en poblaci\u00f3n Pablo Neruda"},"content":{"rendered":"<figure id=\"attachment_58338\" aria-describedby=\"caption-attachment-58338\" style=\"width: 300px\" class=\"wp-caption alignleft\"><a href=\"https:\/\/i0.wp.com\/www.eltrabajo.cl\/portal\/wp-content\/uploads\/2015\/05\/Limpieza-de-fosas-1.jpg\"><img data-recalc-dims=\"1\" loading=\"lazy\" decoding=\"async\" class=\"wp-image-58338 size-medium\" src=\"https:\/\/i0.wp.com\/www.eltrabajo.cl\/portal\/wp-content\/uploads\/2015\/05\/Limpieza-de-fosas-1-300x197.jpg?resize=300%2C197\" alt=\"Son cerca de 100 las familias beneficiadas por la subvenci\u00f3n del estado de $30 millones que les permitir\u00e1 limpiar las fosas a lo menos por 10 meses.\" width=\"300\" height=\"197\" srcset=\"https:\/\/i0.wp.com\/eltrabajo.cl\/portal\/wp-content\/uploads\/2015\/05\/Limpieza-de-fosas-1.jpg?resize=300%2C197&amp;ssl=1 300w, https:\/\/i0.wp.com\/eltrabajo.cl\/portal\/wp-content\/uploads\/2015\/05\/Limpieza-de-fosas-1.jpg?resize=200%2C131&amp;ssl=1 200w, https:\/\/i0.wp.com\/eltrabajo.cl\/portal\/wp-content\/uploads\/2015\/05\/Limpieza-de-fosas-1.jpg?resize=228%2C150&amp;ssl=1 228w, https:\/\/i0.wp.com\/eltrabajo.cl\/portal\/wp-content\/uploads\/2015\/05\/Limpieza-de-fosas-1.jpg?resize=400%2C263&amp;ssl=1 400w, https:\/\/i0.wp.com\/eltrabajo.cl\/portal\/wp-content\/uploads\/2015\/05\/Limpieza-de-fosas-1.jpg?w=530&amp;ssl=1 530w\" sizes=\"auto, (max-width: 300px) 100vw, 300px\" \/><\/a><figcaption id=\"caption-attachment-58338\" class=\"wp-caption-text\">Son cerca de 100 las familias beneficiadas por la subvenci\u00f3n del estado de $30 millones que les permitir\u00e1 limpiar las fosas a lo menos por 10 meses.<\/figcaption><\/figure>\n<ul>\n<li><strong>Con esta asignaci\u00f3n, contrataron camiones que 1 vez al mes, har\u00e1 el retiro de las aguas residuales.<\/strong><\/li>\n<\/ul>\n<p><strong>LLAY LLAY.-<\/strong> Los vecinos de la poblaci\u00f3n Pablo Neruda se mostraron contentos con la subvenci\u00f3n presidencial que permitir\u00e1 mejorar su calidad de vida, luego de ser apoyados con la asignaci\u00f3n de un fondo de 30 millones de pesos que les permitir\u00e1 contratar camiones para la limpieza de las fosas que mantienen en sus viviendas, por los pr\u00f3ximos 10 meses.<br \/>\nFue el viernes pasado, cuando el Gobernador Eduardo Le\u00f3n, acompa\u00f1ados por profesionales del Servicio de Salud Aconcagua y el equipo de la Subvenci\u00f3n Presidencial arribaron hasta este lugar, para reunirse con los vecinos y monitorear la primera extracci\u00f3n de estos desechos.<\/p>\n<figure id=\"attachment_58339\" aria-describedby=\"caption-attachment-58339\" style=\"width: 300px\" class=\"wp-caption alignright\"><a href=\"https:\/\/i0.wp.com\/www.eltrabajo.cl\/portal\/wp-content\/uploads\/2015\/05\/Limpieza-de-fosas.jpg\"><img data-recalc-dims=\"1\" loading=\"lazy\" decoding=\"async\" class=\"wp-image-58339 size-medium\" src=\"https:\/\/i0.wp.com\/www.eltrabajo.cl\/portal\/wp-content\/uploads\/2015\/05\/Limpieza-de-fosas-300x197.jpg?resize=300%2C197\" alt=\"Una vez al mes los camiones limpiar\u00e1n las fosas de los residentes de la poblaci\u00f3n Pablo Neruda de Llay Llay.\" width=\"300\" height=\"197\" srcset=\"https:\/\/i0.wp.com\/eltrabajo.cl\/portal\/wp-content\/uploads\/2015\/05\/Limpieza-de-fosas.jpg?resize=300%2C197&amp;ssl=1 300w, https:\/\/i0.wp.com\/eltrabajo.cl\/portal\/wp-content\/uploads\/2015\/05\/Limpieza-de-fosas.jpg?resize=200%2C131&amp;ssl=1 200w, https:\/\/i0.wp.com\/eltrabajo.cl\/portal\/wp-content\/uploads\/2015\/05\/Limpieza-de-fosas.jpg?resize=228%2C150&amp;ssl=1 228w, https:\/\/i0.wp.com\/eltrabajo.cl\/portal\/wp-content\/uploads\/2015\/05\/Limpieza-de-fosas.jpg?resize=400%2C263&amp;ssl=1 400w, https:\/\/i0.wp.com\/eltrabajo.cl\/portal\/wp-content\/uploads\/2015\/05\/Limpieza-de-fosas.jpg?w=530&amp;ssl=1 530w\" sizes=\"auto, (max-width: 300px) 100vw, 300px\" \/><\/a><figcaption id=\"caption-attachment-58339\" class=\"wp-caption-text\">Una vez al mes los camiones limpiar\u00e1n las fosas de los residentes de la poblaci\u00f3n Pablo Neruda de Llay Llay.<\/figcaption><\/figure>\n<p>En la oportunidad, Mar\u00eda Jos\u00e9 Vergara, jefa de Departamento de Subvenciones Presidenciales, manifest\u00f3 que fue un proceso que se desarroll\u00f3 de forma r\u00e1pida. \u201cPara nosotros era relevante estar ac\u00e1, viene a culminar un proceso expr\u00e9s porque sab\u00edamos la necesidad y la emergencia que pod\u00eda desatarse en cualquier minuto ac\u00e1\u201d.<br \/>\nFue bastante tiempo en que vecinos y dirigentes tocaron puertas para solucionar esta complicaci\u00f3n que afecta a cerca de 100 familias del sector y que gracias a este beneficio, se logra dar respuesta en el corto plazo a los requerimientos de los que habitan esta villa. As\u00ed lo manifest\u00f3 Jos\u00e9 Garate, Presidente de la Junta de Vecinos de Poblaci\u00f3n Pablo Neruda, quien se\u00f1al\u00f3 que \u201cEstamos muy agradecidos que haya sido la misma Presidenta Bachelet las que nos est\u00e1 solucionando nuestro problema. Estamos apoyados por el Gobernador Eduardo Le\u00f3n, el municipio y el Servicio de Salud, as\u00ed que estamos felices\u201d.<br \/>\nPor su parte, la m\u00e1xima autoridad provincial, Eduardo Le\u00f3n, manifest\u00f3 que hace a\u00f1os existen problemas con los alcantarillados en la comuna, por lo que, con el municipio se est\u00e1 trabajando para darle respuesta a largo plazo, pero que en el corto tiempo, \u201cesta subvenci\u00f3n es bastante eficiente y simple, como lo es retirar las aguas servidas una vez al mes\u201d.<br \/>\nSin embargo, el Gobernador sabe que es necesaria una soluci\u00f3n intermedia \u201cel municipio est\u00e1 trabajando en una planta de tratamiento, que esperamos que en menos de un a\u00f1o est\u00e9 instalado y pueda abastecer al sector\u201d, soslay\u00f3 la autoridad.<\/p>\n","protected":false},"excerpt":{"rendered":"<p>Con esta asignaci\u00f3n, contrataron camiones que 1 vez al mes, har\u00e1 el retiro de las aguas residuales. LLAY LLAY.- Los vecinos de la poblaci\u00f3n Pablo Neruda se mostraron contentos con la subvenci\u00f3n&#8230;<\/p>\n","protected":false},"author":482,"featured_media":58338,"comment_status":"open","ping_status":"open","sticky":false,"template":"","format":"standard","meta":{"advanced_seo_description":"","jetpack_seo_html_title":"","jetpack_seo_noindex":false,"_jetpack_memberships_contains_paid_content":false,"footnotes":""},"categories":[15],"tags":[],"class_list":["post-58337","post","type-post","status-publish","format-standard","has-post-thumbnail","hentry","category-comunidad"],"jetpack_featured_media_url":"https:\/\/i0.wp.com\/eltrabajo.cl\/portal\/wp-content\/uploads\/2015\/05\/Limpieza-de-fosas-1.jpg?fit=530%2C348&ssl=1","jetpack_sharing_enabled":true,"jetpack_likes_enabled":true,"jetpack-related-posts":[],"_links":{"self":[{"href":"https:\/\/eltrabajo.cl\/portal\/wp-json\/wp\/v2\/posts\/58337","targetHints":{"allow":["GET"]}}],"collection":[{"href":"https:\/\/eltrabajo.cl\/portal\/wp-json\/wp\/v2\/posts"}],"about":[{"href":"https:\/\/eltrabajo.cl\/portal\/wp-json\/wp\/v2\/types\/post"}],"author":[{"embeddable":true,"href":"https:\/\/eltrabajo.cl\/portal\/wp-json\/wp\/v2\/users\/482"}],"replies":[{"embeddable":true,"href":"https:\/\/eltrabajo.cl\/portal\/wp-json\/wp\/v2\/comments?post=58337"}],"version-history":[{"count":0,"href":"https:\/\/eltrabajo.cl\/portal\/wp-json\/wp\/v2\/posts\/58337\/revisions"}],"wp:featuredmedia":[{"embeddable":true,"href":"https:\/\/eltrabajo.cl\/portal\/wp-json\/wp\/v2\/media\/58338"}],"wp:attachment":[{"href":"https:\/\/eltrabajo.cl\/portal\/wp-json\/wp\/v2\/media?parent=58337"}],"wp:term":[{"taxonomy":"category","embeddable":true,"href":"https:\/\/eltrabajo.cl\/portal\/wp-json\/wp\/v2\/categories?post=58337"},{"taxonomy":"post_tag","embeddable":true,"href":"https:\/\/eltrabajo.cl\/portal\/wp-json\/wp\/v2\/tags?post=58337"}],"curies":[{"name":"wp","href":"https:\/\/api.w.org\/{rel}","templated":true}]}}