{"id":58360,"date":"2015-05-27T09:35:15","date_gmt":"2015-05-27T12:35:15","guid":{"rendered":"http:\/\/www.eltrabajo.cl\/portal\/?p=58360"},"modified":"2015-05-27T09:35:15","modified_gmt":"2015-05-27T12:35:15","slug":"organizan-circulo-conversatorio-sobre-maternidad-en-el-san-camilo","status":"publish","type":"post","link":"https:\/\/eltrabajo.cl\/portal\/organizan-circulo-conversatorio-sobre-maternidad-en-el-san-camilo\/","title":{"rendered":"Organizan c\u00edrculo conversatorio sobre maternidad en el San Camilo"},"content":{"rendered":"<figure id=\"attachment_58361\" aria-describedby=\"caption-attachment-58361\" style=\"width: 300px\" class=\"wp-caption alignleft\"><a href=\"https:\/\/i0.wp.com\/www.eltrabajo.cl\/portal\/wp-content\/uploads\/2015\/05\/Grupal11.jpg\"><img data-recalc-dims=\"1\" loading=\"lazy\" decoding=\"async\" class=\"wp-image-58361 size-medium\" src=\"https:\/\/i0.wp.com\/www.eltrabajo.cl\/portal\/wp-content\/uploads\/2015\/05\/Grupal11-300x198.jpg?resize=300%2C198\" alt=\"La comunidad particip\u00f3 de esta exitosa experiencia dialogando en torno a la gestaci\u00f3n, el nacimiento y la crianza de los beb\u00e9s.\" width=\"300\" height=\"198\" srcset=\"https:\/\/i0.wp.com\/eltrabajo.cl\/portal\/wp-content\/uploads\/2015\/05\/Grupal11.jpg?resize=300%2C198&amp;ssl=1 300w, https:\/\/i0.wp.com\/eltrabajo.cl\/portal\/wp-content\/uploads\/2015\/05\/Grupal11.jpg?resize=200%2C132&amp;ssl=1 200w, https:\/\/i0.wp.com\/eltrabajo.cl\/portal\/wp-content\/uploads\/2015\/05\/Grupal11.jpg?resize=228%2C150&amp;ssl=1 228w, https:\/\/i0.wp.com\/eltrabajo.cl\/portal\/wp-content\/uploads\/2015\/05\/Grupal11.jpg?resize=400%2C263&amp;ssl=1 400w, https:\/\/i0.wp.com\/eltrabajo.cl\/portal\/wp-content\/uploads\/2015\/05\/Grupal11.jpg?w=530&amp;ssl=1 530w\" sizes=\"auto, (max-width: 300px) 100vw, 300px\" \/><\/a><figcaption id=\"caption-attachment-58361\" class=\"wp-caption-text\">La comunidad particip\u00f3 de esta exitosa experiencia dialogando en torno a la gestaci\u00f3n, el nacimiento y la crianza de los beb\u00e9s.<\/figcaption><\/figure>\n<p>Como una exitosa experiencia calificaron las asistentes el primer C\u00edrculo Conversatorio de gestaci\u00f3n, nacimiento y crianza, organizado por el Servicio de Maternidad del Hospital San Camilo, en donde participaron familias gestantes como aquellas que ya han tenido a sus beb\u00e9s.<br \/>\nLa actividad, cuyo objetivo fue abrir las puertas del servicio a la comunidad para hablar de estas tem\u00e1ticas, cont\u00f3 con la asistencia de unas 20 personas quienes acompa\u00f1adas de profesionales del servicio as\u00ed como tambi\u00e9n del Sistema Chile Crece Contigo, dialogaron en torno a las experiencias vividas, los miedos que se generan y tambi\u00e9n de lo que esperan de los servicios que participan de este hermoso proceso que es la gestaci\u00f3n y el nacimiento de un hijo.<br \/>\nLa iniciativa obedece a la conmemoraci\u00f3n de la semana mundial de parto respetado, y de acuerdo a Salom\u00e9 Poblete, Matrona Supervisora del Servicio de G\u00edneco Obstetricia, este dialogo fue muy productivo \u00abpara sensibilizar nuestras fortalezas en apoyo de este modelo de atenci\u00f3n, y a la vez, detectar las debilidades manifestadas por la comunidad de manera de poder mejorar lo existente y entregar un servicio cada vez m\u00e1s humano y acogedor\u00bb.<br \/>\nEn la oportunidad se revisaron experiencias nacionales y tambi\u00e9n internacionales, contrastando nuestro modelo con vivencias que dan cuenta de que es un proceso fuertemente influenciado por nuestra cultura, destacando que no existe un modelo mejor que otro, sino que justamente, todos dan cuenta de las creencias y expectativas que tienen sus protagonistas, siendo esto justamente el desaf\u00edo de todas las maternidades, de poder comprender y facilitar que cada usuaria se sienta plena y respetada en sus creencias y expectativas frente al parto.<\/p>\n","protected":false},"excerpt":{"rendered":"<p>Como una exitosa experiencia calificaron las asistentes el primer C\u00edrculo Conversatorio de gestaci\u00f3n, nacimiento y crianza, organizado por el Servicio de Maternidad del Hospital San Camilo, en donde participaron familias gestantes como&#8230;<\/p>\n","protected":false},"author":482,"featured_media":58361,"comment_status":"open","ping_status":"open","sticky":false,"template":"","format":"standard","meta":{"advanced_seo_description":"","jetpack_seo_html_title":"","jetpack_seo_noindex":false,"_jetpack_memberships_contains_paid_content":false,"footnotes":""},"categories":[15],"tags":[],"class_list":["post-58360","post","type-post","status-publish","format-standard","has-post-thumbnail","hentry","category-comunidad"],"jetpack_featured_media_url":"https:\/\/i0.wp.com\/eltrabajo.cl\/portal\/wp-content\/uploads\/2015\/05\/Grupal11.jpg?fit=530%2C349&ssl=1","jetpack_sharing_enabled":true,"jetpack_likes_enabled":true,"jetpack-related-posts":[],"_links":{"self":[{"href":"https:\/\/eltrabajo.cl\/portal\/wp-json\/wp\/v2\/posts\/58360","targetHints":{"allow":["GET"]}}],"collection":[{"href":"https:\/\/eltrabajo.cl\/portal\/wp-json\/wp\/v2\/posts"}],"about":[{"href":"https:\/\/eltrabajo.cl\/portal\/wp-json\/wp\/v2\/types\/post"}],"author":[{"embeddable":true,"href":"https:\/\/eltrabajo.cl\/portal\/wp-json\/wp\/v2\/users\/482"}],"replies":[{"embeddable":true,"href":"https:\/\/eltrabajo.cl\/portal\/wp-json\/wp\/v2\/comments?post=58360"}],"version-history":[{"count":0,"href":"https:\/\/eltrabajo.cl\/portal\/wp-json\/wp\/v2\/posts\/58360\/revisions"}],"wp:featuredmedia":[{"embeddable":true,"href":"https:\/\/eltrabajo.cl\/portal\/wp-json\/wp\/v2\/media\/58361"}],"wp:attachment":[{"href":"https:\/\/eltrabajo.cl\/portal\/wp-json\/wp\/v2\/media?parent=58360"}],"wp:term":[{"taxonomy":"category","embeddable":true,"href":"https:\/\/eltrabajo.cl\/portal\/wp-json\/wp\/v2\/categories?post=58360"},{"taxonomy":"post_tag","embeddable":true,"href":"https:\/\/eltrabajo.cl\/portal\/wp-json\/wp\/v2\/tags?post=58360"}],"curies":[{"name":"wp","href":"https:\/\/api.w.org\/{rel}","templated":true}]}}