{"id":58364,"date":"2015-05-27T09:36:41","date_gmt":"2015-05-27T12:36:41","guid":{"rendered":"http:\/\/www.eltrabajo.cl\/portal\/?p=58364"},"modified":"2015-05-27T09:56:23","modified_gmt":"2015-05-27T12:56:23","slug":"llegada-de-precipitaciones-causa-preocupacion-por-eventual-colapso-del-estero-seco","status":"publish","type":"post","link":"https:\/\/eltrabajo.cl\/portal\/llegada-de-precipitaciones-causa-preocupacion-por-eventual-colapso-del-estero-seco\/","title":{"rendered":"Llegada de lluvia causa preocupaci\u00f3n por eventual colapso del Estero Seco"},"content":{"rendered":"<figure id=\"attachment_58365\" aria-describedby=\"caption-attachment-58365\" style=\"width: 300px\" class=\"wp-caption alignleft\"><a href=\"https:\/\/i0.wp.com\/www.eltrabajo.cl\/portal\/wp-content\/uploads\/2015\/05\/ESTERO-SECO-2.jpg\"><img data-recalc-dims=\"1\" loading=\"lazy\" decoding=\"async\" class=\"wp-image-58365 size-medium\" src=\"https:\/\/i0.wp.com\/www.eltrabajo.cl\/portal\/wp-content\/uploads\/2015\/05\/ESTERO-SECO-2-300x197.jpg?resize=300%2C197\" alt=\"Las intensas lluvias podr\u00edan provocar estragos en las poblaciones aleda\u00f1as al Estero Seco debido a la acumulaci\u00f3n de agua en este muro.\" width=\"300\" height=\"197\" srcset=\"https:\/\/i0.wp.com\/eltrabajo.cl\/portal\/wp-content\/uploads\/2015\/05\/ESTERO-SECO-2.jpg?resize=300%2C197&amp;ssl=1 300w, https:\/\/i0.wp.com\/eltrabajo.cl\/portal\/wp-content\/uploads\/2015\/05\/ESTERO-SECO-2.jpg?resize=200%2C131&amp;ssl=1 200w, https:\/\/i0.wp.com\/eltrabajo.cl\/portal\/wp-content\/uploads\/2015\/05\/ESTERO-SECO-2.jpg?resize=228%2C150&amp;ssl=1 228w, https:\/\/i0.wp.com\/eltrabajo.cl\/portal\/wp-content\/uploads\/2015\/05\/ESTERO-SECO-2.jpg?resize=400%2C263&amp;ssl=1 400w, https:\/\/i0.wp.com\/eltrabajo.cl\/portal\/wp-content\/uploads\/2015\/05\/ESTERO-SECO-2.jpg?w=530&amp;ssl=1 530w\" sizes=\"auto, (max-width: 300px) 100vw, 300px\" \/><\/a><figcaption id=\"caption-attachment-58365\" class=\"wp-caption-text\">Las intensas lluvias podr\u00edan provocar estragos en las poblaciones aleda\u00f1as al Estero Seco debido a la acumulaci\u00f3n de agua en este muro.<\/figcaption><\/figure>\n<p><strong>PUTAENDO.<\/strong>&#8211; Bastante preocupaci\u00f3n existe entre vecinos y autoridades comunales por lo que podr\u00eda ocurrir ante la eventualidad de que se registren intensas precipitaciones, lo que originar\u00eda que el Estero Seco en Quebrada Herrera termine por colapsar e inundar un amplio sector de esa localidad.<br \/>\nHoy existe un camino que atraviesa por completo el Estero Seco en Quebrada Herrera, a la altura de la posta rural, camino que conduce a una propiedad privada y que tiene una altura cercana a los dos metros, con un ancho de a lo menos cinco metros.<br \/>\nEn esa zona el Estero Seco tiempo atr\u00e1s fue canalizado mediante el uso de maquinaria pesada enviada por la Direcci\u00f3n de Obras Hidr\u00e1ulicas, y seg\u00fan confirm\u00f3 a nuestro medio el Director de Obras de la Municipalidad de Putaendo, el propietario de la vivienda ubicada en la ribera poniente del Estero Seco, solicit\u00f3 a los operarios de esa maquinaria que no intervinieran la franja del camino en donde, adem\u00e1s instal\u00f3 la postaci\u00f3n el\u00e9ctrica que llega a su domicilio, lo que hoy se traduce en que pr\u00e1cticamente este camino qued\u00f3 convertido en una verdadera cortina o muro, que ante la crecida del Estero Seco generar\u00e1 que el agua comience a acumularse y se desbordar\u00e1 hacia una poblaci\u00f3n con consecuencias insospechadas.<br \/>\nAnte esta situaci\u00f3n, la primera autoridad comunal sostuvo que ya denunciaron los hechos ante la D.O.H y que se ver\u00e1n en la obligaci\u00f3n de derribar ese muro, porque existe un peligro real que se origine una verdadera represa, m\u00e1s a\u00fan si se toma en cuenta que los cerros ubicados en el sector El Arenal tienen grandes quebradas que son muy pronunciadas y evac\u00faan mucha agua hacia el Estero Seco, el que tiene la particularidad que el agua toma mucha velocidad por lo ya descrito y por la pendiente del estero.<br \/>\nSi bien es cierto, para este fin de semana pronosticaron s\u00f3lo lluvia d\u00e9bil, no es menos cierto que para las pr\u00f3ximas semanas podr\u00edan registrarse precipitaciones incluso intensas, y ciertamente hoy ese muro de piedras que qued\u00f3 en ese sector representa un peligro para varios vecinos que viven a orillas del Estero Seco en Quebrada Herrera.<br \/>\n<strong>Patricio Gallardo M.<\/strong><\/p>\n","protected":false},"excerpt":{"rendered":"<p>PUTAENDO.&#8211; Bastante preocupaci\u00f3n existe entre vecinos y autoridades comunales por lo que podr\u00eda ocurrir ante la eventualidad de que se registren intensas precipitaciones, lo que originar\u00eda que el Estero Seco en Quebrada&#8230;<\/p>\n","protected":false},"author":482,"featured_media":58365,"comment_status":"open","ping_status":"open","sticky":false,"template":"","format":"standard","meta":{"advanced_seo_description":"","jetpack_seo_html_title":"","jetpack_seo_noindex":false,"_jetpack_memberships_contains_paid_content":false,"footnotes":""},"categories":[15],"tags":[],"class_list":["post-58364","post","type-post","status-publish","format-standard","has-post-thumbnail","hentry","category-comunidad"],"jetpack_featured_media_url":"https:\/\/i0.wp.com\/eltrabajo.cl\/portal\/wp-content\/uploads\/2015\/05\/ESTERO-SECO-2.jpg?fit=530%2C348&ssl=1","jetpack_sharing_enabled":true,"jetpack_likes_enabled":true,"jetpack-related-posts":[],"_links":{"self":[{"href":"https:\/\/eltrabajo.cl\/portal\/wp-json\/wp\/v2\/posts\/58364","targetHints":{"allow":["GET"]}}],"collection":[{"href":"https:\/\/eltrabajo.cl\/portal\/wp-json\/wp\/v2\/posts"}],"about":[{"href":"https:\/\/eltrabajo.cl\/portal\/wp-json\/wp\/v2\/types\/post"}],"author":[{"embeddable":true,"href":"https:\/\/eltrabajo.cl\/portal\/wp-json\/wp\/v2\/users\/482"}],"replies":[{"embeddable":true,"href":"https:\/\/eltrabajo.cl\/portal\/wp-json\/wp\/v2\/comments?post=58364"}],"version-history":[{"count":0,"href":"https:\/\/eltrabajo.cl\/portal\/wp-json\/wp\/v2\/posts\/58364\/revisions"}],"wp:featuredmedia":[{"embeddable":true,"href":"https:\/\/eltrabajo.cl\/portal\/wp-json\/wp\/v2\/media\/58365"}],"wp:attachment":[{"href":"https:\/\/eltrabajo.cl\/portal\/wp-json\/wp\/v2\/media?parent=58364"}],"wp:term":[{"taxonomy":"category","embeddable":true,"href":"https:\/\/eltrabajo.cl\/portal\/wp-json\/wp\/v2\/categories?post=58364"},{"taxonomy":"post_tag","embeddable":true,"href":"https:\/\/eltrabajo.cl\/portal\/wp-json\/wp\/v2\/tags?post=58364"}],"curies":[{"name":"wp","href":"https:\/\/api.w.org\/{rel}","templated":true}]}}