{"id":5837,"date":"2011-11-08T09:39:10","date_gmt":"2011-11-08T13:39:10","guid":{"rendered":"http:\/\/www.eltrabajo.cl\/portal\/?p=5837"},"modified":"2011-11-08T09:39:10","modified_gmt":"2011-11-08T13:39:10","slug":"fusionan-dos-cursos-y-dejan-a-18-alumnos-sin-matricula-en-el-pumanque","status":"publish","type":"post","link":"https:\/\/eltrabajo.cl\/portal\/fusionan-dos-cursos-y-dejan-a-18-alumnos-sin-matricula-en-el-pumanque\/","title":{"rendered":"Fusionan dos cursos y dejan a 18 alumnos sin matr\u00edcula en el Pumanque"},"content":{"rendered":"<figure id=\"attachment_5839\" aria-describedby=\"caption-attachment-5839\" style=\"width: 600px\" class=\"wp-caption alignnone\"><a href=\"http:\/\/www.eltrabajo.cl\/portal\/archives\/5837\/mercedes-labra\" rel=\"attachment wp-att-5839\"><img data-recalc-dims=\"1\" loading=\"lazy\" decoding=\"async\" class=\"size-full wp-image-5839\" title=\"mercedes labra\" src=\"https:\/\/i0.wp.com\/www.eltrabajo.cl\/portal\/wp-content\/uploads\/2011\/11\/mercedes-labra.jpg?resize=600%2C450\" alt=\"\" width=\"600\" height=\"450\" srcset=\"https:\/\/i0.wp.com\/eltrabajo.cl\/portal\/wp-content\/uploads\/2011\/11\/mercedes-labra.jpg?w=600&amp;ssl=1 600w, https:\/\/i0.wp.com\/eltrabajo.cl\/portal\/wp-content\/uploads\/2011\/11\/mercedes-labra.jpg?resize=200%2C150&amp;ssl=1 200w, https:\/\/i0.wp.com\/eltrabajo.cl\/portal\/wp-content\/uploads\/2011\/11\/mercedes-labra.jpg?resize=300%2C225&amp;ssl=1 300w, https:\/\/i0.wp.com\/eltrabajo.cl\/portal\/wp-content\/uploads\/2011\/11\/mercedes-labra.jpg?resize=150%2C112&amp;ssl=1 150w, https:\/\/i0.wp.com\/eltrabajo.cl\/portal\/wp-content\/uploads\/2011\/11\/mercedes-labra.jpg?resize=400%2C300&amp;ssl=1 400w\" sizes=\"auto, (max-width: 600px) 100vw, 600px\" \/><\/a><figcaption id=\"caption-attachment-5839\" class=\"wp-caption-text\">Los apoderados reci\u00e9n recibieron la carta el pasado 27 de octubre, donde se indicaba la situaci\u00f3n.<\/figcaption><\/figure>\n<p>Dieciocho alumnos de los terceros medios del colegio Pumanque de San Felipe est\u00e1n siendo desvinculados del establecimiento debido a que la Direcci\u00f3n decidi\u00f3 dejar s\u00f3lo un cuarto medio para el a\u00f1o 2012, ya que al parecer no cuenta con la infraestructura necesaria para acoger a todos los alumnos.<\/p>\n<p>La informaci\u00f3n tiene sumamente molestos a los apoderados, quienes supieron a trav\u00e9s de una circular que les envi\u00f3 el Director reci\u00e9n el pasado 27 de octubre.<\/p>\n<p>Los apoderados se sienten discriminados y ven pasado a llevar el derecho a estudiar de los alumnos. Califican la situaci\u00f3n como irregular y por eso est\u00e1n pidiendo una explicaci\u00f3n a la direcci\u00f3n.<\/p>\n<p>Seg\u00fan Alejandro Mesa, apoderado del establecimiento, la explicaci\u00f3n entregada por la direcci\u00f3n dice relaci\u00f3n con la habilitaci\u00f3n de una sala de clases para equipos computacionales que ganaron en el proyecto Enlaces, lo que se har\u00eda efectivo el pr\u00f3ximo a\u00f1o, tal como se desprende de la nota enviada a los padres.<\/p>\n<p>\u00abEl a\u00f1o pasado la coordinaci\u00f3n regional del programa Enlaces nos inform\u00f3 la adjudicaci\u00f3n de 30 computadores y 6 proyectores data con su respectivo mobiliario, como cont\u00e1bamos en el centro informativo con 30 equipos para ser usados por 30 alumnos, nos vimos en la imperiosa obligaci\u00f3n de ceder la sala contigua al centro informativo, para tener all\u00ed 18 computadores m\u00e1s, perdiendo una sala para ese efecto, pero contando con 48 equipos para nuestros alumnos, tal es as\u00ed que para ese a\u00f1o se cre\u00f3 un solo cuarto a\u00f1o medio, a partir de los terceros a\u00f1os medios\u00bb.<\/p>\n<p>Los apoderados de los alumnos afectados rechazan esta medida, que estar\u00eda dejando sin establecimiento educacional a 18 alumnos, muchos de los cuales han estado muchos a\u00f1os en el colegio.<\/p>\n<p>Precisamente esa es la causal para dejar a los alumnos sin establecimiento, utilizando tres criterios como son promedio de notas, hoja de vida y asistencia a clases para decidir qui\u00e9nes siguen y qui\u00e9nes deben retirarse.<\/p>\n<p>\u00abLo que no se conlleva con el criterio que est\u00e1 aplicando, porque est\u00e1 el caso de dos alumnos que son gemelos y qued\u00f3 el que tiene m\u00e1s bajo promedio, y el de m\u00e1s alto promedio no tiene matr\u00edcula\u00bb, sostuvo Mesa.<\/p>\n<p>Otra de las apoderadas es Mercedes Labra, quien est\u00e1 bastante molesta con la situaci\u00f3n. Ella se\u00f1al\u00f3 que se entrevist\u00f3 con el director y \u00abme dijo: \u2018se\u00f1ora, no tome decisiones tan apresuradas, esperemos la lista de espera\u2019&#8230;, que confianza me da a mi teniendo a mi hijo en lista de espera si no tengo matr\u00edcula en otro colegio. Confi\u00e9 en el colegio para que saliera de cuarto medio y me dijo que mi hijo estaba complicado, mi hijo nunca ha estado condicional, nunca lo han suspendido, tiene antig\u00fcedad, no tiene mal promedio, en asistencia l\u00f3gico que los ni\u00f1os se enferman, entonces las explicaciones que me da a m\u00ed son tontas y absurdas\u00bb.<\/p>\n<p>Lo m\u00e1s complejo que se\u00f1alan los apoderados, es que los alumnos est\u00e1n siendo afectados por cuadros de depresi\u00f3n y angustia por la situaci\u00f3n que est\u00e1n viviendo, lo que significar\u00e1 que no se encuentren bien preparados para rendir los ex\u00e1menes a fin de a\u00f1o en todos los ramos.<\/p>\n<p>Esta situaci\u00f3n ha generado que los apoderados est\u00e9n contemplando el aspecto legal y posiblemente un recurso de protecci\u00f3n.<\/p>\n","protected":false},"excerpt":{"rendered":"<p>Dieciocho alumnos de los terceros medios del colegio Pumanque de San Felipe est\u00e1n siendo desvinculados del establecimiento debido a que la Direcci\u00f3n decidi\u00f3 dejar s\u00f3lo un cuarto medio para el a\u00f1o 2012,&#8230;<\/p>\n","protected":false},"author":482,"featured_media":5838,"comment_status":"open","ping_status":"open","sticky":false,"template":"","format":"standard","meta":{"advanced_seo_description":"","jetpack_seo_html_title":"","jetpack_seo_noindex":false,"_jetpack_memberships_contains_paid_content":false,"footnotes":""},"categories":[15],"tags":[],"class_list":["post-5837","post","type-post","status-publish","format-standard","has-post-thumbnail","hentry","category-comunidad"],"jetpack_featured_media_url":"https:\/\/i0.wp.com\/eltrabajo.cl\/portal\/wp-content\/uploads\/2011\/11\/alejandro-mesa.jpg?fit=600%2C450&ssl=1","jetpack_sharing_enabled":true,"jetpack_likes_enabled":true,"jetpack-related-posts":[],"_links":{"self":[{"href":"https:\/\/eltrabajo.cl\/portal\/wp-json\/wp\/v2\/posts\/5837","targetHints":{"allow":["GET"]}}],"collection":[{"href":"https:\/\/eltrabajo.cl\/portal\/wp-json\/wp\/v2\/posts"}],"about":[{"href":"https:\/\/eltrabajo.cl\/portal\/wp-json\/wp\/v2\/types\/post"}],"author":[{"embeddable":true,"href":"https:\/\/eltrabajo.cl\/portal\/wp-json\/wp\/v2\/users\/482"}],"replies":[{"embeddable":true,"href":"https:\/\/eltrabajo.cl\/portal\/wp-json\/wp\/v2\/comments?post=5837"}],"version-history":[{"count":0,"href":"https:\/\/eltrabajo.cl\/portal\/wp-json\/wp\/v2\/posts\/5837\/revisions"}],"wp:featuredmedia":[{"embeddable":true,"href":"https:\/\/eltrabajo.cl\/portal\/wp-json\/wp\/v2\/media\/5838"}],"wp:attachment":[{"href":"https:\/\/eltrabajo.cl\/portal\/wp-json\/wp\/v2\/media?parent=5837"}],"wp:term":[{"taxonomy":"category","embeddable":true,"href":"https:\/\/eltrabajo.cl\/portal\/wp-json\/wp\/v2\/categories?post=5837"},{"taxonomy":"post_tag","embeddable":true,"href":"https:\/\/eltrabajo.cl\/portal\/wp-json\/wp\/v2\/tags?post=5837"}],"curies":[{"name":"wp","href":"https:\/\/api.w.org\/{rel}","templated":true}]}}