{"id":58371,"date":"2015-05-27T09:40:00","date_gmt":"2015-05-27T12:40:00","guid":{"rendered":"http:\/\/www.eltrabajo.cl\/portal\/?p=58371"},"modified":"2015-05-27T09:55:36","modified_gmt":"2015-05-27T12:55:36","slug":"exigen-a-carabineros-mayor-rigurosidad-en-fiscalizacion-de-vendedores-ambulantes","status":"publish","type":"post","link":"https:\/\/eltrabajo.cl\/portal\/exigen-a-carabineros-mayor-rigurosidad-en-fiscalizacion-de-vendedores-ambulantes\/","title":{"rendered":"Exigen a Carabineros m\u00e1s rigurosidad al fiscalizar a vendedores ambulantes"},"content":{"rendered":"<figure id=\"attachment_58372\" aria-describedby=\"caption-attachment-58372\" style=\"width: 300px\" class=\"wp-caption alignleft\"><a href=\"https:\/\/i0.wp.com\/www.eltrabajo.cl\/portal\/wp-content\/uploads\/2015\/05\/trabajo-ambulante2.jpg\"><img data-recalc-dims=\"1\" loading=\"lazy\" decoding=\"async\" class=\"wp-image-58372 size-medium\" src=\"https:\/\/i0.wp.com\/www.eltrabajo.cl\/portal\/wp-content\/uploads\/2015\/05\/trabajo-ambulante2-300x197.jpg?resize=300%2C197\" alt=\"Vendedores andinos exigen al municipio y a Carabineros mayor rigurosidad en las fiscalizaciones de los comerciantes ambulantes que se tomaron las calles de la ciudad.\" width=\"300\" height=\"197\" srcset=\"https:\/\/i0.wp.com\/eltrabajo.cl\/portal\/wp-content\/uploads\/2015\/05\/trabajo-ambulante2.jpg?resize=300%2C197&amp;ssl=1 300w, https:\/\/i0.wp.com\/eltrabajo.cl\/portal\/wp-content\/uploads\/2015\/05\/trabajo-ambulante2.jpg?resize=200%2C131&amp;ssl=1 200w, https:\/\/i0.wp.com\/eltrabajo.cl\/portal\/wp-content\/uploads\/2015\/05\/trabajo-ambulante2.jpg?resize=228%2C150&amp;ssl=1 228w, https:\/\/i0.wp.com\/eltrabajo.cl\/portal\/wp-content\/uploads\/2015\/05\/trabajo-ambulante2.jpg?resize=400%2C263&amp;ssl=1 400w, https:\/\/i0.wp.com\/eltrabajo.cl\/portal\/wp-content\/uploads\/2015\/05\/trabajo-ambulante2.jpg?w=530&amp;ssl=1 530w\" sizes=\"auto, (max-width: 300px) 100vw, 300px\" \/><\/a><figcaption id=\"caption-attachment-58372\" class=\"wp-caption-text\">Vendedores andinos exigen al municipio y a Carabineros mayor rigurosidad en las fiscalizaciones de los comerciantes ambulantes que se tomaron las calles de la ciudad.<\/figcaption><\/figure>\n<ul>\n<li><strong>Comerciantes de la v\u00eda p\u00fablica autorizados se reunieron con el alcalde a fin de desarrollar acciones concretas contra el comercio ilegal.<\/strong><\/li>\n<\/ul>\n<p><strong>LOS ANDES.-<\/strong> Los comerciantes establecidos en la v\u00eda p\u00fablica del centro de la ciudad expresaron su preocupaci\u00f3n por la llegada de ambulantes provenientes de Santiago y la Quinta Regi\u00f3n sin que exista a su juicio una adecuada fiscalizaci\u00f3n y control por parte del municipio.<br \/>\nEn tal sentido, el Presidente del Sindicato de Comerciantes de la V\u00eda P\u00fablica, Marcos Morales, dijo que sostuvieron un encuentro con el alcalde Navarro a fin de darle a conocer la inquietud del gremio por esta situaci\u00f3n que se viene arrastrando desde hace un tiempo a esta parte.<br \/>\n\u201cNecesitamos mayor fiscalizaci\u00f3n por parte de la municipalidad, ya que incluso yo he visto que Carabineros pasa por delante los ambulantes y no se les dice nada, o sea falta mayor rigurosidad en el control y por eso le hicimos una petici\u00f3n al alcalde para que hable con el Mayor de Carabineros y sea fiscalizada toda esta gente que ya los d\u00edas de semana se toma calle Esmeralda entre Santa Rosa y Papudo\u201d, aleg\u00f3.<br \/>\nMorales puntualiz\u00f3 que muchos de estos ambulantes que llegan desde fuera incurren en delitos como la infracci\u00f3n de la ley de propiedad intelectual, tal como ocurri\u00f3 hace unos d\u00edas cuando Carabineros incaut\u00f3 ropa falsificada de reconocidas marcas que eran vendidas en la calle por estas personas.<br \/>\nPor su parte, el alcalde Mauricio Navarro, sostuvo que se ha hecho un trabajo sistem\u00e1tico con el comercio ambulante local en cuanto a su ordenamiento que los beneficia de manera significativa, tanto a ellos como a la comunidad, \u201csin embargo, este trabajo tambi\u00e9n implica un proceso de fiscalizaci\u00f3n y por esta raz\u00f3n desde hace un a\u00f1o y medio atr\u00e1s, dentro de este proceso, se entregaron credenciales en las cuales se identificaba a cada uno de los comerciantes y adem\u00e1s se registraban fotogr\u00e1ficamente cada uno de ellos con la finalidad de facilitar la fiscalizaci\u00f3n y dar garant\u00edas a las comunidad respecto al trabajo que estaban realizando, pero hoy vemos que es necesario reforzar este trabajo\u201d.<br \/>\nEl alcalde sostuvo que buscar\u00e1n que la Unidad de Inspecci\u00f3n Municipal en conjunto con Carabineros puedan desarrollar un trabajo m\u00e1s intenso ante la llegada de personas provenientes de otras ciudades que sin ninguna autorizaci\u00f3n o permiso est\u00e1n efectuando esta actividad, \u201cy como no est\u00e1n registrados ante la municipalidad no generan seguridad y confianza respecto de la actividad que desarrollan y es por esta raz\u00f3n que hemos concordado este trabajo conjunto\u201d.<br \/>\nAgreg\u00f3 que esperan junto a Carabineros poder intensificar esta fiscalizaci\u00f3n del comercio ambulante for\u00e1neo, \u201cpor lo que las personas que ejercen este comercio sin ninguna autorizaci\u00f3n deben dejar de hacerlo\u201d.<\/p>\n","protected":false},"excerpt":{"rendered":"<p>Comerciantes de la v\u00eda p\u00fablica autorizados se reunieron con el alcalde a fin de desarrollar acciones concretas contra el comercio ilegal. LOS ANDES.- Los comerciantes establecidos en la v\u00eda p\u00fablica del centro&#8230;<\/p>\n","protected":false},"author":482,"featured_media":58372,"comment_status":"open","ping_status":"open","sticky":false,"template":"","format":"standard","meta":{"advanced_seo_description":"","jetpack_seo_html_title":"","jetpack_seo_noindex":false,"_jetpack_memberships_contains_paid_content":false,"footnotes":""},"categories":[15],"tags":[],"class_list":["post-58371","post","type-post","status-publish","format-standard","has-post-thumbnail","hentry","category-comunidad"],"jetpack_featured_media_url":"https:\/\/i0.wp.com\/eltrabajo.cl\/portal\/wp-content\/uploads\/2015\/05\/trabajo-ambulante2.jpg?fit=530%2C348&ssl=1","jetpack_sharing_enabled":true,"jetpack_likes_enabled":true,"jetpack-related-posts":[],"_links":{"self":[{"href":"https:\/\/eltrabajo.cl\/portal\/wp-json\/wp\/v2\/posts\/58371","targetHints":{"allow":["GET"]}}],"collection":[{"href":"https:\/\/eltrabajo.cl\/portal\/wp-json\/wp\/v2\/posts"}],"about":[{"href":"https:\/\/eltrabajo.cl\/portal\/wp-json\/wp\/v2\/types\/post"}],"author":[{"embeddable":true,"href":"https:\/\/eltrabajo.cl\/portal\/wp-json\/wp\/v2\/users\/482"}],"replies":[{"embeddable":true,"href":"https:\/\/eltrabajo.cl\/portal\/wp-json\/wp\/v2\/comments?post=58371"}],"version-history":[{"count":0,"href":"https:\/\/eltrabajo.cl\/portal\/wp-json\/wp\/v2\/posts\/58371\/revisions"}],"wp:featuredmedia":[{"embeddable":true,"href":"https:\/\/eltrabajo.cl\/portal\/wp-json\/wp\/v2\/media\/58372"}],"wp:attachment":[{"href":"https:\/\/eltrabajo.cl\/portal\/wp-json\/wp\/v2\/media?parent=58371"}],"wp:term":[{"taxonomy":"category","embeddable":true,"href":"https:\/\/eltrabajo.cl\/portal\/wp-json\/wp\/v2\/categories?post=58371"},{"taxonomy":"post_tag","embeddable":true,"href":"https:\/\/eltrabajo.cl\/portal\/wp-json\/wp\/v2\/tags?post=58371"}],"curies":[{"name":"wp","href":"https:\/\/api.w.org\/{rel}","templated":true}]}}