{"id":58374,"date":"2015-05-27T09:40:54","date_gmt":"2015-05-27T12:40:54","guid":{"rendered":"http:\/\/www.eltrabajo.cl\/portal\/?p=58374"},"modified":"2015-05-27T09:40:54","modified_gmt":"2015-05-27T12:40:54","slug":"cinco-escuelas-rurales-se-beneficiaran-con-programa-internet-rural","status":"publish","type":"post","link":"https:\/\/eltrabajo.cl\/portal\/cinco-escuelas-rurales-se-beneficiaran-con-programa-internet-rural\/","title":{"rendered":"Cinco escuelas rurales se beneficiar\u00e1n con programa \u2018Internet rural\u2019"},"content":{"rendered":"<figure id=\"attachment_58375\" aria-describedby=\"caption-attachment-58375\" style=\"width: 300px\" class=\"wp-caption alignleft\"><a href=\"https:\/\/i0.wp.com\/www.eltrabajo.cl\/portal\/wp-content\/uploads\/2015\/05\/internet-rural-2.jpg\"><img data-recalc-dims=\"1\" loading=\"lazy\" decoding=\"async\" class=\"wp-image-58375 size-medium\" src=\"https:\/\/i0.wp.com\/www.eltrabajo.cl\/portal\/wp-content\/uploads\/2015\/05\/internet-rural-2-300x198.jpg?resize=300%2C198\" alt=\"El programa \u2018Internet rural\u2019 permite de dotar de internet inal\u00e1mbrico a cinco establecimientos educacionales rurales de la comuna.\" width=\"300\" height=\"198\" srcset=\"https:\/\/i0.wp.com\/eltrabajo.cl\/portal\/wp-content\/uploads\/2015\/05\/internet-rural-2.jpg?resize=300%2C198&amp;ssl=1 300w, https:\/\/i0.wp.com\/eltrabajo.cl\/portal\/wp-content\/uploads\/2015\/05\/internet-rural-2.jpg?resize=200%2C132&amp;ssl=1 200w, https:\/\/i0.wp.com\/eltrabajo.cl\/portal\/wp-content\/uploads\/2015\/05\/internet-rural-2.jpg?resize=228%2C150&amp;ssl=1 228w, https:\/\/i0.wp.com\/eltrabajo.cl\/portal\/wp-content\/uploads\/2015\/05\/internet-rural-2.jpg?resize=400%2C263&amp;ssl=1 400w, https:\/\/i0.wp.com\/eltrabajo.cl\/portal\/wp-content\/uploads\/2015\/05\/internet-rural-2.jpg?w=530&amp;ssl=1 530w\" sizes=\"auto, (max-width: 300px) 100vw, 300px\" \/><\/a><figcaption id=\"caption-attachment-58375\" class=\"wp-caption-text\">El programa \u2018Internet rural\u2019 permite de dotar de internet inal\u00e1mbrico a cinco establecimientos educacionales rurales de la comuna.<\/figcaption><\/figure>\n<p>Un innovador programa ya est\u00e1 siendo ejecutado por la Direcci\u00f3n de Educaci\u00f3n Municipal de San Felipe, y que permite de dotar de internet inal\u00e1mbrico a cinco establecimientos educacionales rurales de la comuna.<br \/>\nLa iniciativa, denominada \u2018Internet Rural\u2019 que naci\u00f3 en el a\u00f1o 2010, en sus inicios logr\u00f3 dotar de esta importante herramienta de desarrollo, a las escuelas Carolina Ocampo de Bellavista, Jos\u00e9 Bernardo Suarez de El Asiento y Heriberto Berm\u00fadez de El Algarrobal, sectores que durante muchos a\u00f1os no pod\u00edan acceder a las ventajas del internet, por falta de instalaciones de las empresas distribuidoras.<br \/>\nCon el paso de los a\u00f1os, y gracias al esfuerzo del personal inform\u00e1tico de esta repartici\u00f3n municipal, logr\u00f3 incluirse a las escuelas Mateo Cokjlat de Tierras Blancas y Bucalemu, esta \u00faltima distante a unos quince quil\u00f3metros del cerro El Sauzal, ubicado en el sector de Punta del Olivo.<br \/>\nYohann Escobar Carvajal, encargado del departamento de inform\u00e1tica de la Daem, entreg\u00f3 detalles sobre este importante adelanto, se\u00f1alando que \u201cesto fue gracias a recursos obtenidos del Fondo de Apoyo a la Educaci\u00f3n P\u00fablica (Faep 2014) y hoy nos permite entregar internet a las escuelas rurales de nuestra comuna, proyecto que fue respaldado por nuestro director de la Daem, con los buenos resultados que hoy tenemos, y el sistema funciona con equipos de alta gama, iniciando la se\u00f1al su recorrido desde el cerro El Sauzal, ubicado en Punta del Olivo, la que es registrada en las dependencias de inform\u00e1tica de la Daem, para finalmente ser distribuida a estos cinco establecimientos educacionales, contando con una gran estabilidad y rapidez de conexi\u00f3n, lo que permite entregar ocho megas efectivos de navegaci\u00f3n, permitiendo trabajar con una mayor cantidad de ni\u00f1os y ni\u00f1as en aula\u201d.<br \/>\nEn tanto, Iv\u00e1n Silva Padilla, director de Daem San Felipe, destac\u00f3 esta iniciativa, se\u00f1alando que \u201cno podemos quedarnos al margen de lo que es el avance de la tecnolog\u00eda, sabemos que esta es una herramienta necesaria para que los alumnos, puedan complementar sus avances en la sala de clases, por lo que con esto, se da cumplimiento a lo especificado por nuestro alcalde Patricio Freire, en materias de mejora tecnol\u00f3gicas en nuestros establecimientos, para que estos sean cada d\u00eda, una mejor alternativa para las familia de nuestra comuna, siendo este, nuestro principal compromiso\u201d.<\/p>\n","protected":false},"excerpt":{"rendered":"<p>Un innovador programa ya est\u00e1 siendo ejecutado por la Direcci\u00f3n de Educaci\u00f3n Municipal de San Felipe, y que permite de dotar de internet inal\u00e1mbrico a cinco establecimientos educacionales rurales de la comuna&#8230;.<\/p>\n","protected":false},"author":482,"featured_media":58375,"comment_status":"open","ping_status":"open","sticky":false,"template":"","format":"standard","meta":{"advanced_seo_description":"","jetpack_seo_html_title":"","jetpack_seo_noindex":false,"_jetpack_memberships_contains_paid_content":false,"footnotes":""},"categories":[15],"tags":[],"class_list":["post-58374","post","type-post","status-publish","format-standard","has-post-thumbnail","hentry","category-comunidad"],"jetpack_featured_media_url":"https:\/\/i0.wp.com\/eltrabajo.cl\/portal\/wp-content\/uploads\/2015\/05\/internet-rural-2.jpg?fit=530%2C349&ssl=1","jetpack_sharing_enabled":true,"jetpack_likes_enabled":true,"jetpack-related-posts":[],"_links":{"self":[{"href":"https:\/\/eltrabajo.cl\/portal\/wp-json\/wp\/v2\/posts\/58374","targetHints":{"allow":["GET"]}}],"collection":[{"href":"https:\/\/eltrabajo.cl\/portal\/wp-json\/wp\/v2\/posts"}],"about":[{"href":"https:\/\/eltrabajo.cl\/portal\/wp-json\/wp\/v2\/types\/post"}],"author":[{"embeddable":true,"href":"https:\/\/eltrabajo.cl\/portal\/wp-json\/wp\/v2\/users\/482"}],"replies":[{"embeddable":true,"href":"https:\/\/eltrabajo.cl\/portal\/wp-json\/wp\/v2\/comments?post=58374"}],"version-history":[{"count":0,"href":"https:\/\/eltrabajo.cl\/portal\/wp-json\/wp\/v2\/posts\/58374\/revisions"}],"wp:featuredmedia":[{"embeddable":true,"href":"https:\/\/eltrabajo.cl\/portal\/wp-json\/wp\/v2\/media\/58375"}],"wp:attachment":[{"href":"https:\/\/eltrabajo.cl\/portal\/wp-json\/wp\/v2\/media?parent=58374"}],"wp:term":[{"taxonomy":"category","embeddable":true,"href":"https:\/\/eltrabajo.cl\/portal\/wp-json\/wp\/v2\/categories?post=58374"},{"taxonomy":"post_tag","embeddable":true,"href":"https:\/\/eltrabajo.cl\/portal\/wp-json\/wp\/v2\/tags?post=58374"}],"curies":[{"name":"wp","href":"https:\/\/api.w.org\/{rel}","templated":true}]}}