{"id":58380,"date":"2015-05-27T09:46:51","date_gmt":"2015-05-27T12:46:51","guid":{"rendered":"http:\/\/www.eltrabajo.cl\/portal\/?p=58380"},"modified":"2015-05-27T09:46:51","modified_gmt":"2015-05-27T12:46:51","slug":"con-distintas-actividades-celebraran-los-177-anos-de-liceo-roberto-humeres","status":"publish","type":"post","link":"https:\/\/eltrabajo.cl\/portal\/con-distintas-actividades-celebraran-los-177-anos-de-liceo-roberto-humeres\/","title":{"rendered":"Con distintas actividades celebrar\u00e1n los 177 a\u00f1os de Liceo Roberto Humeres"},"content":{"rendered":"<figure id=\"attachment_58381\" aria-describedby=\"caption-attachment-58381\" style=\"width: 300px\" class=\"wp-caption alignleft\"><a href=\"https:\/\/i0.wp.com\/www.eltrabajo.cl\/portal\/wp-content\/uploads\/2015\/05\/corrida-familiar.jpg\"><img data-recalc-dims=\"1\" loading=\"lazy\" decoding=\"async\" class=\"wp-image-58381 size-medium\" src=\"https:\/\/i0.wp.com\/www.eltrabajo.cl\/portal\/wp-content\/uploads\/2015\/05\/corrida-familiar-300x198.jpg?resize=300%2C198\" alt=\"Este s\u00e1bado 30 de mayo, a las 10 de la ma\u00f1ana, se realizar\u00e1 una corrida familiar que iniciar\u00e1 en la plaza c\u00edvica.\" width=\"300\" height=\"198\" srcset=\"https:\/\/i0.wp.com\/eltrabajo.cl\/portal\/wp-content\/uploads\/2015\/05\/corrida-familiar.jpg?resize=300%2C198&amp;ssl=1 300w, https:\/\/i0.wp.com\/eltrabajo.cl\/portal\/wp-content\/uploads\/2015\/05\/corrida-familiar.jpg?resize=200%2C132&amp;ssl=1 200w, https:\/\/i0.wp.com\/eltrabajo.cl\/portal\/wp-content\/uploads\/2015\/05\/corrida-familiar.jpg?resize=228%2C150&amp;ssl=1 228w, https:\/\/i0.wp.com\/eltrabajo.cl\/portal\/wp-content\/uploads\/2015\/05\/corrida-familiar.jpg?resize=400%2C263&amp;ssl=1 400w, https:\/\/i0.wp.com\/eltrabajo.cl\/portal\/wp-content\/uploads\/2015\/05\/corrida-familiar.jpg?w=530&amp;ssl=1 530w\" sizes=\"auto, (max-width: 300px) 100vw, 300px\" \/><\/a><figcaption id=\"caption-attachment-58381\" class=\"wp-caption-text\">Este s\u00e1bado 30 de mayo, a las 10 de la ma\u00f1ana, se realizar\u00e1 una corrida familiar que iniciar\u00e1 en la plaza c\u00edvica.<\/figcaption><\/figure>\n<p>Una amplia gama de actividades estar\u00e1 desarrollando a partir de este fin de semana, la comunidad educativa del liceo Roberto Humeres Oyaneder de la comuna de San Felipe, esto con motivo de la celebraci\u00f3n de su aniversario 177, lo que lo ubica dentro de los cuatro establecimientos educacionales m\u00e1s antiguos del pa\u00eds.<br \/>\nLas actividades inician este s\u00e1bado 30 de mayo a las 9:30 horas con el calentamiento previo, a cargo del instructor de zumba Pablo Osorio, para dar paso a la gran corrida familiar, que partir\u00e1 a las 10 de la ma\u00f1ana y que se dividir\u00e1 en tres series, de tres, cinco y diez kil\u00f3metros, teniendo como punto de partida, la plaza c\u00edvica.<br \/>\nPosteriormente, el d\u00eda domingo 31 de mayo, el establecimiento participar\u00e1 en el d\u00eda del Patrimonio, el que contempla un recorrido que partir\u00e1 en el teatro Roberto Barraza Moreno, para continuar por el laboratorio de ciencias, finalizando en el museo del establecimiento, oportunidad en que tambi\u00e9n se instalar\u00e1 un stand representativo en la plaza de armas.<br \/>\nEl d\u00eda jueves cuatro de junio en tanto, se efectuar\u00e1n las celebraciones propias de los estudiantes, con variadas y entretenidas actividades, para continuar el d\u00eda cinco, con la realizaci\u00f3n el acto oficial, el que comenzar\u00e1 a las 11 horas, en el teatro Roberto Barraza Moreno, para finalmente el d\u00eda seis de junio, realizar la ceremonia con los ex alumnos, en donde posteriormente se desarrollar\u00e1 el tradicional desfile, culminando la jornada con un almuerzo de camarader\u00eda.<br \/>\nRomina Fumey Abarz\u00faa, directora del establecimiento, destac\u00f3 esta importante fecha para la comunidad liceana, se\u00f1alando que \u00absomos uno de los cuatro establecimientos m\u00e1s antiguos del pa\u00eds, por lo que la invitaci\u00f3n es a que toda la comunidad de San Felipe se adhiera a esta celebraci\u00f3n, la que comenzar\u00e1 con esta gran actividad deportiva, la que tendr\u00e1 un costo de inscripci\u00f3n de tres mil pesos, lo que incluye el n\u00famero de participaci\u00f3n y una camiseta de competencia, que recuerda los 177 a\u00f1os de nuestra querida instituci\u00f3n, pero el tema central, es la importancia que tiene nuestro establecimiento, en la formaci\u00f3n de tantas generaciones, quienes orgullosos, pueden se\u00f1alar que fueron parte de este establecimiento, en el que hoy, continuamos trabajando, para formar valores y principios\u00bb.<br \/>\nLa corrida est\u00e1 dividida en 3, 5 y 10 K, los que contemplan en el primer circuito la salida desde la plaza c\u00edvica, calle Salinas, las Alamedas Bernardo O\u2019Higgins, Yungay, Chacabuco, calle Salinas, terminando en la plaza c\u00edvica. Los 5 K en tanto contemplan la salida desde la plaza c\u00edvica, calle Salinas, alamedas Bernardo O\u2019Higgins, Yungay, Chacabuco, Maip\u00fa, O\u2019Higgins, calle Combate de las Coimas, calle Prat, calle Salinas y terminando en la plaza c\u00edvica. Mientras que los 10 K recorrer\u00e1n desde la plaza c\u00edvica, calle Salinas, alamedas Bernardo O\u2019Higgins, Yungay, Calle Bernardo Cruz, Avda. Hermanos Carrera, Avda. Miraflores, rotonda Almendral, la Troya (calle salvador Gallardo), calle Los Molles, Abraham Ahumada, calle uno, Salinas para finalizar en la plaza c\u00edvica.<\/p>\n","protected":false},"excerpt":{"rendered":"<p>Una amplia gama de actividades estar\u00e1 desarrollando a partir de este fin de semana, la comunidad educativa del liceo Roberto Humeres Oyaneder de la comuna de San Felipe, esto con motivo de&#8230;<\/p>\n","protected":false},"author":482,"featured_media":58381,"comment_status":"open","ping_status":"open","sticky":false,"template":"","format":"standard","meta":{"advanced_seo_description":"","jetpack_seo_html_title":"","jetpack_seo_noindex":false,"_jetpack_memberships_contains_paid_content":false,"footnotes":""},"categories":[15],"tags":[],"class_list":["post-58380","post","type-post","status-publish","format-standard","has-post-thumbnail","hentry","category-comunidad"],"jetpack_featured_media_url":"https:\/\/i0.wp.com\/eltrabajo.cl\/portal\/wp-content\/uploads\/2015\/05\/corrida-familiar.jpg?fit=530%2C349&ssl=1","jetpack_sharing_enabled":true,"jetpack_likes_enabled":true,"jetpack-related-posts":[],"_links":{"self":[{"href":"https:\/\/eltrabajo.cl\/portal\/wp-json\/wp\/v2\/posts\/58380","targetHints":{"allow":["GET"]}}],"collection":[{"href":"https:\/\/eltrabajo.cl\/portal\/wp-json\/wp\/v2\/posts"}],"about":[{"href":"https:\/\/eltrabajo.cl\/portal\/wp-json\/wp\/v2\/types\/post"}],"author":[{"embeddable":true,"href":"https:\/\/eltrabajo.cl\/portal\/wp-json\/wp\/v2\/users\/482"}],"replies":[{"embeddable":true,"href":"https:\/\/eltrabajo.cl\/portal\/wp-json\/wp\/v2\/comments?post=58380"}],"version-history":[{"count":0,"href":"https:\/\/eltrabajo.cl\/portal\/wp-json\/wp\/v2\/posts\/58380\/revisions"}],"wp:featuredmedia":[{"embeddable":true,"href":"https:\/\/eltrabajo.cl\/portal\/wp-json\/wp\/v2\/media\/58381"}],"wp:attachment":[{"href":"https:\/\/eltrabajo.cl\/portal\/wp-json\/wp\/v2\/media?parent=58380"}],"wp:term":[{"taxonomy":"category","embeddable":true,"href":"https:\/\/eltrabajo.cl\/portal\/wp-json\/wp\/v2\/categories?post=58380"},{"taxonomy":"post_tag","embeddable":true,"href":"https:\/\/eltrabajo.cl\/portal\/wp-json\/wp\/v2\/tags?post=58380"}],"curies":[{"name":"wp","href":"https:\/\/api.w.org\/{rel}","templated":true}]}}