{"id":58386,"date":"2015-05-27T09:51:23","date_gmt":"2015-05-27T12:51:23","guid":{"rendered":"http:\/\/www.eltrabajo.cl\/portal\/?p=58386"},"modified":"2015-05-27T09:54:24","modified_gmt":"2015-05-27T12:54:24","slug":"diversas-actividades-este-domingo-en-san-felipe-para-celebrar-el-dia-del-patrimonio-cultural","status":"publish","type":"post","link":"https:\/\/eltrabajo.cl\/portal\/diversas-actividades-este-domingo-en-san-felipe-para-celebrar-el-dia-del-patrimonio-cultural\/","title":{"rendered":"Con diversas actividades celebran D\u00eda del Patrimonio Cultural este domingo"},"content":{"rendered":"<figure id=\"attachment_58387\" aria-describedby=\"caption-attachment-58387\" style=\"width: 300px\" class=\"wp-caption alignleft\"><a href=\"https:\/\/i0.wp.com\/www.eltrabajo.cl\/portal\/wp-content\/uploads\/2015\/05\/Dia-del-patrimonio.jpg\"><img data-recalc-dims=\"1\" loading=\"lazy\" decoding=\"async\" class=\"wp-image-58387 size-medium\" src=\"https:\/\/i0.wp.com\/www.eltrabajo.cl\/portal\/wp-content\/uploads\/2015\/05\/Dia-del-patrimonio-300x198.jpg?resize=300%2C198\" alt=\"Diversos actores sociales decidieron sumarse a las actividades que conmemoran el D\u00eda del Patrimonio Cultural, durante el d\u00eda 31 de mayo.\" width=\"300\" height=\"198\" srcset=\"https:\/\/i0.wp.com\/eltrabajo.cl\/portal\/wp-content\/uploads\/2015\/05\/Dia-del-patrimonio.jpg?resize=300%2C198&amp;ssl=1 300w, https:\/\/i0.wp.com\/eltrabajo.cl\/portal\/wp-content\/uploads\/2015\/05\/Dia-del-patrimonio.jpg?resize=200%2C132&amp;ssl=1 200w, https:\/\/i0.wp.com\/eltrabajo.cl\/portal\/wp-content\/uploads\/2015\/05\/Dia-del-patrimonio.jpg?resize=227%2C150&amp;ssl=1 227w, https:\/\/i0.wp.com\/eltrabajo.cl\/portal\/wp-content\/uploads\/2015\/05\/Dia-del-patrimonio.jpg?resize=400%2C264&amp;ssl=1 400w, https:\/\/i0.wp.com\/eltrabajo.cl\/portal\/wp-content\/uploads\/2015\/05\/Dia-del-patrimonio.jpg?w=530&amp;ssl=1 530w\" sizes=\"auto, (max-width: 300px) 100vw, 300px\" \/><\/a><figcaption id=\"caption-attachment-58387\" class=\"wp-caption-text\">Diversos actores sociales decidieron sumarse a las actividades que conmemoran el D\u00eda del Patrimonio Cultural, durante el d\u00eda 31 de mayo.<\/figcaption><\/figure>\n<ul>\n<li><strong>Municipalidad de San Felipe invita a participar de las iniciativas que se est\u00e1n impulsando para festejar esta fecha.<\/strong><\/li>\n<\/ul>\n<p>Dando muestras de real participaci\u00f3n, compromiso y valoraci\u00f3n de nuestra historia y cultura local, diversos actores particulares, as\u00ed como instituciones y establecimientos educacionales, decidieron sumarse a la iniciativa impulsada desde la Municipalidad de San Felipe, para celebrar este domingo 31 de mayo, el D\u00eda del Patrimonio Cultural.<br \/>\nEn conferencia de prensa ofrecida en la ma\u00f1ana de ayer, el encargado de la Oficina de Patrimonio dependiente del Departamento de Cultura de la Municipalidad, Manuel Z\u00fa\u00f1iga, dio a conocer el nutrido programa dise\u00f1ado para sumarse a las cientos de actividades que se contemplan a nivel nacional por este motivo.<br \/>\n\u201cEl d\u00eda del Patrimonio Cultural se ha convertido en una fiesta ciudadana que a\u00f1o a a\u00f1o congrega a familias y comunidades en torno a lo que ellas mismas consideran valioso y rescatable para el futuro. En San Felipe, este a\u00f1o vamos a disfrutar de nuestras instituciones, organizaciones y familias que han querido ser parte de esta fecha y abrir sus puertas, para mostrarnos parte de sus historias\u201d, se\u00f1al\u00f3 Manuel Z\u00fa\u00f1iga.<br \/>\nSe trata de actividades que son simult\u00e1neas y respecto de las cuales cada instituci\u00f3n fija sus horarios.<br \/>\nEs el caso del Museo Buen Pastor, que si bien todav\u00eda est\u00e1 sometido a trabajos de recuperaci\u00f3n y puesta en valor, ha decidido sumarse a la celebraci\u00f3n, realizando a las 11:00 horas de este domingo, el cambio de nombre de la calle San Mart\u00edn, por calle Santa Mar\u00eda Eufrasia, en memoria de quien fuera la fundadora de la Congregaci\u00f3n del Buen Pastor en San Felipe.<br \/>\n\u201cLa calle San Mart\u00edn oriente, pasar\u00e1 a llamarse Santa Mar\u00eda Eufrasia, una religiosa muy dedicada a la dignidad de la persona, de modo particular a la mujer\u201d, se\u00f1al\u00f3 la directora del museo, hermana Eliana Letelier.<br \/>\nDe la misma manera, a contar de las 11:00 horas se tiene contemplado realizar actividades en la Sociedad de Artesanos, en donde habr\u00e1 visitas guiadas y exhibici\u00f3n de documentos hist\u00f3ricos; en el Colegio Vedruna, en donde se realizar\u00e1n tour guiados por el sector que tiene una data de 101 a\u00f1os; as\u00ed como tambi\u00e9n visitas guiadas en la Logia Mas\u00f3nica Patria y Libertad, en el Museo de Historia y Arqueolog\u00eda, en la Parroquia San Antonio de Padua de Almendral y Ciem Almendral; en el Liceo Roberto Humeres y en la Iglesia Catedral.<br \/>\nEn la Plaza de Armas, est\u00e1 considerada la realizaci\u00f3n de una actividad denominada \u2018Tu Patrimonio, Nuestro Patrimonio\u2019, que consistir\u00e1 en la exhibici\u00f3n de colecci\u00f3n y objetos de instituciones, organizaciones y familias sanfelipe\u00f1as, en donde han comprometido participaci\u00f3n de Cruz Roha, Uni\u00f3n San Felipe y la Barra Oficial Los del Valle, el Liceo Roberto, la Agrupaci\u00f3n Voluntarios por el Patrimonio, el Instituto Abd\u00f3n Cifuentes, entre otros.<br \/>\nTambi\u00e9n habr\u00e1 una delegaci\u00f3n de la Corporaci\u00f3n de Conservaci\u00f3n y Difusi\u00f3n del Patrimonio Hist\u00f3rico y Militar y su Club de Coleccionistas Militares, que se har\u00e1n acompa\u00f1ar de Jos\u00e9 Miguel Carrera y soldados de la Guerra del Pac\u00edfico, con sus trajes de \u00e9poca.<br \/>\nA las 12:00 horas en la Plaza de Armas, se realizar\u00e1 la donaci\u00f3n de archivos del recordado fot\u00f3grafo Luis Bernal, en tanto que en el museo de Historia y Arqueolog\u00eda se realizar\u00e1 la exposici\u00f3n de fotograf\u00edas \u2018El Palacio de Quilpu\u00e9 en el Tiempo\u2019, as\u00ed como de \u2018Corbeta Esmeralda, sum\u00e9rgete en su historia\u2019, desde las 10:00 y hasta las 18:00 horas.<br \/>\nEn el Cementerio Municipal de Almendral, tambi\u00e9n se realizar\u00e1n visitas guiadas a partir de las 10:30 horas, en donde el p\u00fablico podr\u00e1 recorrer las sepulturas de connotados ciudadanos sanfelipe\u00f1os, actividad que estar\u00e1 a cargo del funcionario municipal Fabi\u00e1n Campos.<\/p>\n","protected":false},"excerpt":{"rendered":"<p>Municipalidad de San Felipe invita a participar de las iniciativas que se est\u00e1n impulsando para festejar esta fecha. Dando muestras de real participaci\u00f3n, compromiso y valoraci\u00f3n de nuestra historia y cultura local,&#8230;<\/p>\n","protected":false},"author":482,"featured_media":58387,"comment_status":"open","ping_status":"open","sticky":false,"template":"","format":"standard","meta":{"advanced_seo_description":"","jetpack_seo_html_title":"","jetpack_seo_noindex":false,"_jetpack_memberships_contains_paid_content":false,"footnotes":""},"categories":[15],"tags":[],"class_list":["post-58386","post","type-post","status-publish","format-standard","has-post-thumbnail","hentry","category-comunidad"],"jetpack_featured_media_url":"https:\/\/i0.wp.com\/eltrabajo.cl\/portal\/wp-content\/uploads\/2015\/05\/Dia-del-patrimonio.jpg?fit=530%2C350&ssl=1","jetpack_sharing_enabled":true,"jetpack_likes_enabled":true,"jetpack-related-posts":[],"_links":{"self":[{"href":"https:\/\/eltrabajo.cl\/portal\/wp-json\/wp\/v2\/posts\/58386","targetHints":{"allow":["GET"]}}],"collection":[{"href":"https:\/\/eltrabajo.cl\/portal\/wp-json\/wp\/v2\/posts"}],"about":[{"href":"https:\/\/eltrabajo.cl\/portal\/wp-json\/wp\/v2\/types\/post"}],"author":[{"embeddable":true,"href":"https:\/\/eltrabajo.cl\/portal\/wp-json\/wp\/v2\/users\/482"}],"replies":[{"embeddable":true,"href":"https:\/\/eltrabajo.cl\/portal\/wp-json\/wp\/v2\/comments?post=58386"}],"version-history":[{"count":0,"href":"https:\/\/eltrabajo.cl\/portal\/wp-json\/wp\/v2\/posts\/58386\/revisions"}],"wp:featuredmedia":[{"embeddable":true,"href":"https:\/\/eltrabajo.cl\/portal\/wp-json\/wp\/v2\/media\/58387"}],"wp:attachment":[{"href":"https:\/\/eltrabajo.cl\/portal\/wp-json\/wp\/v2\/media?parent=58386"}],"wp:term":[{"taxonomy":"category","embeddable":true,"href":"https:\/\/eltrabajo.cl\/portal\/wp-json\/wp\/v2\/categories?post=58386"},{"taxonomy":"post_tag","embeddable":true,"href":"https:\/\/eltrabajo.cl\/portal\/wp-json\/wp\/v2\/tags?post=58386"}],"curies":[{"name":"wp","href":"https:\/\/api.w.org\/{rel}","templated":true}]}}