{"id":58392,"date":"2015-05-27T09:56:34","date_gmt":"2015-05-27T12:56:34","guid":{"rendered":"http:\/\/www.eltrabajo.cl\/portal\/?p=58392"},"modified":"2015-05-27T09:56:34","modified_gmt":"2015-05-27T12:56:34","slug":"estudiantes-de-cenco-san-felipe-reclaman-grave-incumplimiento","status":"publish","type":"post","link":"https:\/\/eltrabajo.cl\/portal\/estudiantes-de-cenco-san-felipe-reclaman-grave-incumplimiento\/","title":{"rendered":"Estudiantes de Cenco San Felipe reclaman grave incumplimiento"},"content":{"rendered":"<figure id=\"attachment_58395\" aria-describedby=\"caption-attachment-58395\" style=\"width: 300px\" class=\"wp-caption alignleft\"><a href=\"https:\/\/i0.wp.com\/www.eltrabajo.cl\/portal\/wp-content\/uploads\/2015\/05\/Alumnos1-2.jpg\"><img data-recalc-dims=\"1\" loading=\"lazy\" decoding=\"async\" class=\"wp-image-58395 size-medium\" src=\"https:\/\/i0.wp.com\/www.eltrabajo.cl\/portal\/wp-content\/uploads\/2015\/05\/Alumnos1-2-300x198.jpg?resize=300%2C198\" alt=\"INDIGNADOS.- Ellos son parte del grupo de estudiantes de Cenco San Felipe, quienes aseguran sentirse burlados por esta casa de estudios.\" width=\"300\" height=\"198\" srcset=\"https:\/\/i0.wp.com\/eltrabajo.cl\/portal\/wp-content\/uploads\/2015\/05\/Alumnos1-2.jpg?resize=300%2C198&amp;ssl=1 300w, https:\/\/i0.wp.com\/eltrabajo.cl\/portal\/wp-content\/uploads\/2015\/05\/Alumnos1-2.jpg?resize=200%2C132&amp;ssl=1 200w, https:\/\/i0.wp.com\/eltrabajo.cl\/portal\/wp-content\/uploads\/2015\/05\/Alumnos1-2.jpg?resize=227%2C150&amp;ssl=1 227w, https:\/\/i0.wp.com\/eltrabajo.cl\/portal\/wp-content\/uploads\/2015\/05\/Alumnos1-2.jpg?resize=400%2C264&amp;ssl=1 400w, https:\/\/i0.wp.com\/eltrabajo.cl\/portal\/wp-content\/uploads\/2015\/05\/Alumnos1-2.jpg?w=530&amp;ssl=1 530w\" sizes=\"auto, (max-width: 300px) 100vw, 300px\" \/><\/a><figcaption id=\"caption-attachment-58395\" class=\"wp-caption-text\">INDIGNADOS.- Ellos son parte del grupo de estudiantes de Cenco San Felipe, quienes aseguran sentirse burlados por esta casa de estudios.<\/figcaption><\/figure>\n<p>Muy angustiados y asegurando que se sienten \u2018pasados a llevar\u2019 por el Centro de Formaci\u00f3n T\u00e9cnica Cenco de San Felipe, un grupo de cinco estudiantes de ese instituto acudi\u00f3 a nuestra Sala de Redacci\u00f3n para exponer una queja p\u00fablica. El problema que los aflige, seg\u00fan los j\u00f3venes, radica en que desde hace m\u00e1s de dos a\u00f1os ellos se matricularon en la carrera de T\u00e9cnico en Minas, momento en el que se les ofreci\u00f3 un paquete acad\u00e9mico de primera calidad que inclu\u00eda hasta la Beca Milenium, sin embargo, al pasar de los meses, seg\u00fan sus palabras, el escenario habr\u00eda cambiado de manera dr\u00e1stica, al punto que actualmente algunos ya tienen los dos a\u00f1os y medio que dura la carrera, y se les debe cuatro ramos.<br \/>\nDiario El Trabajo habl\u00f3 con Gabriel Herrera Espinoza, alumno del Cenco.<br \/>\n<strong>&#8211; \u00bfCu\u00e1l es el problema que tienen en Cenco?<\/strong><br \/>\n<strong>&#8211;<\/strong> Soy estudiante del Centro de Formaci\u00f3n T\u00e9cnica Cenco de San Felipe, intento terminar mis estudios como T\u00e9cnico en Miner\u00eda, estamos hablando con Diario El Trabajo porque ya nos aburrimos de esperar por cinco semestres a que se nos solucionen los problemas en esta instituci\u00f3n, pues s\u00f3lo estamos asistiendo los s\u00e1bados, ya que algunos de nosotros tenemos que trabajar para sobrevivir y pagar los mismos estudios.<br \/>\n<strong>&#8211; \u00bfExactamente qu\u00e9 ramos les falta recibir a ustedes?<\/strong><br \/>\n<strong>&#8211;<\/strong> Nos falta recibir los ramos de Mec\u00e1nica Aplicada; Prevenci\u00f3n de Riesgos; Expresi\u00f3n Oral y Ortograf\u00eda y Computaci\u00f3n Aplicada. Cuando nosotros nos matriculamos se\u00f1alaron que aceptaban la \u2018Beca Nuevo Milenio\u2019, nos aseguraron tambi\u00e9n que ellos estaban acreditados y nos hicieron firmar muchos papeles, una vez que pagamos, al mes siguiente nos informaron que ya no aceptaban la beca ofrecida.<br \/>\n<strong>&#8211; \u00bfHay alguna respuesta por parte del Cenco para ustedes?<\/strong><br \/>\n<strong>&#8211;<\/strong> Nos han tramitado todo este tiempo, \u2018que en un mes tendremos respuesta\u2019; \u2018que a fin de a\u00f1o tendremos todo claro\u2019 y as\u00ed por el estilo. Somos Alrededor de 20 estudiantes los afectados en Miner\u00eda, no sabemos sobre otras carreras.<\/p>\n<p><strong>\u00abQUIERO MI T\u00cdTULO\u00bb<\/strong><br \/>\nOtra de las estudiantes que hablaron con nuestro medio, Genesaret Valle, dijo estar desesperada de tanta espera y tanto dar vueltas, pues asegura que ella est\u00e1 al d\u00eda en sus pagos, pero igual que los dem\u00e1s no recibe su t\u00edtulo ni las clases.<br \/>\n<strong>&#8211; \u00bfC\u00f3mo se siente usted con esta situaci\u00f3n?<\/strong><br \/>\n<strong>&#8211;<\/strong> Yo ya estoy cansada, para m\u00ed esto es horrible, se supone que esta es una instituci\u00f3n que imparte educaci\u00f3n de calidad, que est\u00e1 ofreciendo un mont\u00f3n de cosas, pucha, una carrera corta, de dos a\u00f1os y medio, y ahora que ya cumplimos ese plazo, no nos quieren impartir los ramos que nos faltan.<br \/>\n<strong>&#8211; \u00bfUsted est\u00e1 al d\u00eda en sus pagos con Cenco?<\/strong><br \/>\n<strong>&#8211;<\/strong> No nos quieren dar nuestro t\u00edtulo; nos niegan todo, hasta la informaci\u00f3n nos niegan, s\u00f3lo porque algunos compa\u00f1eros se retrasan en sus pagos. Yo estoy al d\u00eda en mis pagos.<br \/>\n<strong>&#8211; \u00bfQu\u00e9 piensan hacer y qu\u00e9 han hecho?<\/strong><br \/>\n<strong>&#8211;<\/strong> Lo que pensamos hacer es proceder con una queja al Sernac, pues en el Mineduc nos dijeron que a ellos nos les compete este problema. Yo he perdido m\u00e1s de $2 millones, me faltan m\u00e1s de cuatro ramos, actualmente trabajo de garzona para salir adelante.<br \/>\n<strong>&#8211; \u00bfQu\u00e9 es lo m\u00e1s grave en este caso?<\/strong><br \/>\n<strong>&#8211;<\/strong> Lo grave en esta situaci\u00f3n, es que no podemos avanzar; no podemos trabajar; no podemos ejercer, cuando reclamamos sobre estos ramos que nos falta, la se\u00f1ora Mafalda Sanhueza, directora del Cenco San Felipe, nos dijo que ella no tiene recursos para pagar profesores para esos ramos. Lo que le pido a esta se\u00f1ora es que me permita terminar mis estudios, yo no quiero que me devuelvan dineros ni otra cosa, s\u00f3lo quiero mi t\u00edtulo y as\u00ed poder trabajar.<\/p>\n<p><strong>CENCO RESPONDE<\/strong><br \/>\nDiario El Trabajo busc\u00f3 respuesta de la directora de Cenco San Felipe, la profesora Mafalda Sanhueza Arriagada, quien en un comunicado remitido a nuestro medio explic\u00f3 lo siguiente:<br \/>\n1- Las asignaturas que por uno u otro motivo no se dictaron, se les est\u00e1 llamando a los alumnos y les estamos dando soluci\u00f3n, ya tienen sus notas finales en Computaci\u00f3n, Legislaci\u00f3n, Comunicaci\u00f3n Oral y Escrita. Solicitaron refuerzo en la asignatura de Topograf\u00eda y en la actualidad se est\u00e1 dictando dicho refuerzo.<br \/>\n2- No existe ninguna asignatura cursada con evaluaciones pendientes.<br \/>\n3- La asignatura de Mantenci\u00f3n de Equipos Mineros o Mec\u00e1nica se est\u00e1 dictando, pero algunos alumnos de ese curso no les acomoda el horario y estamos solucionando esta situaci\u00f3n puntual para llegar a un acuerdo para ambas partes.<br \/>\n4- Nuestra instituci\u00f3n busca resolver todo tipo de situaciones, en beneficio de los alumnos, sin considerar la morosidad en el pago de sus aranceles, y de ninguna manera perjudicarlos, se ha atendido a todos aquellos que se hacen presente y hemos dado soluci\u00f3n en conjunto, estamos abiertos a dialogar con ellos directamente, es m\u00e1s, hoy atend\u00ed a tres de ellos. Aquellos que no asistieron a clases de las asignaturas cursadas, estamos esper\u00e1ndolos para llegar a un acuerdo satisfactorio.<br \/>\n5- Cabe se\u00f1alar que para que un alumno est\u00e9 en calidad de egresado y poder optar a Pr\u00e1ctica, debe tener el 100% de sus asignaturas aprobadas.<br \/>\nEn relaci\u00f3n a los docentes, se les est\u00e1 llamando y estamos tambi\u00e9n solucionando los honorarios pendientes.<br \/>\n<strong>Roberto Gonz\u00e1lez Short<\/strong><br \/>\nrgonzalez@eltrabajo.cl<\/p>\n<div class=\"tiled-gallery type-rectangular tiled-gallery-unresized\" data-original-width=\"640\" data-carousel-extra='null' itemscope itemtype=\"http:\/\/schema.org\/ImageGallery\" > <div class=\"gallery-row\" style=\"width: 640px; height: 283px;\" data-original-width=\"640\" data-original-height=\"283\" > <div class=\"gallery-group images-1\" style=\"width: 427px; height: 283px;\" data-original-width=\"427\" data-original-height=\"283\" > <div class=\"tiled-gallery-item tiled-gallery-item-large\" itemprop=\"associatedMedia\" itemscope itemtype=\"http:\/\/schema.org\/ImageObject\"> <a href=\"https:\/\/eltrabajo.cl\/portal\/estudiantes-de-cenco-san-felipe-reclaman-grave-incumplimiento\/carlos-aguilera\/\" border=\"0\" itemprop=\"url\"> <meta itemprop=\"width\" content=\"423\"> <meta itemprop=\"height\" content=\"279\"> <img decoding=\"async\" class=\"\" data-attachment-id=\"58396\" data-orig-file=\"https:\/\/eltrabajo.cl\/portal\/wp-content\/uploads\/2015\/05\/Carlos-Aguilera.jpg\" data-orig-size=\"530,350\" data-comments-opened=\"1\" data-image-meta=\"{&quot;aperture&quot;:&quot;0&quot;,&quot;credit&quot;:&quot;&quot;,&quot;camera&quot;:&quot;&quot;,&quot;caption&quot;:&quot;&quot;,&quot;created_timestamp&quot;:&quot;0&quot;,&quot;copyright&quot;:&quot;&quot;,&quot;focal_length&quot;:&quot;0&quot;,&quot;iso&quot;:&quot;0&quot;,&quot;shutter_speed&quot;:&quot;0&quot;,&quot;title&quot;:&quot;&quot;,&quot;orientation&quot;:&quot;0&quot;}\" data-image-title=\"Carlos Aguilera\" data-image-description=\"&lt;p&gt;TODO PAGADO.- Carlos Aguilera, estudiante de Cenco, muestra sus papeles en regla, a\u00fan as\u00ed reclama estar inconforme con la instituci\u00f3n.&lt;\/p&gt; \" data-medium-file=\"https:\/\/i0.wp.com\/eltrabajo.cl\/portal\/wp-content\/uploads\/2015\/05\/Carlos-Aguilera.jpg?fit=300%2C198&#038;ssl=1\" data-large-file=\"https:\/\/i0.wp.com\/eltrabajo.cl\/portal\/wp-content\/uploads\/2015\/05\/Carlos-Aguilera.jpg?fit=530%2C350&#038;ssl=1\" src=\"https:\/\/i0.wp.com\/eltrabajo.cl\/portal\/wp-content\/uploads\/2015\/05\/Carlos-Aguilera.jpg?w=423&#038;h=279&#038;ssl=1\" srcset=\"https:\/\/i0.wp.com\/eltrabajo.cl\/portal\/wp-content\/uploads\/2015\/05\/Carlos-Aguilera.jpg?w=530&amp;ssl=1 530w, https:\/\/i0.wp.com\/eltrabajo.cl\/portal\/wp-content\/uploads\/2015\/05\/Carlos-Aguilera.jpg?resize=200%2C132&amp;ssl=1 200w, https:\/\/i0.wp.com\/eltrabajo.cl\/portal\/wp-content\/uploads\/2015\/05\/Carlos-Aguilera.jpg?resize=300%2C198&amp;ssl=1 300w, https:\/\/i0.wp.com\/eltrabajo.cl\/portal\/wp-content\/uploads\/2015\/05\/Carlos-Aguilera.jpg?resize=227%2C150&amp;ssl=1 227w, https:\/\/i0.wp.com\/eltrabajo.cl\/portal\/wp-content\/uploads\/2015\/05\/Carlos-Aguilera.jpg?resize=400%2C264&amp;ssl=1 400w\" width=\"423\" height=\"279\" loading=\"lazy\" data-original-width=\"423\" data-original-height=\"279\" itemprop=\"http:\/\/schema.org\/image\" title=\"Carlos Aguilera\" alt=\"TODO PAGADO.- Carlos Aguilera, estudiante de Cenco, muestra sus papeles en regla, a\u00fan as\u00ed reclama estar inconforme con la instituci\u00f3n.\" style=\"width: 423px; height: 279px;\" \/> <\/a> <div class=\"tiled-gallery-caption\" itemprop=\"caption description\"> TODO PAGADO.- Carlos Aguilera, estudiante de Cenco, muestra sus papeles en regla, a\u00fan as\u00ed reclama estar inconforme con la instituci\u00f3n. <\/div> <\/div> <\/div> <!-- close group --> <div class=\"gallery-group images-2\" style=\"width: 213px; height: 283px;\" data-original-width=\"213\" data-original-height=\"283\" > <div class=\"tiled-gallery-item tiled-gallery-item-small\" itemprop=\"associatedMedia\" itemscope itemtype=\"http:\/\/schema.org\/ImageObject\"> <a href=\"https:\/\/eltrabajo.cl\/portal\/estudiantes-de-cenco-san-felipe-reclaman-grave-incumplimiento\/gabriel-herrera\/\" border=\"0\" itemprop=\"url\"> <meta itemprop=\"width\" content=\"209\"> <meta itemprop=\"height\" content=\"138\"> <img decoding=\"async\" class=\"\" data-attachment-id=\"58397\" data-orig-file=\"https:\/\/eltrabajo.cl\/portal\/wp-content\/uploads\/2015\/05\/Gabriel-Herrera.jpg\" data-orig-size=\"530,350\" data-comments-opened=\"1\" data-image-meta=\"{&quot;aperture&quot;:&quot;0&quot;,&quot;credit&quot;:&quot;&quot;,&quot;camera&quot;:&quot;&quot;,&quot;caption&quot;:&quot;&quot;,&quot;created_timestamp&quot;:&quot;0&quot;,&quot;copyright&quot;:&quot;&quot;,&quot;focal_length&quot;:&quot;0&quot;,&quot;iso&quot;:&quot;0&quot;,&quot;shutter_speed&quot;:&quot;0&quot;,&quot;title&quot;:&quot;&quot;,&quot;orientation&quot;:&quot;0&quot;}\" data-image-title=\"Gabriel Herrera\" data-image-description=\"&lt;p&gt;Gabriel Herrera, alumno de la carrera T\u00e9cnico en Minas.&lt;\/p&gt; \" data-medium-file=\"https:\/\/i0.wp.com\/eltrabajo.cl\/portal\/wp-content\/uploads\/2015\/05\/Gabriel-Herrera.jpg?fit=300%2C198&#038;ssl=1\" data-large-file=\"https:\/\/i0.wp.com\/eltrabajo.cl\/portal\/wp-content\/uploads\/2015\/05\/Gabriel-Herrera.jpg?fit=530%2C350&#038;ssl=1\" src=\"https:\/\/i0.wp.com\/eltrabajo.cl\/portal\/wp-content\/uploads\/2015\/05\/Gabriel-Herrera.jpg?w=209&#038;h=138&#038;ssl=1\" srcset=\"https:\/\/i0.wp.com\/eltrabajo.cl\/portal\/wp-content\/uploads\/2015\/05\/Gabriel-Herrera.jpg?w=530&amp;ssl=1 530w, https:\/\/i0.wp.com\/eltrabajo.cl\/portal\/wp-content\/uploads\/2015\/05\/Gabriel-Herrera.jpg?resize=200%2C132&amp;ssl=1 200w, https:\/\/i0.wp.com\/eltrabajo.cl\/portal\/wp-content\/uploads\/2015\/05\/Gabriel-Herrera.jpg?resize=300%2C198&amp;ssl=1 300w, https:\/\/i0.wp.com\/eltrabajo.cl\/portal\/wp-content\/uploads\/2015\/05\/Gabriel-Herrera.jpg?resize=227%2C150&amp;ssl=1 227w, https:\/\/i0.wp.com\/eltrabajo.cl\/portal\/wp-content\/uploads\/2015\/05\/Gabriel-Herrera.jpg?resize=400%2C264&amp;ssl=1 400w\" width=\"209\" height=\"138\" loading=\"lazy\" data-original-width=\"209\" data-original-height=\"138\" itemprop=\"http:\/\/schema.org\/image\" title=\"Gabriel Herrera\" alt=\"Gabriel Herrera, alumno de la carrera T\u00e9cnico en Minas.\" style=\"width: 209px; height: 138px;\" \/> <\/a> <div class=\"tiled-gallery-caption\" itemprop=\"caption description\"> Gabriel Herrera, alumno de la carrera T\u00e9cnico en Minas. <\/div> <\/div> <div class=\"tiled-gallery-item tiled-gallery-item-small\" itemprop=\"associatedMedia\" itemscope itemtype=\"http:\/\/schema.org\/ImageObject\"> <a href=\"https:\/\/eltrabajo.cl\/portal\/estudiantes-de-cenco-san-felipe-reclaman-grave-incumplimiento\/genesaret-valle\/\" border=\"0\" itemprop=\"url\"> <meta itemprop=\"width\" content=\"209\"> <meta itemprop=\"height\" content=\"137\"> <img decoding=\"async\" class=\"\" data-attachment-id=\"58398\" data-orig-file=\"https:\/\/eltrabajo.cl\/portal\/wp-content\/uploads\/2015\/05\/Genesaret-Valle.jpg\" data-orig-size=\"530,348\" data-comments-opened=\"1\" data-image-meta=\"{&quot;aperture&quot;:&quot;0&quot;,&quot;credit&quot;:&quot;&quot;,&quot;camera&quot;:&quot;&quot;,&quot;caption&quot;:&quot;&quot;,&quot;created_timestamp&quot;:&quot;0&quot;,&quot;copyright&quot;:&quot;&quot;,&quot;focal_length&quot;:&quot;0&quot;,&quot;iso&quot;:&quot;0&quot;,&quot;shutter_speed&quot;:&quot;0&quot;,&quot;title&quot;:&quot;&quot;,&quot;orientation&quot;:&quot;0&quot;}\" data-image-title=\"Genesaret Valle\" data-image-description=\"&lt;p&gt;Genesaret Valle, estudiante de Cenco.&lt;\/p&gt; \" data-medium-file=\"https:\/\/i0.wp.com\/eltrabajo.cl\/portal\/wp-content\/uploads\/2015\/05\/Genesaret-Valle.jpg?fit=300%2C197&#038;ssl=1\" data-large-file=\"https:\/\/i0.wp.com\/eltrabajo.cl\/portal\/wp-content\/uploads\/2015\/05\/Genesaret-Valle.jpg?fit=530%2C348&#038;ssl=1\" src=\"https:\/\/i0.wp.com\/eltrabajo.cl\/portal\/wp-content\/uploads\/2015\/05\/Genesaret-Valle.jpg?w=209&#038;h=137&#038;ssl=1\" srcset=\"https:\/\/i0.wp.com\/eltrabajo.cl\/portal\/wp-content\/uploads\/2015\/05\/Genesaret-Valle.jpg?w=530&amp;ssl=1 530w, https:\/\/i0.wp.com\/eltrabajo.cl\/portal\/wp-content\/uploads\/2015\/05\/Genesaret-Valle.jpg?resize=200%2C131&amp;ssl=1 200w, https:\/\/i0.wp.com\/eltrabajo.cl\/portal\/wp-content\/uploads\/2015\/05\/Genesaret-Valle.jpg?resize=300%2C197&amp;ssl=1 300w, https:\/\/i0.wp.com\/eltrabajo.cl\/portal\/wp-content\/uploads\/2015\/05\/Genesaret-Valle.jpg?resize=228%2C150&amp;ssl=1 228w, https:\/\/i0.wp.com\/eltrabajo.cl\/portal\/wp-content\/uploads\/2015\/05\/Genesaret-Valle.jpg?resize=400%2C263&amp;ssl=1 400w\" width=\"209\" height=\"137\" loading=\"lazy\" data-original-width=\"209\" data-original-height=\"137\" itemprop=\"http:\/\/schema.org\/image\" title=\"Genesaret Valle\" alt=\"Genesaret Valle, estudiante de Cenco.\" style=\"width: 209px; height: 137px;\" \/> <\/a> <div class=\"tiled-gallery-caption\" itemprop=\"caption description\"> Genesaret Valle, estudiante de Cenco. <\/div> <\/div> <\/div> <!-- close group --> <\/div> <!-- close row --> <\/div>\n","protected":false},"excerpt":{"rendered":"<p>Muy angustiados y asegurando que se sienten \u2018pasados a llevar\u2019 por el Centro de Formaci\u00f3n T\u00e9cnica Cenco de San Felipe, un grupo de cinco estudiantes de ese instituto acudi\u00f3 a nuestra Sala&#8230;<\/p>\n","protected":false},"author":482,"featured_media":58395,"comment_status":"open","ping_status":"open","sticky":false,"template":"","format":"standard","meta":{"advanced_seo_description":"","jetpack_seo_html_title":"","jetpack_seo_noindex":false,"_jetpack_memberships_contains_paid_content":false,"footnotes":""},"categories":[15],"tags":[],"class_list":["post-58392","post","type-post","status-publish","format-standard","has-post-thumbnail","hentry","category-comunidad"],"jetpack_featured_media_url":"https:\/\/i0.wp.com\/eltrabajo.cl\/portal\/wp-content\/uploads\/2015\/05\/Alumnos1-2.jpg?fit=530%2C350&ssl=1","jetpack_sharing_enabled":true,"jetpack_likes_enabled":true,"jetpack-related-posts":[],"_links":{"self":[{"href":"https:\/\/eltrabajo.cl\/portal\/wp-json\/wp\/v2\/posts\/58392","targetHints":{"allow":["GET"]}}],"collection":[{"href":"https:\/\/eltrabajo.cl\/portal\/wp-json\/wp\/v2\/posts"}],"about":[{"href":"https:\/\/eltrabajo.cl\/portal\/wp-json\/wp\/v2\/types\/post"}],"author":[{"embeddable":true,"href":"https:\/\/eltrabajo.cl\/portal\/wp-json\/wp\/v2\/users\/482"}],"replies":[{"embeddable":true,"href":"https:\/\/eltrabajo.cl\/portal\/wp-json\/wp\/v2\/comments?post=58392"}],"version-history":[{"count":0,"href":"https:\/\/eltrabajo.cl\/portal\/wp-json\/wp\/v2\/posts\/58392\/revisions"}],"wp:featuredmedia":[{"embeddable":true,"href":"https:\/\/eltrabajo.cl\/portal\/wp-json\/wp\/v2\/media\/58395"}],"wp:attachment":[{"href":"https:\/\/eltrabajo.cl\/portal\/wp-json\/wp\/v2\/media?parent=58392"}],"wp:term":[{"taxonomy":"category","embeddable":true,"href":"https:\/\/eltrabajo.cl\/portal\/wp-json\/wp\/v2\/categories?post=58392"},{"taxonomy":"post_tag","embeddable":true,"href":"https:\/\/eltrabajo.cl\/portal\/wp-json\/wp\/v2\/tags?post=58392"}],"curies":[{"name":"wp","href":"https:\/\/api.w.org\/{rel}","templated":true}]}}