{"id":58407,"date":"2015-05-28T09:24:17","date_gmt":"2015-05-28T12:24:17","guid":{"rendered":"http:\/\/www.eltrabajo.cl\/portal\/?p=58407"},"modified":"2015-05-28T09:24:17","modified_gmt":"2015-05-28T12:24:17","slug":"hormigas-comunicacion-y-sociedad-se-instala-en-llay-llay","status":"publish","type":"post","link":"https:\/\/eltrabajo.cl\/portal\/hormigas-comunicacion-y-sociedad-se-instala-en-llay-llay\/","title":{"rendered":"\u2018Hormigas: Comunicaci\u00f3n y Sociedad\u2019 se instala en Llay Llay"},"content":{"rendered":"<figure id=\"attachment_58408\" aria-describedby=\"caption-attachment-58408\" style=\"width: 300px\" class=\"wp-caption alignleft\"><a href=\"https:\/\/i0.wp.com\/www.eltrabajo.cl\/portal\/wp-content\/uploads\/2015\/05\/expo-hormigas.jpg\"><img data-recalc-dims=\"1\" loading=\"lazy\" decoding=\"async\" class=\"wp-image-58408 size-medium\" src=\"https:\/\/i0.wp.com\/www.eltrabajo.cl\/portal\/wp-content\/uploads\/2015\/05\/expo-hormigas-300x198.jpg?resize=300%2C198\" alt=\"La muestra permanecer\u00e1 hasta el 18 de junio en la Escuela B\u00e1sica Agust\u00edn Edwards, Calle Edwards 501, Llay Llay.\" width=\"300\" height=\"198\" srcset=\"https:\/\/i0.wp.com\/eltrabajo.cl\/portal\/wp-content\/uploads\/2015\/05\/expo-hormigas.jpg?resize=300%2C198&amp;ssl=1 300w, https:\/\/i0.wp.com\/eltrabajo.cl\/portal\/wp-content\/uploads\/2015\/05\/expo-hormigas.jpg?resize=200%2C132&amp;ssl=1 200w, https:\/\/i0.wp.com\/eltrabajo.cl\/portal\/wp-content\/uploads\/2015\/05\/expo-hormigas.jpg?resize=228%2C150&amp;ssl=1 228w, https:\/\/i0.wp.com\/eltrabajo.cl\/portal\/wp-content\/uploads\/2015\/05\/expo-hormigas.jpg?resize=400%2C263&amp;ssl=1 400w, https:\/\/i0.wp.com\/eltrabajo.cl\/portal\/wp-content\/uploads\/2015\/05\/expo-hormigas.jpg?w=530&amp;ssl=1 530w\" sizes=\"auto, (max-width: 300px) 100vw, 300px\" \/><\/a><figcaption id=\"caption-attachment-58408\" class=\"wp-caption-text\">La muestra permanecer\u00e1 hasta el 18 de junio en la Escuela B\u00e1sica Agust\u00edn Edwards, Calle Edwards 501, Llay Llay.<\/figcaption><\/figure>\n<p><strong>LLAY LLAY.-<\/strong> La exposici\u00f3n producida por el Programa Explora Conicyt visita a los llailla\u00ednos para dar a conocer el comportamiento y las formas de comunicaci\u00f3n de estos insectos sociales que viven en la tierra desde hace 100 millones de a\u00f1os.<br \/>\nMuchas veces pasan desapercibiditas, pero hacen un barullo permanente bajo nuestros pies, millones de antenitas, avanzando al un\u00edsono, trabajando en perfecta coordinaci\u00f3n, creando megal\u00f3polis naturales subterr\u00e1neas. Cada una con su lugar y su funci\u00f3n, es imprescindible la eficiencia en la transmisi\u00f3n de mensajes entre tantas hormigas y as\u00ed coordinar sus esfuerzos para la supervivencia de la colonia. Una comunicaci\u00f3n tan elaborada que contribuye a que formen sociedades muy complejas de las que probablemente podemos aprender una o varias cosas.<br \/>\n\u2018Hormigas, Comunicaci\u00f3n y Sociedad\u2019 es una invitaci\u00f3n a conocer y entender a estas peque\u00f1as esforzadas. La exposici\u00f3n interactiva e itinerante permite comprender la naturaleza de estos insectos incorporando s\u00f3lidos y amigables contenidos a una experiencia interactiva que busca simular y comparar el comportamiento de las hormigas con los seres humanos, todo un proceso guiado por monitores especialmente capacitados.<br \/>\nLa exposici\u00f3n est\u00e1 compuesta por afiches y gr\u00e1ficas, adem\u00e1s de diez m\u00f3dulos interactivos, los cuales entregan informaci\u00f3n para que el visitante comprenda, a trav\u00e9s de su propia experiencia, la organizaci\u00f3n, el comportamiento y las formas de comunicaci\u00f3n de estos fascinantes insectos.<br \/>\n\u2018Hormigas: Comunicaci\u00f3n y Sociedad\u2019 espera visitantes hasta el 18 de junio en la Escuela B\u00e1sica Agust\u00edn Edwards, Calle Edwards 501, Llay Llay. Para concertar visitas debe contactarse con el coordinador Hector Rauld al correo hrauld@gmail.com.<br \/>\nLa itinerancia de esta exposici\u00f3n se debe al trabajo conjunto del Proyecto Asociativo Regional, Par Explora Valpara\u00edso y la Red Territorial de Ciencia y Tecnolog\u00eda Regi\u00f3n de Valpara\u00edso, la cual re\u00fane a coordinadores de cada comuna de la regi\u00f3n.<\/p>\n<p><strong>SOBRE LA EXPOSICI\u00d3N<\/strong><br \/>\nLa muestra fue inaugurada en 2003, contando con el auspicio y patrocinio de la Embajada de Francia y el Instituto Chileno Franc\u00e9s. Fue creada por el Centro de Ciencias de Orl\u00e9ans, Centro de Promoci\u00f3n de la Cultura Cient\u00edfica, T\u00e9cnica e Industrial de la Regi\u00f3n Central (Francia) y su versi\u00f3n en espa\u00f1ol fue producida por el Programa Explora Conicyt.<\/p>\n","protected":false},"excerpt":{"rendered":"<p>LLAY LLAY.- La exposici\u00f3n producida por el Programa Explora Conicyt visita a los llailla\u00ednos para dar a conocer el comportamiento y las formas de comunicaci\u00f3n de estos insectos sociales que viven en&#8230;<\/p>\n","protected":false},"author":482,"featured_media":58408,"comment_status":"open","ping_status":"open","sticky":false,"template":"","format":"standard","meta":{"advanced_seo_description":"","jetpack_seo_html_title":"","jetpack_seo_noindex":false,"_jetpack_memberships_contains_paid_content":false,"footnotes":""},"categories":[15],"tags":[],"class_list":["post-58407","post","type-post","status-publish","format-standard","has-post-thumbnail","hentry","category-comunidad"],"jetpack_featured_media_url":"https:\/\/i0.wp.com\/eltrabajo.cl\/portal\/wp-content\/uploads\/2015\/05\/expo-hormigas.jpg?fit=530%2C349&ssl=1","jetpack_sharing_enabled":true,"jetpack_likes_enabled":true,"jetpack-related-posts":[],"_links":{"self":[{"href":"https:\/\/eltrabajo.cl\/portal\/wp-json\/wp\/v2\/posts\/58407","targetHints":{"allow":["GET"]}}],"collection":[{"href":"https:\/\/eltrabajo.cl\/portal\/wp-json\/wp\/v2\/posts"}],"about":[{"href":"https:\/\/eltrabajo.cl\/portal\/wp-json\/wp\/v2\/types\/post"}],"author":[{"embeddable":true,"href":"https:\/\/eltrabajo.cl\/portal\/wp-json\/wp\/v2\/users\/482"}],"replies":[{"embeddable":true,"href":"https:\/\/eltrabajo.cl\/portal\/wp-json\/wp\/v2\/comments?post=58407"}],"version-history":[{"count":0,"href":"https:\/\/eltrabajo.cl\/portal\/wp-json\/wp\/v2\/posts\/58407\/revisions"}],"wp:featuredmedia":[{"embeddable":true,"href":"https:\/\/eltrabajo.cl\/portal\/wp-json\/wp\/v2\/media\/58408"}],"wp:attachment":[{"href":"https:\/\/eltrabajo.cl\/portal\/wp-json\/wp\/v2\/media?parent=58407"}],"wp:term":[{"taxonomy":"category","embeddable":true,"href":"https:\/\/eltrabajo.cl\/portal\/wp-json\/wp\/v2\/categories?post=58407"},{"taxonomy":"post_tag","embeddable":true,"href":"https:\/\/eltrabajo.cl\/portal\/wp-json\/wp\/v2\/tags?post=58407"}],"curies":[{"name":"wp","href":"https:\/\/api.w.org\/{rel}","templated":true}]}}