{"id":58410,"date":"2015-05-28T09:27:00","date_gmt":"2015-05-28T12:27:00","guid":{"rendered":"http:\/\/www.eltrabajo.cl\/portal\/?p=58410"},"modified":"2015-05-28T09:27:00","modified_gmt":"2015-05-28T12:27:00","slug":"transportistas-impiden-salida-de-funcionarios-aduaneros-tras-paro","status":"publish","type":"post","link":"https:\/\/eltrabajo.cl\/portal\/transportistas-impiden-salida-de-funcionarios-aduaneros-tras-paro\/","title":{"rendered":"Transportistas impiden salida de funcionarios aduaneros tras paro"},"content":{"rendered":"<figure id=\"attachment_58411\" aria-describedby=\"caption-attachment-58411\" style=\"width: 300px\" class=\"wp-caption alignleft\"><a href=\"https:\/\/i0.wp.com\/www.eltrabajo.cl\/portal\/wp-content\/uploads\/2015\/05\/camioneros-aduana4.jpg\"><img data-recalc-dims=\"1\" loading=\"lazy\" decoding=\"async\" class=\"wp-image-58411 size-medium\" src=\"https:\/\/i0.wp.com\/www.eltrabajo.cl\/portal\/wp-content\/uploads\/2015\/05\/camioneros-aduana4-300x198.jpg?resize=300%2C198\" alt=\"Diversos enfrentamientos provoc\u00f3 el bloqueo que realizaron camioneros en la salida del Puerto Terrestre. (Foto: Alejandro Cort\u00e9s Piffaut).\" width=\"300\" height=\"198\" srcset=\"https:\/\/i0.wp.com\/eltrabajo.cl\/portal\/wp-content\/uploads\/2015\/05\/camioneros-aduana4.jpg?resize=300%2C198&amp;ssl=1 300w, https:\/\/i0.wp.com\/eltrabajo.cl\/portal\/wp-content\/uploads\/2015\/05\/camioneros-aduana4.jpg?resize=200%2C132&amp;ssl=1 200w, https:\/\/i0.wp.com\/eltrabajo.cl\/portal\/wp-content\/uploads\/2015\/05\/camioneros-aduana4.jpg?resize=227%2C150&amp;ssl=1 227w, https:\/\/i0.wp.com\/eltrabajo.cl\/portal\/wp-content\/uploads\/2015\/05\/camioneros-aduana4.jpg?resize=400%2C264&amp;ssl=1 400w, https:\/\/i0.wp.com\/eltrabajo.cl\/portal\/wp-content\/uploads\/2015\/05\/camioneros-aduana4.jpg?w=530&amp;ssl=1 530w\" sizes=\"auto, (max-width: 300px) 100vw, 300px\" \/><\/a><figcaption id=\"caption-attachment-58411\" class=\"wp-caption-text\">Diversos enfrentamientos provoc\u00f3 el bloqueo que realizaron camioneros en la salida del Puerto Terrestre. (Foto: Alejandro Cort\u00e9s Piffaut).<\/figcaption><\/figure>\n<p><strong>Choferes est\u00e1n indignados con el paro de ese servicio que hace muy lento el despacho de las cargas.<\/strong><\/p>\n<p><strong>LOS ANDES.<\/strong>&#8211; Una tensa situaci\u00f3n se vivi\u00f3 la tarde del pasado martes en las afueras del Puerto Terrestre de Los Andes, luego que m\u00e1s de un centenar de choferes de camiones bloquearon el acceso al recinto para impedir la salida de los funcionarios de Aduanas que se encuentran en paro indefinido.<br \/>\nLos conductores tomaron esta decisi\u00f3n cansados de los d\u00edas que deben esperar en las afueras del PTLA a fin de poder realizar los tr\u00e1mites aduaneros para poder continuar viaje hacia la Argentina.<\/p>\n<figure id=\"attachment_58412\" aria-describedby=\"caption-attachment-58412\" style=\"width: 300px\" class=\"wp-caption alignright\"><a href=\"https:\/\/i0.wp.com\/www.eltrabajo.cl\/portal\/wp-content\/uploads\/2015\/05\/camioneros-aduana6.jpg\"><img data-recalc-dims=\"1\" loading=\"lazy\" decoding=\"async\" class=\"wp-image-58412 size-medium\" src=\"https:\/\/i0.wp.com\/www.eltrabajo.cl\/portal\/wp-content\/uploads\/2015\/05\/camioneros-aduana6-300x197.jpg?resize=300%2C197\" alt=\"Los transportistas se manifestaron al no poder continuar sus viajes porque no hay personal para realizar sus tr\u00e1mites aduaneros. (Foto: Alejandro Cort\u00e9s Piffaut)\" width=\"300\" height=\"197\" srcset=\"https:\/\/i0.wp.com\/eltrabajo.cl\/portal\/wp-content\/uploads\/2015\/05\/camioneros-aduana6.jpg?resize=300%2C197&amp;ssl=1 300w, https:\/\/i0.wp.com\/eltrabajo.cl\/portal\/wp-content\/uploads\/2015\/05\/camioneros-aduana6.jpg?resize=200%2C131&amp;ssl=1 200w, https:\/\/i0.wp.com\/eltrabajo.cl\/portal\/wp-content\/uploads\/2015\/05\/camioneros-aduana6.jpg?resize=228%2C150&amp;ssl=1 228w, https:\/\/i0.wp.com\/eltrabajo.cl\/portal\/wp-content\/uploads\/2015\/05\/camioneros-aduana6.jpg?resize=400%2C263&amp;ssl=1 400w, https:\/\/i0.wp.com\/eltrabajo.cl\/portal\/wp-content\/uploads\/2015\/05\/camioneros-aduana6.jpg?w=530&amp;ssl=1 530w\" sizes=\"auto, (max-width: 300px) 100vw, 300px\" \/><\/a><figcaption id=\"caption-attachment-58412\" class=\"wp-caption-text\">Los transportistas se manifestaron al no poder continuar sus viajes porque no hay personal para realizar sus tr\u00e1mites aduaneros. (Foto: Alejandro Cort\u00e9s Piffaut)<\/figcaption><\/figure>\n<p>Por momentos, la situaci\u00f3n se tradujo en duros enfrentamientos verbales, ya que los transportistas reclaman por tener que estar expuestos a que sus cargas sean robadas durante la noche y corriendo el riesgo de no poder entregarlas a tiempo en sus destinos.<br \/>\nAntes que la situaci\u00f3n pasara a mayores, personal de Carabineros debi\u00f3 concurrir hasta el lugar y dialogar con los camioneros a fin de que permitieran la salida de los aduaneros del Puerto Terrestre, situaci\u00f3n que finalmente se logr\u00f3.<br \/>\nDe mantenerse la paralizaci\u00f3n, no se descartan nuevas medidas de fuerza por parte de los camioneros.<\/p>\n","protected":false},"excerpt":{"rendered":"<p>Choferes est\u00e1n indignados con el paro de ese servicio que hace muy lento el despacho de las cargas. LOS ANDES.&#8211; Una tensa situaci\u00f3n se vivi\u00f3 la tarde del pasado martes en las&#8230;<\/p>\n","protected":false},"author":482,"featured_media":58411,"comment_status":"open","ping_status":"open","sticky":false,"template":"","format":"standard","meta":{"advanced_seo_description":"","jetpack_seo_html_title":"","jetpack_seo_noindex":false,"_jetpack_memberships_contains_paid_content":false,"footnotes":""},"categories":[15],"tags":[],"class_list":["post-58410","post","type-post","status-publish","format-standard","has-post-thumbnail","hentry","category-comunidad"],"jetpack_featured_media_url":"https:\/\/i0.wp.com\/eltrabajo.cl\/portal\/wp-content\/uploads\/2015\/05\/camioneros-aduana4.jpg?fit=530%2C350&ssl=1","jetpack_sharing_enabled":true,"jetpack_likes_enabled":true,"jetpack-related-posts":[],"_links":{"self":[{"href":"https:\/\/eltrabajo.cl\/portal\/wp-json\/wp\/v2\/posts\/58410","targetHints":{"allow":["GET"]}}],"collection":[{"href":"https:\/\/eltrabajo.cl\/portal\/wp-json\/wp\/v2\/posts"}],"about":[{"href":"https:\/\/eltrabajo.cl\/portal\/wp-json\/wp\/v2\/types\/post"}],"author":[{"embeddable":true,"href":"https:\/\/eltrabajo.cl\/portal\/wp-json\/wp\/v2\/users\/482"}],"replies":[{"embeddable":true,"href":"https:\/\/eltrabajo.cl\/portal\/wp-json\/wp\/v2\/comments?post=58410"}],"version-history":[{"count":0,"href":"https:\/\/eltrabajo.cl\/portal\/wp-json\/wp\/v2\/posts\/58410\/revisions"}],"wp:featuredmedia":[{"embeddable":true,"href":"https:\/\/eltrabajo.cl\/portal\/wp-json\/wp\/v2\/media\/58411"}],"wp:attachment":[{"href":"https:\/\/eltrabajo.cl\/portal\/wp-json\/wp\/v2\/media?parent=58410"}],"wp:term":[{"taxonomy":"category","embeddable":true,"href":"https:\/\/eltrabajo.cl\/portal\/wp-json\/wp\/v2\/categories?post=58410"},{"taxonomy":"post_tag","embeddable":true,"href":"https:\/\/eltrabajo.cl\/portal\/wp-json\/wp\/v2\/tags?post=58410"}],"curies":[{"name":"wp","href":"https:\/\/api.w.org\/{rel}","templated":true}]}}