{"id":58424,"date":"2015-05-28T09:37:32","date_gmt":"2015-05-28T12:37:32","guid":{"rendered":"http:\/\/www.eltrabajo.cl\/portal\/?p=58424"},"modified":"2015-05-28T09:37:32","modified_gmt":"2015-05-28T12:37:32","slug":"con-multitudinaria-asistencia-se-realizo-expo-carabineros-2015","status":"publish","type":"post","link":"https:\/\/eltrabajo.cl\/portal\/con-multitudinaria-asistencia-se-realizo-expo-carabineros-2015\/","title":{"rendered":"Con multitudinaria asistencia se realiz\u00f3 Expo Carabineros 2015"},"content":{"rendered":"<figure id=\"attachment_58425\" aria-describedby=\"caption-attachment-58425\" style=\"width: 300px\" class=\"wp-caption alignleft\"><a href=\"https:\/\/i0.wp.com\/www.eltrabajo.cl\/portal\/wp-content\/uploads\/2015\/05\/expo-carabineros-8.jpg\"><img data-recalc-dims=\"1\" loading=\"lazy\" decoding=\"async\" class=\"wp-image-58425 size-medium\" src=\"https:\/\/i0.wp.com\/www.eltrabajo.cl\/portal\/wp-content\/uploads\/2015\/05\/expo-carabineros-8-300x197.jpg?resize=300%2C197\" alt=\"En la actividad, los estudiantes pudieron probarse los implementos policiales de seguridad, como son el uso de protecciones y cascos.\" width=\"300\" height=\"197\" srcset=\"https:\/\/i0.wp.com\/eltrabajo.cl\/portal\/wp-content\/uploads\/2015\/05\/expo-carabineros-8.jpg?resize=300%2C197&amp;ssl=1 300w, https:\/\/i0.wp.com\/eltrabajo.cl\/portal\/wp-content\/uploads\/2015\/05\/expo-carabineros-8.jpg?resize=200%2C131&amp;ssl=1 200w, https:\/\/i0.wp.com\/eltrabajo.cl\/portal\/wp-content\/uploads\/2015\/05\/expo-carabineros-8.jpg?resize=228%2C150&amp;ssl=1 228w, https:\/\/i0.wp.com\/eltrabajo.cl\/portal\/wp-content\/uploads\/2015\/05\/expo-carabineros-8.jpg?resize=400%2C263&amp;ssl=1 400w, https:\/\/i0.wp.com\/eltrabajo.cl\/portal\/wp-content\/uploads\/2015\/05\/expo-carabineros-8.jpg?w=530&amp;ssl=1 530w\" sizes=\"auto, (max-width: 300px) 100vw, 300px\" \/><\/a><figcaption id=\"caption-attachment-58425\" class=\"wp-caption-text\">En la actividad, los estudiantes pudieron probarse los implementos policiales de seguridad, como son el uso de protecciones y cascos.<\/figcaption><\/figure>\n<p>Cerca de 400 estudiantes, de colegios p\u00fablicos y privados de las ciudades de Los Andes y San Felipe, participaron en la segunda versi\u00f3n de la Expo Carabineros, que realiz\u00f3 el \u00c1rea de Difusi\u00f3n de la Oficina de Postulaciones Aconcagua.<br \/>\nLa actividad, que se desarroll\u00f3 en el patio de la Prefectura Aconcagua y en dependencias de la Segunda Comisar\u00eda, tuvo como principal objetivo, dar a conocer el trabajo que realiza la polic\u00eda uniformada, a trav\u00e9s de sus diversas funciones y especialidades.<\/p>\n<figure id=\"attachment_58426\" aria-describedby=\"caption-attachment-58426\" style=\"width: 300px\" class=\"wp-caption alignright\"><a href=\"https:\/\/i0.wp.com\/www.eltrabajo.cl\/portal\/wp-content\/uploads\/2015\/05\/expo-carabineros-9.jpg\"><img data-recalc-dims=\"1\" loading=\"lazy\" decoding=\"async\" class=\"wp-image-58426 size-medium\" src=\"https:\/\/i0.wp.com\/www.eltrabajo.cl\/portal\/wp-content\/uploads\/2015\/05\/expo-carabineros-9-300x198.jpg?resize=300%2C198\" alt=\"Otros alumnos, no perdieron la oportunidad de montar los caballos que Carabineros utiliza en patrullajes fronterizos.\" width=\"300\" height=\"198\" srcset=\"https:\/\/i0.wp.com\/eltrabajo.cl\/portal\/wp-content\/uploads\/2015\/05\/expo-carabineros-9.jpg?resize=300%2C198&amp;ssl=1 300w, https:\/\/i0.wp.com\/eltrabajo.cl\/portal\/wp-content\/uploads\/2015\/05\/expo-carabineros-9.jpg?resize=200%2C132&amp;ssl=1 200w, https:\/\/i0.wp.com\/eltrabajo.cl\/portal\/wp-content\/uploads\/2015\/05\/expo-carabineros-9.jpg?resize=227%2C150&amp;ssl=1 227w, https:\/\/i0.wp.com\/eltrabajo.cl\/portal\/wp-content\/uploads\/2015\/05\/expo-carabineros-9.jpg?resize=400%2C264&amp;ssl=1 400w, https:\/\/i0.wp.com\/eltrabajo.cl\/portal\/wp-content\/uploads\/2015\/05\/expo-carabineros-9.jpg?w=530&amp;ssl=1 530w\" sizes=\"auto, (max-width: 300px) 100vw, 300px\" \/><\/a><figcaption id=\"caption-attachment-58426\" class=\"wp-caption-text\">Otros alumnos, no perdieron la oportunidad de montar los caballos que Carabineros utiliza en patrullajes fronterizos.<\/figcaption><\/figure>\n<p>En tanto, desde el ingreso al cuartel, los visitantes comenzaban un recorrido por m\u00f3dulos que instalaron las especialidades SIAT, OS7, Monta\u00f1a y Frontera, adem\u00e1s de acceso a la Central de Comunicaciones (Cenco), y a los principales veh\u00edculos que utiliza Carabineros en sus patrullajes.<br \/>\nAsimismo, los alumnos abordaron el bus de Fuerzas Especiales, vivieron la experiencia de probarse un casco y un chaleco antibalas, y finalmente, no desaprovecharon la oportunidad de montar los caballos que la polic\u00eda uniformada utiliza en patrullajes fronterizos, los cuales, llegaron con sus jinetes especializados desde el Ret\u00e9n de Carabineros \u2018Los Patos\u2019.<\/p>\n","protected":false},"excerpt":{"rendered":"<p>Cerca de 400 estudiantes, de colegios p\u00fablicos y privados de las ciudades de Los Andes y San Felipe, participaron en la segunda versi\u00f3n de la Expo Carabineros, que realiz\u00f3 el \u00c1rea de&#8230;<\/p>\n","protected":false},"author":482,"featured_media":58425,"comment_status":"open","ping_status":"open","sticky":false,"template":"","format":"standard","meta":{"advanced_seo_description":"","jetpack_seo_html_title":"","jetpack_seo_noindex":false,"_jetpack_memberships_contains_paid_content":false,"footnotes":""},"categories":[15],"tags":[],"class_list":["post-58424","post","type-post","status-publish","format-standard","has-post-thumbnail","hentry","category-comunidad"],"jetpack_featured_media_url":"https:\/\/i0.wp.com\/eltrabajo.cl\/portal\/wp-content\/uploads\/2015\/05\/expo-carabineros-8.jpg?fit=530%2C348&ssl=1","jetpack_sharing_enabled":true,"jetpack_likes_enabled":true,"jetpack-related-posts":[],"_links":{"self":[{"href":"https:\/\/eltrabajo.cl\/portal\/wp-json\/wp\/v2\/posts\/58424","targetHints":{"allow":["GET"]}}],"collection":[{"href":"https:\/\/eltrabajo.cl\/portal\/wp-json\/wp\/v2\/posts"}],"about":[{"href":"https:\/\/eltrabajo.cl\/portal\/wp-json\/wp\/v2\/types\/post"}],"author":[{"embeddable":true,"href":"https:\/\/eltrabajo.cl\/portal\/wp-json\/wp\/v2\/users\/482"}],"replies":[{"embeddable":true,"href":"https:\/\/eltrabajo.cl\/portal\/wp-json\/wp\/v2\/comments?post=58424"}],"version-history":[{"count":0,"href":"https:\/\/eltrabajo.cl\/portal\/wp-json\/wp\/v2\/posts\/58424\/revisions"}],"wp:featuredmedia":[{"embeddable":true,"href":"https:\/\/eltrabajo.cl\/portal\/wp-json\/wp\/v2\/media\/58425"}],"wp:attachment":[{"href":"https:\/\/eltrabajo.cl\/portal\/wp-json\/wp\/v2\/media?parent=58424"}],"wp:term":[{"taxonomy":"category","embeddable":true,"href":"https:\/\/eltrabajo.cl\/portal\/wp-json\/wp\/v2\/categories?post=58424"},{"taxonomy":"post_tag","embeddable":true,"href":"https:\/\/eltrabajo.cl\/portal\/wp-json\/wp\/v2\/tags?post=58424"}],"curies":[{"name":"wp","href":"https:\/\/api.w.org\/{rel}","templated":true}]}}